{"id":38713,"date":"2025-09-18T13:11:08","date_gmt":"2025-09-18T13:11:08","guid":{"rendered":"https:\/\/www.europesays.com\/no\/38713\/"},"modified":"2025-09-18T13:11:08","modified_gmt":"2025-09-18T13:11:08","slug":"eliteserien-spiller-tiltalt-i-voldssak","status":"publish","type":"post","link":"https:\/\/www.europesays.com\/no\/38713\/","title":{"rendered":"Eliteserien: Spiller tiltalt i voldssak"},"content":{"rendered":"\n<p class=\"_lead_ew2ao_2 _lead_xtcu6_50 layout-component text-serif-m layout-normal text-serif-l layout-component layout-wide layout-padded _wide_17hqh_1 layout-padded\">En spiller i norsk toppklubb i fotball m\u00e5 m\u00f8te i retten denne h\u00f8sten.<\/p>\n<p><img alt=\" Foto: Bj\u00f8rn S. Delebekk \/ VG\" class=\"_image_qp4xg_65 layout-component layout-wide\" data-fullscreen- data-track-element-type=\"Article image fullscreen\" data-track-name=\"ImageFullscreen\" fetchpriority=\"high\" decoding=\"sync\" loading=\"eager\" height=\"3712\" itemprop=\"image\"  src=\"https:\/\/www.europesays.com\/no\/wp-content\/uploads\/2025\/09\/8d51a47c-821d-4955-a3a8-35498f9f2b73\"  style=\"object-position:0% 0%\" width=\"5568\"\/> Foto: Bj\u00f8rn S. Delebekk \/ VG<\/p>\n<ul aria-hidden=\"true\" class=\"_images_1y6fe_106\">\n<li><a class=\"_link_1y6fe_111\" href=\"https:\/\/www.vg.no\/forfatter\/oeyvind-herrebroeden\" style=\"z-index:2\" title=\"\u00d8yvind Herrebr\u00f8den\" rel=\"nofollow noopener\" target=\"_blank\"><img alt=\"Bilde av \u00d8yvind Herrebr\u00f8den\" class=\"_image_1y6fe_88\" fetchpriority=\"low\" loading=\"lazy\" decoding=\"async\" itemprop=\"image\"  src=\"https:\/\/www.europesays.com\/no\/wp-content\/uploads\/2025\/09\/1758201068_294_8bb7c2c0-7083-4b77-a732-7b476449021f\"  width=\"480\"\/><\/a><\/li>\n<li><a class=\"_link_1y6fe_111\" href=\"https:\/\/www.vg.no\/forfatter\/synne-sofie-christiansen-2\" style=\"z-index:1\" title=\"Synne Sofie Christiansen\" rel=\"nofollow noopener\" target=\"_blank\"><img alt=\"Bilde av Synne Sofie Christiansen\" class=\"_image_1y6fe_88\" fetchpriority=\"low\" loading=\"lazy\" decoding=\"async\" itemprop=\"image\"  src=\"https:\/\/www.europesays.com\/no\/wp-content\/uploads\/2025\/09\/1758201068_128_8d683f6f-f2ba-47ca-8bcc-2db625b33cb1\"  width=\"480\"\/><\/a><\/li>\n<\/ul>\n<p> Oppdatert torsdag 18. september kl. 14:44     <\/p>\n<p class=\"_paragraph_ew2ao_4 _paragraph_xtcu6_10 layout-component text-serif-m layout-normal text-serif-m layout-padded\">Spilleren er tiltalttiltalt\u00c5 v\u00e6re tiltalt betyr at p\u00e5talemyndigheten\/politiet mener det er grunnlag for \u00e5 f\u00f8re en straffesak mot en person for en kriminell handling. for medvirkning til kroppsskade. Han erkjenner ikke straffskyld, opplyser b\u00e5de mannens advokat og statsadvokaten i saken til VG.<\/p>\n<p class=\"_paragraph_ew2ao_4 _paragraph_xtcu6_10 layout-component text-serif-m layout-normal text-serif-m layout-padded\">I den samme tiltalen er \u00e9n mann tiltalt for drapsfors\u00f8k p\u00e5 en annen mann etter et angrep med flere knivstikk. Forn\u00e6rmedeForn\u00e6rmedeForn\u00e6rmede er den personen som har blitt utsatt for en kriminell handling og som saken handler om. i saken overlevde \u2013 fordi han raskt fikk livreddende behandling, if\u00f8lge tiltalen. <\/p>\n<p class=\"_paragraph_ew2ao_4 _paragraph_xtcu6_10 layout-component text-serif-m layout-normal text-serif-m layout-padded\">Fotballspilleren er alts\u00e5 <strong class=\"_strong_ew2ao_25\">ikke<\/strong> tiltalt for drapsfors\u00f8ket, men for medvirkning til kroppsskade.<\/p>\n<p class=\"_paragraph_ew2ao_4 _paragraph_xtcu6_10 layout-component text-serif-m layout-normal text-serif-m layout-padded\">\u2013 Saken er en mindre sidesak til en alvorlig sak. Han er anklaget for \u00e5 ha en rolle som er veldig marginal, men det nekter han straffskyld for, sier spillerens advokat til VG.<\/p>\n<p class=\"_paragraph_ew2ao_4 _paragraph_xtcu6_10 layout-component text-serif-m layout-normal text-serif-m layout-padded\">Politiet mener at fotballspilleren medvirket til kroppsskaden ved \u00e5 sende meldinger i forkant til mannen som er tiltalt for selve drapsfors\u00f8ket. Tiltalen viser til at fotballspilleren skal ha \u00aboppfordret og tilskyndet til voldsut\u00f8velse\u00bb mot mannen som senere ble angrepet.<\/p>\n<p class=\"_paragraph_ew2ao_4 _paragraph_xtcu6_10 layout-component text-serif-m layout-normal text-serif-m layout-padded\">\u2013 Det dreier seg om sp\u00f8rsm\u00e5l om noen meldinger som er sendt, kan v\u00e6re en medvirkningshandling. Vi mener klart at dette ikke er tilfelle i denne saken, fortsetter advokaten.<\/p>\n<p class=\"_paragraph_ew2ao_4 _paragraph_xtcu6_10 layout-component text-serif-m layout-normal text-serif-m layout-padded\">\u2013 Strafferammen for medvirkning til kroppsskade er den samme som for kroppsskade: Fengsel i inntil seks \u00e5r, opplyser statsadvokaten i saken og sier det \u00abikke er uvanlig\u00bb med b\u00e5de tiltaler og dommer i norsk rettssystem p\u00e5 denne type medvirkning.<\/p>\n<p class=\"_paragraph_ew2ao_4 _paragraph_xtcu6_10 layout-component text-serif-m layout-normal text-serif-m layout-padded\">Fotballspillerens advokat ser det annerledes:<\/p>\n<p class=\"_paragraph_ew2ao_4 _paragraph_xtcu6_10 layout-component text-serif-m layout-normal text-serif-m layout-padded\">\u2013 Det er utenkelig \u00e5 tenke s\u00e5nne tall for medvirkning til kroppsskade: Vi snakker is\u00e5fall m\u00e5neder og ikke \u00e5r, sier advokaten.<\/p>\n<p class=\"_paragraph_ew2ao_4 _paragraph_xtcu6_10 layout-component text-serif-m layout-normal text-serif-m layout-padded\">\u2013 Hvordan ser din klient p\u00e5 sin videre fotballkarriere?<\/p>\n<p class=\"_paragraph_ew2ao_4 _paragraph_xtcu6_10 layout-component text-serif-m layout-normal text-serif-m layout-padded\">\u2013 Vi ser for oss at han skal bli frifunnet for dette, fastholder han.<\/p>\n<p class=\"_paragraph_ew2ao_4 _paragraph_xtcu6_10 layout-component text-serif-m layout-normal text-serif-m layout-padded\">Tiltalebeslutningen er datert 28. august. Etter dette har spilleren v\u00e6rt p\u00e5 banen i kamp for sin klubb.<\/p>\n","protected":false},"excerpt":{"rendered":"En spiller i norsk toppklubb i fotball m\u00e5 m\u00f8te i retten denne h\u00f8sten. Foto: Bj\u00f8rn S. Delebekk \/&hellip;\n","protected":false},"author":2,"featured_media":38714,"comment_status":"","ping_status":"","sticky":false,"template":"","format":"standard","meta":{"footnotes":""},"categories":[59],"tags":[134,30,28,29,83,82],"class_list":{"0":"post-38713","1":"post","2":"type-post","3":"status-publish","4":"format-standard","5":"has-post-thumbnail","7":"category-sport","8":"tag-eliteserien","9":"tag-no","10":"tag-norge","11":"tag-norway","12":"tag-sport","13":"tag-sports"},"share_on_mastodon":{"url":"","error":""},"_links":{"self":[{"href":"https:\/\/www.europesays.com\/no\/wp-json\/wp\/v2\/posts\/38713","targetHints":{"allow":["GET"]}}],"collection":[{"href":"https:\/\/www.europesays.com\/no\/wp-json\/wp\/v2\/posts"}],"about":[{"href":"https:\/\/www.europesays.com\/no\/wp-json\/wp\/v2\/types\/post"}],"author":[{"embeddable":true,"href":"https:\/\/www.europesays.com\/no\/wp-json\/wp\/v2\/users\/2"}],"replies":[{"embeddable":true,"href":"https:\/\/www.europesays.com\/no\/wp-json\/wp\/v2\/comments?post=38713"}],"version-history":[{"count":0,"href":"https:\/\/www.europesays.com\/no\/wp-json\/wp\/v2\/posts\/38713\/revisions"}],"wp:featuredmedia":[{"embeddable":true,"href":"https:\/\/www.europesays.com\/no\/wp-json\/wp\/v2\/media\/38714"}],"wp:attachment":[{"href":"https:\/\/www.europesays.com\/no\/wp-json\/wp\/v2\/media?parent=38713"}],"wp:term":[{"taxonomy":"category","embeddable":true,"href":"https:\/\/www.europesays.com\/no\/wp-json\/wp\/v2\/categories?post=38713"},{"taxonomy":"post_tag","embeddable":true,"href":"https:\/\/www.europesays.com\/no\/wp-json\/wp\/v2\/tags?post=38713"}],"curies":[{"name":"wp","href":"https:\/\/api.w.org\/{rel}","templated":true}]}}