{"id":38800,"date":"2025-09-18T14:52:35","date_gmt":"2025-09-18T14:52:35","guid":{"rendered":"https:\/\/www.europesays.com\/no\/38800\/"},"modified":"2025-09-18T14:52:35","modified_gmt":"2025-09-18T14:52:35","slug":"reagerer-lynraskt-pa-norges-banks-rentekutt","status":"publish","type":"post","link":"https:\/\/www.europesays.com\/no\/38800\/","title":{"rendered":"Reagerer lynraskt p\u00e5 Norges Banks rentekutt"},"content":{"rendered":"<p>Umiddelbart etter <a href=\"https:\/\/www.finansavisen.no\/makro\/2025\/09\/18\/8294086\/norges-bank-kutter-styringsrenten\" target=\"_blank\" rel=\"nofollow noopener\">Norges Banks beslutning om \u00e5 senke styringsrenten torsdag formiddag<\/a>, opplyser Obos-banken at ogs\u00e5 den setter ned renten\u00a0\u2013 med inntil 0,25 prosentpoeng.<\/p>\n<p>Dette blir Obos-bankens tredje rentekutt p\u00e5 et halv\u00e5r. Det f\u00f8rste kom etter Norges Banks beslutning om uendret styringsrente i mars, det andre etter sentralbankens rentekutt i juni.<\/p>\n<p>\u2013 Det har v\u00e6rt spenning i markedet knyttet til om det ble kutt. Den har vi fulgt med stor iver, og n\u00e5 f\u00f8lger vi naturligvis etter, sier Tore Weldingh, sjef for Obos-banken, i meldingen. Han opplyser at Obos-bankens beste betingelser vil ligge\u00a0\u00abgodt under fem prosent\u00bb.<\/p>\n<p class=\"subhead\" data-element-type=\"subhead\" data-element-label=\"Mellomtittel\">\u2013 Stor spenning<\/p>\n<p>Blant de Oslo B\u00f8rs-noterte bankene var Sparebanken Norge tidligst ute med \u00e5 kunngj\u00f8re rentekutt for boligl\u00e5n og innskudd. Renten p\u00e5 boligl\u00e5n og innskudd senkes med inntil 0,25 prosentpoeng.<\/p>\n<p><b>DNB senker ogs\u00e5 renten p\u00e5 boligl\u00e5n og innskudd med inntil 0,25 prosentpoeng.<\/b><\/p>\n<p class=\"\">\u2013 Spenningen knyttet til dagens rentebeslutning var stor. Jeg er glad for at vi kan f\u00f8lge opp med \u00e5 varsle et boligl\u00e5nskutt til v\u00e5re kunder, sier Maria Ervik L\u00f8vold, konserndirekt\u00f8r for personmarked i DNB, i en melding.<\/p>\n<p><img decoding=\"async\" class=\"lazyload \" src=\"https:\/\/www.europesays.com\/no\/wp-content\/uploads\/2025\/09\/1758207155_623_pipe\"  data- alt=\"\"\/><\/p>\n<p>\u2013 STOR SPENNING: Maria Ervik L\u00f8vold, direkt\u00f8r for personmarked i DNB. <strong>Foto: Stig B. Fiksdal<\/strong><\/p>\n<p class=\"\">DNB byr n\u00e5 p\u00e5 en flytende boligl\u00e5nsrente p\u00e5 4,99 prosent for unge kunder og f\u00f8rstegangskj\u00f8pere.<\/p>\n<p class=\"\">SpareBank 1 Helgeland, SpareBank 1 Nordm\u00f8re, SpareBank 1 Nord-Norge, SpareBank 1 SMN, SpareBank 1 S\u00f8r-Norge, SpareBank 1 \u00d8stfold Akershus, SpareBank 1 \u00d8stlandet, Sparebanken M\u00f8re og Sparebanken \u00d8st har fulgt opp med kutt p\u00e5 inntil 0,25 prosentpoeng i sine utl\u00e5ns- og innskuddsrenter.<\/p>\n<p class=\"\">Videre har Handelsbanken og Nordea kuttet rentene p\u00e5 boligl\u00e5n og innskudd med inntil 0,25 prosentpoeng etter torsdagens rentebeslutning fra Norges Bank.<\/p>\n<p class=\"subhead\" data-element-type=\"subhead\" data-element-label=\"Mellomtittel\">Dobbelt rentekutt<\/p>\n<p class=\"\">KLP Banken var ogs\u00e5 raskt ute med rentekutt etter torsdagens rentebeslutning.\u00a0De senker imidlertid renten p\u00e5 boligl\u00e5n med dobbelt s\u00e5 mye som Norges Banks kutt \u2013 0,50 prosentpoeng.<\/p>\n<p class=\"\">Rentekuttet gjelder for alle ordin\u00e6re boligl\u00e5n i KLP Banken med flytende rente, opplyses det. Innskuddsrentene nedjusteres samtidig med inntil 0,25 prosentpoeng.<\/p>\n<p class=\"\">Beste boligl\u00e5nsrente hos KLP Banken blir 4,55 prosent nominelt for f\u00f8rstehjemsl\u00e5n for unge KLP-medlemmer, mens beste innskuddsrente blir 4,05 prosent nominelt for alle kunder.<\/p>\n<p class=\"\">Bulder Banks rentekutt blir p\u00e5 0,25 prosentpoeng, og gjelder alle rentetrinn. Deres laveste boligl\u00e5nsrente blir f\u00f8lgelig 4,80 prosent nominelt og 4,91 prosent effektivt.<\/p>\n<p class=\"\"><b>\u2013 Vi jubler for at Norges Bank setter ned renten i dag og vet at kundene v\u00e5re gj\u00f8r det samme, sier Bulder-sjef Simen Eilertsen i en melding.<\/b><\/p>\n<p class=\"\">Fana Sparebank setter ogs\u00e5 ned renten med inntil 0,25 prosentpoeng for sine boligl\u00e5nskunder. SpareBank 1 Sogn og Fjordane kutter med 0,25 prosentpoeng for l\u00e5n og innskudd for nye og eksisterende kunder.<\/p>\n","protected":false},"excerpt":{"rendered":"Umiddelbart etter Norges Banks beslutning om \u00e5 senke styringsrenten torsdag formiddag, opplyser Obos-banken at ogs\u00e5 den setter ned&hellip;\n","protected":false},"author":2,"featured_media":38801,"comment_status":"","ping_status":"","sticky":false,"template":"","format":"standard","meta":{"footnotes":""},"categories":[5],"tags":[20,21,24,25,15,19,6141,22,23,17,18,13,30,4429,28,29,14,6140,16,26,27],"class_list":{"0":"post-38800","1":"post","2":"type-post","3":"status-publish","4":"format-standard","5":"has-post-thumbnail","7":"category-overskrifter","8":"tag-breaking-news","9":"tag-breakingnews","10":"tag-featured-news","11":"tag-featurednews","12":"tag-headlines","13":"tag-hovedoppslag","14":"tag-klp-banken","15":"tag-latest-news","16":"tag-latestnews","17":"tag-main-news","18":"tag-mainnews","19":"tag-news","20":"tag-no","21":"tag-nordea","22":"tag-norge","23":"tag-norway","24":"tag-nyheter","25":"tag-obos-banken","26":"tag-overskrifter","27":"tag-top-stories","28":"tag-topstories"},"share_on_mastodon":{"url":"","error":""},"_links":{"self":[{"href":"https:\/\/www.europesays.com\/no\/wp-json\/wp\/v2\/posts\/38800","targetHints":{"allow":["GET"]}}],"collection":[{"href":"https:\/\/www.europesays.com\/no\/wp-json\/wp\/v2\/posts"}],"about":[{"href":"https:\/\/www.europesays.com\/no\/wp-json\/wp\/v2\/types\/post"}],"author":[{"embeddable":true,"href":"https:\/\/www.europesays.com\/no\/wp-json\/wp\/v2\/users\/2"}],"replies":[{"embeddable":true,"href":"https:\/\/www.europesays.com\/no\/wp-json\/wp\/v2\/comments?post=38800"}],"version-history":[{"count":0,"href":"https:\/\/www.europesays.com\/no\/wp-json\/wp\/v2\/posts\/38800\/revisions"}],"wp:featuredmedia":[{"embeddable":true,"href":"https:\/\/www.europesays.com\/no\/wp-json\/wp\/v2\/media\/38801"}],"wp:attachment":[{"href":"https:\/\/www.europesays.com\/no\/wp-json\/wp\/v2\/media?parent=38800"}],"wp:term":[{"taxonomy":"category","embeddable":true,"href":"https:\/\/www.europesays.com\/no\/wp-json\/wp\/v2\/categories?post=38800"},{"taxonomy":"post_tag","embeddable":true,"href":"https:\/\/www.europesays.com\/no\/wp-json\/wp\/v2\/tags?post=38800"}],"curies":[{"name":"wp","href":"https:\/\/api.w.org\/{rel}","templated":true}]}}