{"id":38812,"date":"2025-09-18T15:16:21","date_gmt":"2025-09-18T15:16:21","guid":{"rendered":"https:\/\/www.europesays.com\/no\/38812\/"},"modified":"2025-09-18T15:16:21","modified_gmt":"2025-09-18T15:16:21","slug":"jeg-skjot-ham-dagbladet","status":"publish","type":"post","link":"https:\/\/www.europesays.com\/no\/38812\/","title":{"rendered":"&#8211; Jeg skj\u00f8t ham &#8211; Dagbladet"},"content":{"rendered":"<ol>\n<li><a href=\"https:\/\/news.google.com\/rss\/articles\/CBMiZkFVX3lxTFBUR0F2QVQwdnpOaFlDQ2JJYmFVTzlONUVMbmNOWkk1RUpkT0tsdERnNEYyNDRQeE9PVU02cG5XbTFxZGs0U3MxRzRCR3J0T0M0ZTBQekJqVXA1ZUx3VURTYmQwLVNkUQ?oc=5\" target=\"_blank\" rel=\"nofollow noopener\">&#8211; Jeg skj\u00f8t ham<\/a>&nbsp;&nbsp;Dagbladet<\/li>\n<li><a href=\"https:\/\/news.google.com\/rss\/articles\/CBMiuAFBVV95cUxPajdHQ3V2SnlxZzlFUzFoLUNSN1owWDJoMEhPTDU2dzdDNjFLMXZ2WEhRZnlNSjNMclJyM3VUbmcwT0FtTUd5Nm1rakZoY1pjM3hISnRzVU10eFEtVGZCS3h6Q05pdTZWQjZHalZlRHZtWWc2OUc1YlJYeDBxU3NDaHpKdTNMaGhlQjVSaUlBcFRuWERJS0pvMG5ieHhxOEN5aDRiTXVQcE9SNklGcWF2ZzB1UEt3Z1Ff?oc=5\" target=\"_blank\" rel=\"nofollow noopener\">Moelven permitterer 140 etter rekordproduksjon (+)<\/a>&nbsp;&nbsp;Dagens N\u00e6ringsliv<\/li>\n<li><a href=\"https:\/\/news.google.com\/rss\/articles\/CBMid0FVX3lxTE1USm9CX0FpQl81LXRRV0l6QWlNYmRSMzctWHB6U19jdGJlOERLdHhUQmRCU0Q1dmJ4N0FISXFuVTdfckZiLUc1QU1vdnVlNTZ2SEN5UTlNQzZjTmJ4VDZfUkFwZ093YThjZ1h3djhERDVUNXRUTEFB?oc=5\" target=\"_blank\" rel=\"nofollow noopener\">\u00abJeg fikk nok av hatet hans\u00bb<\/a>&nbsp;&nbsp;Dagbladet<\/li>\n<li><a href=\"https:\/\/news.google.com\/rss\/articles\/CBMivwFBVV95cUxNRmpkSXAwNWp0M0paTHFsaUNYS2tuWGVNY2FXaTVGdVM5S2R2YjN2cUJieUllMFM1OVRqN3JhUEFDRGRXSWFWamQ5OUxQUVdVRmszOHQ0bi1UYWUxd2dlY28zM0NvaHhCeTYwMjlHdE5FTGxNUFZERzhsSDExc0VpRGNvZ01IM3BRanF3cDlCSkF4MDA4dXEybnVnWUtVUFg3bk9NT054WTBKV21LcUk2dk5lZkNsNFlBc2ZPa01ncw?oc=5\" target=\"_blank\" rel=\"nofollow noopener\">Debatten om drapet p\u00e5 Charlie Kirk er for enkel<\/a>&nbsp;&nbsp;Aftenposten<\/li>\n<li><a href=\"https:\/\/news.google.com\/rss\/articles\/CBMiogFBVV95cUxPa2ZpaTFjV0xhemkxdzJQS09KOGFwNE5sQ0ZzV0pwVzVoZDUwckdUSHJJRFVMVjRhRzlJYTBBMENDTWUxTzNaZ2NuNmRGNjFKQVhlOTR3RUlmZS15dVBIamdnamlub2dFajNiMTltU2RwN1hWaURWM2M5dkY0VTRRY2xzMHlJMWQ4MWxnNXE0SDZEeDE2SWhsWlFUbTE0MmFCUHc?oc=5\" target=\"_blank\" rel=\"nofollow noopener\">En psykologistudent b\u00f8r vite bedre enn \u00e5 beg\u00e5 et karakterdrap p\u00e5 Charlie Kirk<\/a>&nbsp;&nbsp;Stavanger Aftenblad<\/li>\n<\/ol>\n","protected":false},"excerpt":{"rendered":"&#8211; Jeg skj\u00f8t ham&nbsp;&nbsp;Dagbladet Moelven permitterer 140 etter rekordproduksjon (+)&nbsp;&nbsp;Dagens N\u00e6ringsliv \u00abJeg fikk nok av hatet hans\u00bb&nbsp;&nbsp;Dagbladet Debatten&hellip;\n","protected":false},"author":2,"featured_media":38813,"comment_status":"","ping_status":"","sticky":false,"template":"","format":"standard","meta":{"footnotes":""},"categories":[5],"tags":[20,21,5099,55,24,25,15,19,22,23,17,18,13,30,28,29,14,16,26,27,412],"class_list":{"0":"post-38812","1":"post","2":"type-post","3":"status-publish","4":"format-standard","5":"has-post-thumbnail","7":"category-overskrifter","8":"tag-breaking-news","9":"tag-breakingnews","10":"tag-charlie-kirk","11":"tag-donald-trump","12":"tag-featured-news","13":"tag-featurednews","14":"tag-headlines","15":"tag-hovedoppslag","16":"tag-latest-news","17":"tag-latestnews","18":"tag-main-news","19":"tag-mainnews","20":"tag-news","21":"tag-no","22":"tag-norge","23":"tag-norway","24":"tag-nyheter","25":"tag-overskrifter","26":"tag-top-stories","27":"tag-topstories","28":"tag-utenriks"},"share_on_mastodon":{"url":"","error":""},"_links":{"self":[{"href":"https:\/\/www.europesays.com\/no\/wp-json\/wp\/v2\/posts\/38812","targetHints":{"allow":["GET"]}}],"collection":[{"href":"https:\/\/www.europesays.com\/no\/wp-json\/wp\/v2\/posts"}],"about":[{"href":"https:\/\/www.europesays.com\/no\/wp-json\/wp\/v2\/types\/post"}],"author":[{"embeddable":true,"href":"https:\/\/www.europesays.com\/no\/wp-json\/wp\/v2\/users\/2"}],"replies":[{"embeddable":true,"href":"https:\/\/www.europesays.com\/no\/wp-json\/wp\/v2\/comments?post=38812"}],"version-history":[{"count":0,"href":"https:\/\/www.europesays.com\/no\/wp-json\/wp\/v2\/posts\/38812\/revisions"}],"wp:featuredmedia":[{"embeddable":true,"href":"https:\/\/www.europesays.com\/no\/wp-json\/wp\/v2\/media\/38813"}],"wp:attachment":[{"href":"https:\/\/www.europesays.com\/no\/wp-json\/wp\/v2\/media?parent=38812"}],"wp:term":[{"taxonomy":"category","embeddable":true,"href":"https:\/\/www.europesays.com\/no\/wp-json\/wp\/v2\/categories?post=38812"},{"taxonomy":"post_tag","embeddable":true,"href":"https:\/\/www.europesays.com\/no\/wp-json\/wp\/v2\/tags?post=38812"}],"curies":[{"name":"wp","href":"https:\/\/api.w.org\/{rel}","templated":true}]}}