{"id":38850,"date":"2025-09-18T16:07:13","date_gmt":"2025-09-18T16:07:13","guid":{"rendered":"https:\/\/www.europesays.com\/no\/38850\/"},"modified":"2025-09-18T16:07:13","modified_gmt":"2025-09-18T16:07:13","slug":"bandet-matte-overnatte-hos-en-drita-gubbe-som-danset-naken-rundt-i-huset","status":"publish","type":"post","link":"https:\/\/www.europesays.com\/no\/38850\/","title":{"rendered":"\u2013 Bandet m\u00e5tte overnatte hos en drita gubbe som danset naken rundt i huset"},"content":{"rendered":"<p>Thea har i mange \u00e5r markert seg sterkt, b\u00e5de som medlem av bandet Norma Sass, men de siste \u00e5rene har hun sl\u00e5tt seg opp som frontfigur i sitt eget band Thea &amp; The Wild. I tillegg er hun en flittig brukt studiomusiker, og har til enhver tid en haug med forskjellige prosjekt i lufta.<\/p>\n<p>Hun er dessuten hyperaktuell med ei rykende fersk plate, med p\u00e5f\u00f8lgende norgesturn\u00e9. Vi hadde henne som gjest under \u00e5rets Egersund Visefestival, live med publikum, der det musikalske fyrverkeriet hun l\u00f8p rett fra konsertscenen og inn til oss.<\/p>\n<p>Under den knappe timen vi hadde til r\u00e5dighet, i et tett program under en av landets aller fineste festivaler, fikk vi henne i tale om hva som har formet henne som musiker, hvilke plater hun ville hatt med seg p\u00e5 en \u00f8de \u00f8y og hvordan det er \u00e5 turnere n\u00e5r alt g\u00e5r til helvete.<\/p>\n<p>Hun snakker ogs\u00e5 om \u00e6refrykt og hvordan det har v\u00e6rt \u00e5 jobbe med et bestillingsverk der hun har tolket nasjonalskalden Lillebj\u00f8rn Nilsen og masse masse mer.<\/p>\n<p><a href=\"https:\/\/open.spotify.com\/episode\/1Rd1vKYB3P3aDRMLG6qNIV?si=c40dd73e7f6243f1\" rel=\"noopener nofollow\" target=\"_blank\">H\u00f8r episoden i Spotify her<\/a><\/p>\n<p><a href=\"https:\/\/podcasts.apple.com\/no\/podcast\/54-thea-glenton-raknes\/id1653860552?i=1000727320139&amp;l=nb\" rel=\"noopener nofollow\" target=\"_blank\">H\u00f8r episoden i iTunes her<\/a><\/p>\n<p>Sjekk ogs\u00e5 ut den finfine spillelista, der alt vi nevner av musikk som er med; fra hennes egne innspillinger, til alt fra Erik Bye, Carly Simon, The Mamas &amp; the Papas, via The Beatles, The Jesus &amp; Mary Chain, The Clash, The Smiths, Arcade Fire, Springsteen, Mazzy Star og til The Hellacopters, Nationalteatern og Steinar Ofsdal.<\/p>\n<p><a href=\"https:\/\/open.spotify.com\/playlist\/74DJwEfBQtDfLHTM6zNk0Q?si=6b83b48b524a4514\" rel=\"noopener nofollow\" target=\"_blank\">Spotify-versjon her<\/a><\/p>\n<p><a href=\"https:\/\/tidal.com\/playlist\/6af857fc-6ce6-43fa-9d0e-f6c23dac3ae6\" rel=\"noopener nofollow\" target=\"_blank\">Tidal-versjon her<\/a><\/p>\n<p> Thea Glenton Raknes i Thea &amp; The Wild er gjest i podkasten Feedback med Egon Holstad. <\/p>\n","protected":false},"excerpt":{"rendered":"Thea har i mange \u00e5r markert seg sterkt, b\u00e5de som medlem av bandet Norma Sass, men de siste&hellip;\n","protected":false},"author":2,"featured_media":38851,"comment_status":"","ping_status":"","sticky":false,"template":"","format":"standard","meta":{"footnotes":""},"categories":[58],"tags":[2799,71,2800,2798,30,28,29,1293,1270,72],"class_list":{"0":"post-38850","1":"post","2":"type-post","3":"status-publish","4":"format-standard","5":"has-post-thumbnail","7":"category-underholdning","8":"tag-egon-holstad","9":"tag-entertainment","10":"tag-feedback","11":"tag-feedback-med-egon-holstad","12":"tag-no","13":"tag-norge","14":"tag-norway","15":"tag-podcast","16":"tag-podkast","17":"tag-underholdning"},"share_on_mastodon":{"url":"","error":""},"_links":{"self":[{"href":"https:\/\/www.europesays.com\/no\/wp-json\/wp\/v2\/posts\/38850","targetHints":{"allow":["GET"]}}],"collection":[{"href":"https:\/\/www.europesays.com\/no\/wp-json\/wp\/v2\/posts"}],"about":[{"href":"https:\/\/www.europesays.com\/no\/wp-json\/wp\/v2\/types\/post"}],"author":[{"embeddable":true,"href":"https:\/\/www.europesays.com\/no\/wp-json\/wp\/v2\/users\/2"}],"replies":[{"embeddable":true,"href":"https:\/\/www.europesays.com\/no\/wp-json\/wp\/v2\/comments?post=38850"}],"version-history":[{"count":0,"href":"https:\/\/www.europesays.com\/no\/wp-json\/wp\/v2\/posts\/38850\/revisions"}],"wp:featuredmedia":[{"embeddable":true,"href":"https:\/\/www.europesays.com\/no\/wp-json\/wp\/v2\/media\/38851"}],"wp:attachment":[{"href":"https:\/\/www.europesays.com\/no\/wp-json\/wp\/v2\/media?parent=38850"}],"wp:term":[{"taxonomy":"category","embeddable":true,"href":"https:\/\/www.europesays.com\/no\/wp-json\/wp\/v2\/categories?post=38850"},{"taxonomy":"post_tag","embeddable":true,"href":"https:\/\/www.europesays.com\/no\/wp-json\/wp\/v2\/tags?post=38850"}],"curies":[{"name":"wp","href":"https:\/\/api.w.org\/{rel}","templated":true}]}}