{"id":38885,"date":"2025-09-18T16:41:11","date_gmt":"2025-09-18T16:41:11","guid":{"rendered":"https:\/\/www.europesays.com\/no\/38885\/"},"modified":"2025-09-18T16:41:11","modified_gmt":"2025-09-18T16:41:11","slug":"ute-pa-ubestemt-tid","status":"publish","type":"post","link":"https:\/\/www.europesays.com\/no\/38885\/","title":{"rendered":"Ute p\u00e5 ubestemt tid"},"content":{"rendered":"<p class=\"kicker \" style=\"\">Jimmy Kimmel:<\/p>\n<p>  Kort tid f\u00f8r Jimmy Fallon skulle tale, kom kontrabeskjeden.\u00a0<\/p>\n<p>\n    AVLYSER: Jimmy Fallon har avlyst et arrangement, kort tid f\u00f8r det skulle skje. Det kom bare timer etter at kollega Jimmy Kimmels program ble tatt av lufta. Foto: Photo Image Press\/Shutterstock\/NTB\n  <\/p>\n<p>Natt til torsdag, norsk tid, kom nyheten om at <a href=\"https:\/\/www.dagbladet.no\/kjendis\/tas-av-lufta\/83608898\" rel=\"nofollow noopener\" target=\"_blank\">Jimmy Kimmels talkshow \u00abJimmy Kimmel Live\u00bb har blitt satt p\u00e5 pause<\/a> &#8211; p\u00e5 ubestemt tid.<\/p>\n<p>Beskjeden kom kort tid etter at TV-selskapet Nexstar bestemte at deres ABC-tilknyttede kanaler ikke lenger kommer til \u00e5 sende programmet.<\/p>\n<p>    <a itemprop=\"url\" href=\"https:\/\/www.dagbladet.no\/kjendis\/tas-av-lufta\/83608898\" rel=\"nofollow noopener\" target=\"_blank\"><\/p>\n<p>      <img loading=\"lazy\" decoding=\"async\" src=\"https:\/\/www.europesays.com\/no\/wp-content\/uploads\/2025\/09\/1758213671_935_83608909.webp\" width=\"980\" height=\"441\" title=\"Tas av lufta\" alt=\"\" class=\"lazyload\" style=\"--aspect-ratio-image: 2.22; \"\/><\/p>\n<p>        Tas av lufta<\/p>\n<p>    <\/a><\/p>\n<p>Det har skapt sjokkb\u00f8lger i flere milj\u00f8er, deriblant i talkshow-kretser.<\/p>\n<p>N\u00e5 har navnebror Jimmy Fallon avlyst et planlagt arrangement, bare timer etter at Kimmel fikk beskjeden sin.<\/p>\n<p>Fallon skulle egentlig v\u00e6re til stede p\u00e5 en konferanse i New York torsdag ettermiddag, norsk tid. Der skulle han diskutere den nye reklamefokuserte serien \u00abOn Brand\u00bb.<\/p>\n<p>Bare minutter f\u00f8r han skulle dukke opp, kom kontrabeskjeden, if\u00f8lge <a href=\"https:\/\/deadline.com\/2025\/09\/jimmy-fallon-abruptly-bows-out-late-night-kimmel-1236547957\/\" rel=\"nofollow noopener\" target=\"_blank\">Deadline<\/a>.<\/p>\n<p>        FJERNET: Talkshowet \u00abJimmy Kimmel Live!\u00bb tas av lufta p\u00e5 ubestemt tid etter denne monologen, hvor Kimmel antyder at Charlie Kirks angivelige drapsmann, Tyler Robinson, kan ha v\u00e6rt en pro-Trump-republikaner. <\/p>\n<p>\u00abDessverre har ikke lenger Jimmy Fallon mulighet til \u00e5 v\u00e6re med p\u00e5 dagens arrangement\u00bb, sier Fast Company Innovation Festival i en uttalelse.<\/p>\n<p>Jimmy Fallon leder programmet \u00abThe Tonight Show starring Jimmy Fallon\u00bb. Det er planlagt sending sent torsdag kveld. Det er ikke kjent om avlysningen er knyttet til Kimmel-beskjeden.<\/p>\n<p>    <a itemprop=\"url\" href=\"https:\/\/www.dagbladet.no\/meninger\/knefall-pa-britisk\/83608320\" rel=\"nofollow noopener\" target=\"_blank\"><\/p>\n<p>      <img loading=\"lazy\" decoding=\"async\" src=\"https:\/\/www.europesays.com\/no\/wp-content\/uploads\/2025\/09\/83606282.webp\" width=\"980\" height=\"441\" title=\"Knefall p\u00e5 britisk\" alt=\"\" class=\"lazyload\" style=\"--aspect-ratio-image: 2.22; \"\/><\/p>\n<p>        Knefall p\u00e5 britisk<\/p>\n<p>    <\/a><\/p>\n<p>Kimmel skal ha blitt tatt av lufta som f\u00f8lge av uttalelser om Charlie Kirk i en monolog i programmet. Der antydet han at Kirks angivelige drapsmann, Tyler Robinson, kan ha v\u00e6rt en pro-Trump-republikaner.<\/p>\n<p>&#8211; MAGA-gjengen pr\u00f8ver desperat \u00e5 framstille denne gutten som drepte Charlie Kirk som alt annet enn en av dem, og gj\u00f8r alt de kan for \u00e5 score politiske poeng p\u00e5 det, sa Kimmel.<\/p>\n<p>Det er ikke kjent om han f\u00e5r returnere til skjermen med programmet.<\/p>\n","protected":false},"excerpt":{"rendered":"Jimmy Kimmel: Kort tid f\u00f8r Jimmy Fallon skulle tale, kom kontrabeskjeden.\u00a0 AVLYSER: Jimmy Fallon har avlyst et arrangement,&hellip;\n","protected":false},"author":2,"featured_media":38886,"comment_status":"","ping_status":"","sticky":false,"template":"","format":"standard","meta":{"footnotes":""},"categories":[59],"tags":[398,6152,30,28,29,83,82],"class_list":{"0":"post-38885","1":"post","2":"type-post","3":"status-publish","4":"format-standard","5":"has-post-thumbnail","7":"category-sport","8":"tag-langrenn","9":"tag-lucas-chanavat","10":"tag-no","11":"tag-norge","12":"tag-norway","13":"tag-sport","14":"tag-sports"},"share_on_mastodon":{"url":"","error":""},"_links":{"self":[{"href":"https:\/\/www.europesays.com\/no\/wp-json\/wp\/v2\/posts\/38885","targetHints":{"allow":["GET"]}}],"collection":[{"href":"https:\/\/www.europesays.com\/no\/wp-json\/wp\/v2\/posts"}],"about":[{"href":"https:\/\/www.europesays.com\/no\/wp-json\/wp\/v2\/types\/post"}],"author":[{"embeddable":true,"href":"https:\/\/www.europesays.com\/no\/wp-json\/wp\/v2\/users\/2"}],"replies":[{"embeddable":true,"href":"https:\/\/www.europesays.com\/no\/wp-json\/wp\/v2\/comments?post=38885"}],"version-history":[{"count":0,"href":"https:\/\/www.europesays.com\/no\/wp-json\/wp\/v2\/posts\/38885\/revisions"}],"wp:featuredmedia":[{"embeddable":true,"href":"https:\/\/www.europesays.com\/no\/wp-json\/wp\/v2\/media\/38886"}],"wp:attachment":[{"href":"https:\/\/www.europesays.com\/no\/wp-json\/wp\/v2\/media?parent=38885"}],"wp:term":[{"taxonomy":"category","embeddable":true,"href":"https:\/\/www.europesays.com\/no\/wp-json\/wp\/v2\/categories?post=38885"},{"taxonomy":"post_tag","embeddable":true,"href":"https:\/\/www.europesays.com\/no\/wp-json\/wp\/v2\/tags?post=38885"}],"curies":[{"name":"wp","href":"https:\/\/api.w.org\/{rel}","templated":true}]}}