{"id":38920,"date":"2025-09-18T17:25:08","date_gmt":"2025-09-18T17:25:08","guid":{"rendered":"https:\/\/www.europesays.com\/no\/38920\/"},"modified":"2025-09-18T17:25:08","modified_gmt":"2025-09-18T17:25:08","slug":"ubehag-med-de-morke-ikonene-til-den-nye-ios-26-feilen-ligger-med-en-optisk-illusjon-hvordan-lose","status":"publish","type":"post","link":"https:\/\/www.europesays.com\/no\/38920\/","title":{"rendered":"Ubehag med de m\u00f8rke ikonene til den nye iOS 26? Feilen ligger med en optisk illusjon: Hvordan l\u00f8se"},"content":{"rendered":"<p>Hvis du etter \u00e5 ha oppdatert iPhone til iOS 26 har lagt merke til det, i tillegg til et fall i autonomi og ytelse ogs\u00e5 et visst ubehag n\u00e5r du tenker p\u00e5 ikonene til appene med det m\u00f8rke temaet, er du ikke de eneste. Mange brukere legger merke til den nysgjerrige optiske illusjonen som genereres av lyseffektene som brukes p\u00e5 ikonene av ikonene av det nye <strong>Apple Liquid Glass Theme <\/strong>Noe som f\u00e5r dem til \u00e5 virke feiljustert og skape en slags \u00absj\u00f8smerter\u00bb, s\u00e5 mye at noen til og med har rapportert sensasjoner av kvalme. Det m\u00e5 sies at tingen er noe subjektivt: noen brukere merker ikke noe rart, andre forblir i stedet umiddelbart p\u00e5virket av dette<strong> tilsynelatende tilb\u00f8yelighet<\/strong>som blir spesielt tydelig p\u00e5 m\u00f8rk eller helt svart bakgrunn. Det er et fenomen som n\u00f8ye minner om geometriske illusjoner som allerede er studert i psykologi av persepsjon, for eksempel So -Called <strong>Kaf\u00e9veggseffekt<\/strong>der perfekt parallelle linjer virker skr\u00e5 p\u00e5 grunn av kontrasten mellom klar og m\u00f8rk. I denne studien vil vi se hvorfor det skjer, hvilke kombinasjoner av bakgrunner og temaer forsterker det og hvilke l\u00f8sninger du kan ta i bruk for \u00e5 redusere virkningen.<\/p>\n<p>Flytende glass: Skyldige i de \u00abskjeve\u00bb ikonene til iOS 26<\/p>\n<p>iOS 26 arvet et nytt grafisk grensesnitt, kalt <strong>Flytende glass<\/strong>vanlig for flere Apple -enheter: iPhone, iPad, Mac, Apple Watch og Apple TV, som n\u00e5 deler det estetiske av flytende glass, laget av refleksjoner og transparenter. I beskrivelsen av flytende glass sier eple det \u00abgjenspeiler og bryter de omkringliggende elementene, forvandler det seg dynamisk for \u00e5 gi mer fremtredende innhold og gir et nytt niv\u00e5 av dynamikk til kontroller, navigasjon, appikoner, widgeter og utover\u00bb.<\/p>\n<p>For \u00e5 gj\u00f8re grensesnittet dynamisk og tre -dimensjonalt, presenterer appikonene en <strong>Lett lysstyrke langs hj\u00f8rnene \u00f8verst til venstre og nederst til h\u00f8yre<\/strong>. Denne lille detaljene gir en viss dybde til ikonene. P\u00e5 noen bakgrunner, spesielt de m\u00f8rkere, og med temaer av ikonene som er satt p\u00e5 \u00abm\u00f8rke\u00bb, \u00abglass\u00bb eller \u00abnyanser\u00bb, blir kontrasten dermed klar for \u00e5 gi<strong>Illusjon om at ikonene har en tilb\u00f8yelighet til venstre<\/strong>.<\/p>\n<p>Mange brukere har beskrevet denne oppfatningen som en merkelig, til poenget med \u00e5 f\u00f8le seg desorientert eller til og med pr\u00f8ve svimmelhet. Noen innlegg p\u00e5 Reddit De samlet tusenvis av \u00abupvote\u00bb (positive stemmer): Det er de som sier at de ikke har lagt merke til oss i begynnelsen, men n\u00e5r de f\u00f8rst kan ignorere det. Andre sier at effekten f\u00e5r dem til \u00e5 f\u00f8le seg \u00abberuset\u00bb. Det er viktig \u00e5 understreke at ikke alle opplever det samme fenomenet: det avhenger av individuell f\u00f8lsomhet, lysstyrken p\u00e5 skjermen og fremfor alt p\u00e5 kombinasjonen av bakgrunnen og stilen til ikonene.<\/p>\n<p>Den optiske effekten ligner p\u00e5 \u00abCaf\u00e9 Wall Effect\u00bb<\/p>\n<p>Effekten som er funnet av noen brukere som har installert iOS 26 som minner om den av So -kalt <strong>Kaf\u00e9veggseffekt<\/strong>beskrevet p\u00e5 slutten av det nittende \u00e5rhundre, som viser hvordan rette linjer kan virke skr\u00e5 n\u00e5r de settes inn i et opplegg med litt forskj\u00f8vet hvite og svarte fliser. Hjernen, p\u00e5 grunn av det s\u00e5 -kalt <strong>\u00abSamtidig kontrast av lysstyrke\u00bb<\/strong>vurderer lyset fra de klare og m\u00f8rke omr\u00e5dene ved \u00e5 lage falske skr\u00e5 justeringer. Det samme prinsippet ser ut til \u00e5 handle p\u00e5 ikonene til iOS 26: den<strong> Belyste hj\u00f8rner <\/strong>samhandle med den enhetlige svarte bakgrunnen,<strong> forsterke oppfatningen av tilb\u00f8yeligheter<\/strong>.<\/p>\n<p><img decoding=\"async\" loading=\"lazy\" src=\"https:\/\/www.europesays.com\/no\/wp-content\/uploads\/2025\/09\/Ubehag-med-de-morke-ikonene-til-den-nye-iOS-26.jpeg\" alt=\"Bilde\" width=\"482\" height=\"379\"\/><\/p>\n<p>Hvordan l\u00f8se \u00abproblemet\u00bb til de m\u00f8rke ikonene til iOS 26<\/p>\n<p>Hvis du har kommet over denne effekten, vil du sannsynligvis ha s\u00f8kt l\u00f8sninger i tilgjengelighetsinnstillingene. Apple har tilbudt alternativer i mange \u00e5r som <strong>Reduser bevegelse<\/strong> Og <strong>Reduser \u00e5penhet<\/strong> For \u00e5 begrense animasjoner og overlapper, designet for de som lider av kvalme eller desorientering med visse grafiske effekter. I dette tilfellet ser det imidlertid ut til at verken reduksjon av bevegelsen eller reduksjonen i \u00e5penhet eliminerer refleksjonene som for\u00e5rsaker optisk illusjon.<\/p>\n<p>Venter p\u00e5 en mulig korreksjon via programvare av Apple, da, som du kan<strong> L\u00f8s den optiske illusjonen av de m\u00f8rke ikonene til iOS 26 <\/strong>(Eller i det minste dempe den aktuelle effekten)? Ganske enkelt \u00e5 g\u00e5 til <strong>Endre tema <\/strong>(deretter sette den klare i stedet for den m\u00f8rke) eller <strong>Endre bakgrunnen<\/strong> (favoriserer farger som bryter ensartetheten til svart, kanskje bilder som har mange detaljer i stedet for store omr\u00e5der med skyggelagte nyanser). P\u00e5 denne m\u00e5ten f\u00e5r hjernen mer visuelle stimuli og fokuserer ikke utelukkende p\u00e5 de reflekterende hj\u00f8rnene p\u00e5 ikonene.<\/p>\n","protected":false},"excerpt":{"rendered":"Hvis du etter \u00e5 ha oppdatert iPhone til iOS 26 har lagt merke til det, i tillegg til&hellip;\n","protected":false},"author":2,"featured_media":38921,"comment_status":"","ping_status":"","sticky":false,"template":"","format":"standard","meta":{"footnotes":""},"categories":[57],"tags":[3626,6157,5503,6158,6159,6038,6160,6161,6162,6163,30,28,29,3633,6164,65,63,64,66,70,471,6165,69,67,68],"class_list":{"0":"post-38920","1":"post","2":"type-post","3":"status-publish","4":"format-standard","5":"has-post-thumbnail","7":"category-vitenskap-og-teknologi","8":"tag-den","9":"tag-feilen","10":"tag-hvordan","11":"tag-ikonene","12":"tag-illusjon","13":"tag-ios","14":"tag-ligger","15":"tag-lose","16":"tag-med","17":"tag-morke","18":"tag-no","19":"tag-norge","20":"tag-norway","21":"tag-nye","22":"tag-optisk","23":"tag-science","24":"tag-science-and-technology","25":"tag-scienceandtechnology","26":"tag-technology","27":"tag-teknologi","28":"tag-til","29":"tag-ubehag","30":"tag-vitenskap","31":"tag-vitenskap-og-teknologi","32":"tag-vitenskapteknologi"},"share_on_mastodon":{"url":"","error":""},"_links":{"self":[{"href":"https:\/\/www.europesays.com\/no\/wp-json\/wp\/v2\/posts\/38920","targetHints":{"allow":["GET"]}}],"collection":[{"href":"https:\/\/www.europesays.com\/no\/wp-json\/wp\/v2\/posts"}],"about":[{"href":"https:\/\/www.europesays.com\/no\/wp-json\/wp\/v2\/types\/post"}],"author":[{"embeddable":true,"href":"https:\/\/www.europesays.com\/no\/wp-json\/wp\/v2\/users\/2"}],"replies":[{"embeddable":true,"href":"https:\/\/www.europesays.com\/no\/wp-json\/wp\/v2\/comments?post=38920"}],"version-history":[{"count":0,"href":"https:\/\/www.europesays.com\/no\/wp-json\/wp\/v2\/posts\/38920\/revisions"}],"wp:featuredmedia":[{"embeddable":true,"href":"https:\/\/www.europesays.com\/no\/wp-json\/wp\/v2\/media\/38921"}],"wp:attachment":[{"href":"https:\/\/www.europesays.com\/no\/wp-json\/wp\/v2\/media?parent=38920"}],"wp:term":[{"taxonomy":"category","embeddable":true,"href":"https:\/\/www.europesays.com\/no\/wp-json\/wp\/v2\/categories?post=38920"},{"taxonomy":"post_tag","embeddable":true,"href":"https:\/\/www.europesays.com\/no\/wp-json\/wp\/v2\/tags?post=38920"}],"curies":[{"name":"wp","href":"https:\/\/api.w.org\/{rel}","templated":true}]}}