{"id":38964,"date":"2025-09-18T18:33:12","date_gmt":"2025-09-18T18:33:12","guid":{"rendered":"https:\/\/www.europesays.com\/no\/38964\/"},"modified":"2025-09-18T18:33:12","modified_gmt":"2025-09-18T18:33:12","slug":"biskop-nord-halogaland-bispedomme-stig-laegdene-blir-var-nye-biskop","status":"publish","type":"post","link":"https:\/\/www.europesays.com\/no\/38964\/","title":{"rendered":"Biskop, Nord-H\u00e5logaland bisped\u00f8mme | Stig L\u00e6gdene blir v\u00e5r nye biskop"},"content":{"rendered":"\n<p>I januar ble det kjent at  Olav \u00d8ygard skulle g\u00e5 av som biskop i Nord-H\u00e5logaland bisped\u00f8mme, etter 44 \u00e5r i tjeneste.<\/p>\n<p>Siden da har prosessen med \u00e5 finne arvtakeren til jobben som biskop for Troms, Finnmark og Svalbard p\u00e5g\u00e5tt.<\/p>\n<p>Torsdag kveld annonserte Kirker\u00e5det at domprost Stig L\u00e6gdene (64) f\u00e5r jobben.<\/p>\n<p>\u2013 Jeg \u00f8nsker \u00e5 \u00e5pne d\u00f8rene. Jeg \u00f8nsker bred, \u00e5pen og mangfoldig folkekirke. Det er et m\u00e5l for meg som biskop \u00e5 skape rom slik at flere mennesker kan si: \u00abDette er min kirke. Her kan jeg h\u00f8re til med mitt liv\u00bb, sier L\u00e6gdene.<\/p>\n<p>Som domprost har L\u00e6gdene v\u00e6rt biskopens faste vikar. Han har tidligere v\u00e6rt rektor ved Kirkelig utdanningssenter nord og daglig leder i Kirkens Bymisjon i Troms\u00f8.<\/p>\n<p>Ble f\u00f8rst dumpet<\/p>\n<p>Tilsettelsesprosessen har ikke v\u00e6rt uten dramatikk. Det vakte store oppsikt i april da det ble kjent at en av forh\u00e5ndsfavorittene, domprost i Troms\u00f8 Stig L\u00e6gdene, <b>ikke <\/b>var blant de fem nominerte kandidatene plukket ut av Nord-H\u00e5logaland bisped\u00f8mmer\u00e5d.<\/p>\n<p>  <a href=\"https:\/\/www.nordlys.no\/5-34-2139698\" class=\"related-teaser has-image default-story-teaser article--c-eRUmMG article--c-eRUmMG-jKCPdD-design-default\" rel=\"nofollow noopener\" target=\"_blank\"><\/p>\n<p>    <img decoding=\"async\" loading=\"lazy\"  src=\"https:\/\/www.europesays.com\/no\/wp-content\/uploads\/2025\/09\/5_34_1745987_L_gdene.jpg\" alt=\"\" class=\"brick-c-cFOWSL\" style=\"\"\/><\/p>\n<p>\n            Les ogs\u00e5<\/p>\n<p>              Forh\u00e5ndsfavoritten Stig ikke p\u00e5 lista: \u2013 Jeg er lei meg og trist\n        <\/p>\n<p>  <\/a><\/p>\n<p>I prosessen med \u00e5 finne ny biskop kan man ogs\u00e5 stille supplerende kandidater. Dette gj\u00f8res ved at minst hundre stemmeberettigede fra minimum tre forskjellige prostier g\u00e5r sammen om \u00e5 foresl\u00e5 kandidater.<\/p>\n<p>Det var nettopp det som skjedde, og dermed endte L\u00e6gdene opp som en av de tre finalekandidatene i prosessen.<\/p>\n<p>  <a href=\"https:\/\/www.nordlys.no\/5-34-2171273\" class=\"related-teaser has-image default-story-teaser article--c-eRUmMG article--c-eRUmMG-jKCPdD-design-default\" rel=\"nofollow noopener\" target=\"_blank\"><\/p>\n<p>    <img decoding=\"async\" loading=\"lazy\"  src=\"https:\/\/www.europesays.com\/no\/wp-content\/uploads\/2025\/09\/Biskop+Valget.+Disse+stiller+til+valg.+Kjartan+Bergslid%2C+Stog+L%C3%A6gdene%2C+Gaute+Norbye%2C+Kris.jpeg\" alt=\"\" class=\"brick-c-cFOWSL\" style=\"\"\/><\/p>\n<p>\n            Les ogs\u00e5<\/p>\n<p>              Disse er videre i bispevalget\n        <\/p>\n<p>  <\/a><br \/>\n  \u2013 Visjon\u00e6r<\/p>\n<p>Harald Hegstad er leder i Kirker\u00e5det, som har tilsatt L\u00e6gdene som biskop.<\/p>\n<p>\u2013 Med Stig L\u00e6gdene f\u00e5r Nord-H\u00e5logaland en modig, visjon\u00e6r og synlig biskop. Med sin brede ledererfaring og dype teologiske innsikt har han de beste forutsetninger for \u00e5 bli bisped\u00f8mmets \u00e5ndelige leder i \u00e5rene som kommer, heter det i pressemeldingen.<\/p>\n<p>            Biskoper i Nord-H\u00e5logaland siden 1952<\/p>\n<ul>\n<li>Alf Wiig 1952\u20131961 <\/li>\n<li>Monrad Norderval 1961\u20131972 <\/li>\n<li>Kristen Kyrre Bremer 1972\u20131979 <\/li>\n<li>Arvid Nerg\u00e5rd 1979\u20131990 <\/li>\n<li>Ola Steinholt 1990\u20132001 <\/li>\n<li>Per Oskar Kj\u00f8laas 2002\u20132014 <\/li>\n<li>Olav \u00d8ygard 2014\u20132025<\/li>\n<li>Stig L\u00e6gdene 2025-<\/li>\n<\/ul>\n<p>Hegstad tror den nye biskopen vil bli en viktig stemme i samfunnet:<\/p>\n<p>\u2013 Han vil ogs\u00e5 bli en viktig stemme i Bispem\u00f8tet og i samfunnet. Som biskop vil han spille en n\u00f8kkelrolle i \u00e5 utvikle samisk og kvensk kirkeliv, og jeg er trygg p\u00e5 at han vil arbeide for en \u00e5pen folkekirke for alle.<\/p>\n<p>Kirker\u00e5dslederen vil samtidig takke alle kandidatene som stilte seg til disposisjon for den lange og omfattende prosessen frem mot ny biskop.<\/p>\n<p>\u2013 Blir veldig bra<\/p>\n<p>   <img decoding=\"async\" width=\"4032\" height=\"3024\" fetchpriority=\"low\"  loading=\"lazy\"  src=\"https:\/\/www.europesays.com\/no\/wp-content\/uploads\/2025\/09\/25fd493a-803d-4904-953b-d41596cff932.jpeg\" alt=\"Olav \u00d8ygard ledet sin siste gudstjeneste s\u00f8ndag f\u00f8r biskopen blir pensjonist.\" class=\"brick-c-cFOWSL\" style=\"--brick-image-ratio: 4032 \/ 3024;\"\/><\/p>\n<p>    Olav \u00d8ygard ledet sin siste gudstjeneste s\u00f8ndag 17. august f\u00f8r biskopen blir pensjonist.<br \/>\n    Foto: Torje D\u00f8nnestad Johansen\n  <\/p>\n<p>Nylig pensjonert biskop Olav \u00d8ygard er forn\u00f8yd med valget. Han har jobbet tett med L\u00e6gdene som domprost i mange \u00e5r.<\/p>\n<p>\u2013 F\u00f8rst og fremst vil jeg gratulere Stig hjerteligst med ansettelsen. Dette tror jeg blir veldig bra. Stig er en flott fyr som er veldig utadvendt og prate med folk. Han er ogs\u00e5 veldig flink til \u00e5 profilere ting i media, s\u00e5 han vil nok bli enda mer synlig enn det jeg har v\u00e6rt, sier \u00d8ygard.<\/p>\n<p>\u2013 Har du noen gode r\u00e5d til den p\u00e5troppende biskopen? <\/p>\n<p>\u2013 Jeg skal gi ham noen uten pressen p\u00e5 h\u00f8yttaler, men det er blant annet \u00e5 ta det med ro og v\u00e6re seg selv. Ogs\u00e5 vet han det s\u00e5 veldig godt selv, men det viktigste er \u00e5 h\u00f8re p\u00e5 folk, m\u00f8te folk og finne ut av hva de er opptatte av. Dette er Norges st\u00f8rste bisped\u00f8mme, s\u00e5 det er en jobb man m\u00e5 gj\u00f8re i hele omr\u00e5det, ikke bare i Troms\u00f8.<\/p>\n<p>\u2013 Enormt viktig<\/p>\n<p>   <img decoding=\"async\" width=\"3761\" height=\"2961\" fetchpriority=\"low\"  loading=\"lazy\"  src=\"https:\/\/www.europesays.com\/no\/wp-content\/uploads\/2025\/09\/regnbue5.jpg\" alt=\"\" class=\"brick-c-cFOWSL\" style=\"--brick-image-ratio: 3761 \/ 2961;\"\/><\/p>\n<p>    FAST INNSLAG: Regnbuemessa har i mange \u00e5r v\u00e6rt et fast innslag under Pride-markeringen i Troms\u00f8. Slik s\u00e5 det ut i 2020.<br \/>\n    Foto: Marte Hotvedt\n  <\/p>\n<p>Festivalsjef Arctic Pride, Lars Kaupanger, \u00f8nsker ogs\u00e5 \u00e5 gratulere L\u00e6gdene med jobben. L\u00e6gdene har i mange \u00e5r v\u00e6rt en samarbeidspartner og har arrangert regnbuemesser i Troms\u00f8 domkirke under Pride.<\/p>\n<p>\u2013 Det han st\u00e5r for er enormt viktig. Han blir en biskop som vil jobbe for alle i regionen og som har v\u00e6rt veldig flink p\u00e5 \u00e5 inkludere de skeive i kirken. Jeg ser fram til et godt samarbeid videre med Stig, n\u00e5 som biskop, sier Kaupanger.<\/p>\n<p>Uenige underveis<\/p>\n<p>Biskopene og Nord-H\u00e5logaland bisped\u00f8mmer\u00e5d ga i slutten for en m\u00e5neds tid sin uttalelse i prosessen med \u00e5 tilsette ny biskop i Nord-H\u00e5logaland bisped\u00f8mme.<\/p>\n<p>Partene var dypt uenige om hvem de ville g\u00e5 for. Biskopene har gitt kandidatene f\u00f8rste-, andre- og tredjestemmer. Anne B. Skoglund har klart flest f\u00f8rstestemmer med sju, og ingen av de 11 biskopene har vurdert henne nederst.<\/p>\n<p>Stig L\u00e6gdene, som ble etternominert, er foretrukket av fire biskoper, mens seks har vurdert ham som nummer to av de tre.<\/p>\n<p>De er imidlertid veldig enige om Gaute Norbye, som ingen har prioritert \u00f8verst, og som har f\u00e5tt hele 10 tredjestemmer.<\/p>\n<p>Nord-H\u00e5logaland bisped\u00f8mmer\u00e5d hadde derimot vedtatt \u00e5 sette Norbye \u00f8verst og L\u00e6gdene nederst.<\/p>\n<p>  <a href=\"https:\/\/www.nordlys.no\/5-34-2207496\" class=\"related-teaser has-image default-story-teaser article--c-eRUmMG article--c-eRUmMG-jKCPdD-design-default\" rel=\"nofollow noopener\" target=\"_blank\"><\/p>\n<p>    <img decoding=\"async\" loading=\"lazy\"  src=\"https:\/\/www.europesays.com\/no\/wp-content\/uploads\/2025\/09\/Skjermbilde+2025-08-25+145453.jpg\" alt=\"\" class=\"brick-c-cFOWSL\" style=\"\"\/><\/p>\n<p>\n            Les ogs\u00e5<\/p>\n<p>              \u2013 Har sl\u00e5tt en saltomortale\n        <\/p>\n<p>  <\/a><\/p>\n<p>Til slutt var det opp til Kirker\u00e5det \u00e5 ta beslutningen. De tre finalekandidatene ble intervjuet av Kirker\u00e5dets arbeidsutvalg i den siste runden, og s\u00e5 tilsatt Kirker\u00e5det en ny biskop ut fra en helhetsvurdering. Den r\u00e5dgivende avstemningen, bisped\u00f8mmer\u00e5dets stemme, biskopenes uttalelser og intervjuene med bispekandidatene danner til sammen grunnlaget for Kirker\u00e5dets beslutning.<\/p>\n<p>Innsettes f\u00f8r jul<\/p>\n<p>Den 7. desember kl. 11.00 blir det h\u00f8ytidelig vigslingsgudstjeneste av den nye biskopen i Troms\u00f8 domkirke.<\/p>\n<p>Les mer:<br \/>\n  <a href=\"https:\/\/www.nordlys.no\/5-34-2207420\" class=\"related-teaser has-image default-story-teaser article--c-eRUmMG article--c-eRUmMG-jKCPdD-design-default\" rel=\"nofollow noopener\" target=\"_blank\"><\/p>\n<p>    <img decoding=\"async\" loading=\"lazy\"  src=\"https:\/\/www.europesays.com\/no\/wp-content\/uploads\/2025\/09\/Skjermbilde+2025-08-22+134420.jpg\" alt=\"\" class=\"brick-c-cFOWSL\" style=\"\"\/><\/p>\n<p>\n            Les ogs\u00e5<\/p>\n<p>              Biskopene og Bisped\u00f8mmer\u00e5det dypt uenige om biskopvalg\n        <\/p>\n<p>  <\/a><\/p>\n<p>  <a href=\"https:\/\/www.nordlys.no\/5-34-2204797\" class=\"related-teaser has-image default-story-teaser article--c-eRUmMG article--c-eRUmMG-jKCPdD-design-default\" rel=\"nofollow noopener\" target=\"_blank\"><\/p>\n<p>    <img decoding=\"async\" loading=\"lazy\"  src=\"https:\/\/www.europesays.com\/no\/wp-content\/uploads\/2025\/09\/1758220390_5_25fd493a-803d-4904-953b-d41596cff932.jpeg\" alt=\"\" class=\"brick-c-cFOWSL\" style=\"\"\/><\/p>\n<p>\n            Les ogs\u00e5<\/p>\n<p>              N\u00e5 blir biskopen pensjonist. En ting blir et stort savn\n        <\/p>\n<p>  <\/a><\/p>\n<p>  <a href=\"https:\/\/www.nordlys.no\/5-34-2149677\" class=\"related-teaser has-image default-story-teaser article--c-eRUmMG article--c-eRUmMG-jKCPdD-design-default\" rel=\"nofollow noopener\" target=\"_blank\"><\/p>\n<p>    <img decoding=\"async\" loading=\"lazy\"  src=\"https:\/\/www.europesays.com\/no\/wp-content\/uploads\/2025\/09\/BISKOP_Olav__igard._Foto_Torgrim_Rath_Olsen-9.jpg\" alt=\"\" class=\"brick-c-cFOWSL\" style=\"\"\/><\/p>\n<p>\n            Les ogs\u00e5<\/p>\n<p>              Vil \u00e5pne for kvinnelige prester: \u2013 Jeg har ikke anledning til \u00e5 p\u00e5legge ting som er kj\u00f8nnsdiskriminerende\n        <\/p>\n<p>  <\/a><\/p>\n<p>  <a href=\"https:\/\/www.nordlys.no\/5-34-2146748\" class=\"related-teaser has-image default-story-teaser article--c-eRUmMG article--c-eRUmMG-jKCPdD-design-default\" rel=\"nofollow noopener\" target=\"_blank\"><\/p>\n<p>    <img decoding=\"async\" loading=\"lazy\"  src=\"https:\/\/www.europesays.com\/no\/wp-content\/uploads\/2025\/09\/svenna_4631629a.jpg\" alt=\"\" class=\"brick-c-cFOWSL\" style=\"\"\/><\/p>\n<p>\n            Les ogs\u00e5<\/p>\n<p>              Slik fungerer bispevalget: \u2013\u00a0I lukkede rom kan man jo si mye rart\n        <\/p>\n<p>  <\/a><\/p>\n<p>  <a href=\"https:\/\/www.nordlys.no\/5-34-2142637\" class=\"related-teaser has-image default-story-teaser article--c-eRUmMG article--c-eRUmMG-jKCPdD-design-default\" rel=\"nofollow noopener\" target=\"_blank\"><\/p>\n<p>    <img decoding=\"async\" loading=\"lazy\"  src=\"https:\/\/www.europesays.com\/no\/wp-content\/uploads\/2025\/09\/L%C3%A6gdene.jpg\" alt=\"\" class=\"brick-c-cFOWSL\" style=\"\"\/><\/p>\n<p>\n            Les ogs\u00e5<\/p>\n<p>              Biskop-striden: \u2013 Ser ut som det er i boks\n        <\/p>\n<p>  <\/a><\/p>\n<p>  <a href=\"https:\/\/www.nordlys.no\/5-34-2142492\" class=\"related-teaser has-image default-story-teaser article--c-eRUmMG article--c-eRUmMG-jKCPdD-design-default\" rel=\"nofollow noopener\" target=\"_blank\"><\/p>\n<p>    <img decoding=\"async\" loading=\"lazy\"  src=\"https:\/\/www.europesays.com\/no\/wp-content\/uploads\/2025\/09\/kandidater.jpg\" alt=\"\" class=\"brick-c-cFOWSL\" style=\"\"\/><\/p>\n<p>\n            Les ogs\u00e5<\/p>\n<p>              Dette mener kandidatene om homofili, abort og kvinnelige prester\n        <\/p>\n<p>  <\/a><\/p>\n<p>  <a href=\"https:\/\/www.nordlys.no\/5-34-2142114\" class=\"related-teaser has-image default-story-teaser article--c-eRUmMG article--c-eRUmMG-jKCPdD-design-default\" rel=\"nofollow noopener\" target=\"_blank\"><\/p>\n<p>    <img decoding=\"async\" loading=\"lazy\"  src=\"https:\/\/www.europesays.com\/no\/wp-content\/uploads\/2025\/09\/May+Line+og+Stig+-+YO.jpg\" alt=\"\" class=\"brick-c-cFOWSL\" style=\"\"\/><\/p>\n<p>\n            Les ogs\u00e5<\/p>\n<p>              \u2013 Rart \u00e5 g\u00e5 mot valg, og s\u00e5 mangler Stig sitt navn\n        <\/p>\n<p>  <\/a><\/p>\n<p>  <a href=\"https:\/\/www.nordlys.no\/5-34-2141435\" class=\"related-teaser has-image default-story-teaser article--c-eRUmMG article--c-eRUmMG-jKCPdD-design-default\" rel=\"nofollow noopener\" target=\"_blank\"><\/p>\n<p>    <img decoding=\"async\" loading=\"lazy\"  src=\"https:\/\/www.europesays.com\/no\/wp-content\/uploads\/2025\/09\/L_gdene_har_v_rt_menighetsprest_i_Kval_y__Hilles_y_og_Elverh_y_menigheter_i_Troms__domprosti__v_rt_l.jpeg\" alt=\"\" class=\"brick-c-cFOWSL\" style=\"\"\/><\/p>\n<p>\n            Les ogs\u00e5<\/p>\n<p>              \u2013 Heldigvis har jeg en familie som minner meg p\u00e5 at det er andre sp\u00f8rsm\u00e5l i verden\n        <\/p>\n<p>  <\/a><\/p>\n<p>  <a href=\"https:\/\/www.nordlys.no\/5-34-2139645\" class=\"related-teaser has-image default-story-teaser article--c-eRUmMG article--c-eRUmMG-jKCPdD-design-default\" rel=\"nofollow noopener\" target=\"_blank\"><\/p>\n<p>    <img decoding=\"async\" loading=\"lazy\"  src=\"https:\/\/www.europesays.com\/no\/wp-content\/uploads\/2025\/09\/thebigfive.jpg\" alt=\"\" class=\"brick-c-cFOWSL\" style=\"\"\/><\/p>\n<p>\n            Les ogs\u00e5<\/p>\n<p>              Disse fem kan bli ny biskop i Nord-H\u00e5logaland\n        <\/p>\n<p>  <\/a><\/p>\n<p>  <a href=\"https:\/\/www.nordlys.no\/5-34-2111457\" class=\"related-teaser has-image default-story-teaser article--c-eRUmMG article--c-eRUmMG-jKCPdD-design-default\" rel=\"nofollow noopener\" target=\"_blank\"><\/p>\n<p>    <img decoding=\"async\" loading=\"lazy\"  src=\"https:\/\/www.europesays.com\/no\/wp-content\/uploads\/2025\/09\/5_34_1760944_31nyhunnamed__37_.jpg\" alt=\"\" class=\"brick-c-cFOWSL\" style=\"\"\/><\/p>\n<p>\n            Les ogs\u00e5<\/p>\n<p>              Stig er favoritt til \u00e5 ta over toppjobben\n        <\/p>\n<p>  <\/a><\/p>\n<p>  <a href=\"https:\/\/www.nordlys.no\/5-34-2100473\" class=\"related-teaser has-image default-story-teaser article--c-eRUmMG article--c-eRUmMG-jKCPdD-design-default\" rel=\"nofollow noopener\" target=\"_blank\"><\/p>\n<p>    <img decoding=\"async\" loading=\"lazy\"  src=\"https:\/\/www.europesays.com\/no\/wp-content\/uploads\/2025\/09\/ta06cde3.jpg\" alt=\"\" class=\"brick-c-cFOWSL\" style=\"\"\/><\/p>\n<p>\n            Les ogs\u00e5<\/p>\n<p>              Biskop Olav \u00d8ygard g\u00e5r av\n        <\/p>\n<p>  <\/a><\/p>\n","protected":false},"excerpt":{"rendered":"I januar ble det kjent at Olav \u00d8ygard skulle g\u00e5 av som biskop i Nord-H\u00e5logaland bisped\u00f8mme, etter 44&hellip;\n","protected":false},"author":2,"featured_media":38965,"comment_status":"","ping_status":"","sticky":false,"template":"","format":"standard","meta":{"footnotes":""},"categories":[10],"tags":[36,6172,20,21,448,24,25,15,22,23,13,30,6173,28,29,14,16,1510,26,27],"class_list":{"0":"post-38964","1":"post","2":"type-post","3":"status-publish","4":"format-standard","5":"has-post-thumbnail","7":"category-norge","8":"tag-art","9":"tag-biskop","10":"tag-breaking-news","11":"tag-breakingnews","12":"tag-den-norske-kirke","13":"tag-featured-news","14":"tag-featurednews","15":"tag-headlines","16":"tag-latest-news","17":"tag-latestnews","18":"tag-news","19":"tag-no","20":"tag-nord-halogaland-bispedomme","21":"tag-norge","22":"tag-norway","23":"tag-nyheter","24":"tag-overskrifter","25":"tag-story","26":"tag-top-stories","27":"tag-topstories"},"share_on_mastodon":{"url":"","error":""},"_links":{"self":[{"href":"https:\/\/www.europesays.com\/no\/wp-json\/wp\/v2\/posts\/38964","targetHints":{"allow":["GET"]}}],"collection":[{"href":"https:\/\/www.europesays.com\/no\/wp-json\/wp\/v2\/posts"}],"about":[{"href":"https:\/\/www.europesays.com\/no\/wp-json\/wp\/v2\/types\/post"}],"author":[{"embeddable":true,"href":"https:\/\/www.europesays.com\/no\/wp-json\/wp\/v2\/users\/2"}],"replies":[{"embeddable":true,"href":"https:\/\/www.europesays.com\/no\/wp-json\/wp\/v2\/comments?post=38964"}],"version-history":[{"count":0,"href":"https:\/\/www.europesays.com\/no\/wp-json\/wp\/v2\/posts\/38964\/revisions"}],"wp:featuredmedia":[{"embeddable":true,"href":"https:\/\/www.europesays.com\/no\/wp-json\/wp\/v2\/media\/38965"}],"wp:attachment":[{"href":"https:\/\/www.europesays.com\/no\/wp-json\/wp\/v2\/media?parent=38964"}],"wp:term":[{"taxonomy":"category","embeddable":true,"href":"https:\/\/www.europesays.com\/no\/wp-json\/wp\/v2\/categories?post=38964"},{"taxonomy":"post_tag","embeddable":true,"href":"https:\/\/www.europesays.com\/no\/wp-json\/wp\/v2\/tags?post=38964"}],"curies":[{"name":"wp","href":"https:\/\/api.w.org\/{rel}","templated":true}]}}