{"id":38998,"date":"2025-09-18T19:34:12","date_gmt":"2025-09-18T19:34:12","guid":{"rendered":"https:\/\/www.europesays.com\/no\/38998\/"},"modified":"2025-09-18T19:34:12","modified_gmt":"2025-09-18T19:34:12","slug":"the-summer-i-turned-pretty-blir-spillefilm","status":"publish","type":"post","link":"https:\/\/www.europesays.com\/no\/38998\/","title":{"rendered":"\u00abThe Summer I Turned Pretty\u00bb blir spillefilm"},"content":{"rendered":"\n<p class=\"_lead_ew2ao_2 _lead_xtcu6_50 layout-component text-serif-m layout-normal text-serif-l layout-component layout-wide layout-padded _wide_17hqh_1 layout-padded\">Enten du er Team Conrad eller Team Jeremiah \u2013 her er en gladmelding. N\u00e5 f\u00e5r den popul\u00e6re serien \u00abThe Summer I Turned Pretty\u00bb en egen filmavslutning.<\/p>\n<p><img alt=\"\u00abTEAM CONRAD\u00bb: Skuespiller Lola Tung og Christopher Briney har blitt verdensber\u00f8mte etter rollene som Belly og Conrad i \u00abThe Summer I Turned Pretty\u00bb. Foto: GUILLAUME BAPTISTE \/ AFP\" class=\"_image_qp4xg_65 layout-component layout-wide\" data-fullscreen- data-track-element-type=\"Article image fullscreen\" data-track-name=\"ImageFullscreen\" fetchpriority=\"high\" decoding=\"sync\" loading=\"eager\" height=\"5034\" itemprop=\"image\"  src=\"https:\/\/www.europesays.com\/no\/wp-content\/uploads\/2025\/09\/87887233-3b3f-4d39-bea5-9f67ef6452cb\"  style=\"object-position:45.632075471698116% 35.36948748510131%\" width=\"5300\"\/>\u00abTEAM CONRAD\u00bb: Skuespiller Lola Tung og Christopher Briney har blitt verdensber\u00f8mte etter rollene som Belly og Conrad i \u00abThe Summer I Turned Pretty\u00bb. Foto: GUILLAUME BAPTISTE \/ AFP<\/p>\n<ul aria-hidden=\"true\" class=\"_images_1y6fe_106\">\n<li><a class=\"_link_1y6fe_111\" href=\"https:\/\/www.vg.no\/forfatter\/silje-kathrine-sviggum\" style=\"z-index:1\" title=\"Silje Kathrine Sviggum\" rel=\"nofollow noopener\" target=\"_blank\"><img alt=\"Bilde av Silje Kathrine Sviggum\" class=\"_image_1y6fe_88\" fetchpriority=\"low\" loading=\"lazy\" decoding=\"async\" itemprop=\"image\"  src=\"https:\/\/www.europesays.com\/no\/wp-content\/uploads\/2025\/09\/1758224051_178_e676a608-6bb3-4134-98e2-0f7e4dee1ab7\"  width=\"480\"\/><\/a><\/li>\n<\/ul>\n<p> Oppdatert torsdag 18. september kl. 21:19     <\/p>\n<p class=\"_paragraph_ew2ao_4 _paragraph_xtcu6_10 layout-component text-serif-m layout-normal text-serif-m layout-padded\">Den romantiske dramaseriens tredje og siste sesong ble sluppet onsdag 17. september. <\/p>\n<p class=\"_paragraph_ew2ao_4 _paragraph_xtcu6_10 layout-component text-serif-m layout-normal text-serif-m layout-padded\">N\u00e5 har Prime Video kunngjort at historien om Isabel \u00abBelly\u00bb Conklin og hennes kj\u00e6rlighetsforhold til br\u00f8drene Conrad og Jeremiah Fisher f\u00e5r sin endelige avslutning som spillefilm, melder\u00a0<a href=\"https:\/\/www.bbc.com\/news\/articles\/c39rz7r13meo\" class=\"_link_ew2ao_39\" rel=\"nofollow noopener\" target=\"_blank\">BBC<\/a>.<\/p>\n<p><img alt=\"FILMKLARE: Forfatter og serie skaper Jenny Han (i rosa) sammen med (f.v.) Gavin Casalegno, Christopher Briney og Lola Tung.  Foto: GUILLAUME BAPTISTE \/ AFP\" class=\"_image_qp4xg_65 layout-component layout-normal\" data-fullscreen- data-track-element-type=\"Article image fullscreen\" data-track-name=\"ImageFullscreen\" decoding=\"async\" loading=\"lazy\" height=\"5292\" itemprop=\"image\"  src=\"https:\/\/www.europesays.com\/no\/wp-content\/uploads\/2025\/09\/b37e2d57-acc4-44ee-a9ae-a123e119a067\"  style=\"object-position:0% 0%\" width=\"7937\"\/>FILMKLARE: Forfatter og serie skaper Jenny Han (i rosa) sammen med (f.v.) Gavin Casalegno, Christopher Briney og Lola Tung.  Foto: GUILLAUME BAPTISTE \/ AFP<\/p>\n<p class=\"_paragraph_ew2ao_4 _paragraph_xtcu6_10 layout-component text-serif-m layout-normal text-serif-m layout-padded\">Jenny Han, som skrev den opprinnelige bokserien og har skapt TV-serien, skal b\u00e5de skrive og regissere filmen.<\/p>\n<p class=\"_paragraph_ew2ao_4 _paragraph_xtcu6_10 layout-component text-serif-m layout-normal text-serif-m layout-padded\">\u2013 Det er en stor milep\u00e6l igjen i Bellys reise, og jeg tenkte at bare en film kunne gi den rettferdig behandling, sier Han i en uttalelse.<\/p>\n<p class=\"_paragraph_ew2ao_4 _paragraph_xtcu6_10 layout-component text-serif-m layout-normal text-serif-m layout-padded\">Serien \u00abThe Summer I Turned Pretty\u00bb er basert p\u00e5 hennes bokserie med samme navn.<\/p>\n<ul class=\"_gallery_1qa3s_23\" tabindex=\"0\">\n<li class=\"_item_1qa3s_37\" data-index=\"0\"><img decoding=\"async\" class=\"_image_foru8_23 _articleGallery_foru8_39\" data-fullscreen- width=\"1950\" height=\"1302\" itemprop=\"image\" loading=\"lazy\"  src=\"https:\/\/www.europesays.com\/no\/wp-content\/uploads\/2025\/09\/3b65da36-97d0-4700-b2dc-189f88c50ac0\"  style=\"object-position:50% 50%;aspect-ratio:var(--gallery-aspect-ratio, 16 \/ 9)\"\/>TREKANTDRAMA: Belly (Lola Tung) slites mellom br\u00f8drene Jeremiah (Gavin Casalego) og Conrad Fisher (Christopher Briney). Her fra en strandscene i den fiktive byen Cousins. Foto: Prime Video<\/li>\n<li class=\"_item_1qa3s_37\" data-index=\"1\"><img decoding=\"async\" class=\"_image_foru8_23 _articleGallery_foru8_39\" data-fullscreen- width=\"1948\" height=\"1298\" itemprop=\"image\" loading=\"lazy\"  src=\"https:\/\/www.europesays.com\/no\/wp-content\/uploads\/2025\/09\/6c1de509-d86e-4381-97b5-0f5b7a860cf5\"  style=\"object-position:50% 50%;aspect-ratio:var(--gallery-aspect-ratio, 16 \/ 9)\"\/>BADENYMFE: Badeglade Belly og introverte Conrad i en scene fra seriens f\u00f8rste sesong. Foto: Prime Video<\/li>\n<li class=\"_item_1qa3s_37\" data-index=\"2\"><img decoding=\"async\" class=\"_image_foru8_23 _articleGallery_foru8_39\" data-fullscreen- width=\"1946\" height=\"1302\" itemprop=\"image\" loading=\"lazy\"  src=\"https:\/\/www.europesays.com\/no\/wp-content\/uploads\/2025\/09\/e3487a79-392a-43d2-bbed-d92b4882c63d\"  style=\"object-position:50% 50%;aspect-ratio:var(--gallery-aspect-ratio, 16 \/ 9)\"\/>VENNSKAP: Kj\u00e6rlighet og langvarige vennskap er blant temaene i \u00abThe Summer I Turned Pretty\u00bb. Serien f\u00f8lger Belly (t.h) i slutten av ten\u00e5rene og starten av 20-\u00e5rene. Foto: Prime Video<\/li>\n<\/ul>\n<p>TREKANTDRAMA: Belly (Lola Tung) slites mellom br\u00f8drene Jeremiah (Gavin Casalego) og Conrad Fisher (Christopher Briney). Her fra en strandscene i den fiktive byen Cousins. Foto: Prime Video<\/p>\n<p class=\"_paragraph_ew2ao_4 _paragraph_xtcu6_10 layout-component text-serif-m layout-normal text-serif-m layout-padded\">TV-serien har skapt en intens fanskare siden den hadde premiere i 2022. <\/p>\n<p class=\"_paragraph_ew2ao_4 _paragraph_xtcu6_10 layout-component text-serif-m layout-normal text-serif-m layout-padded\">Fansen har delt seg i to leire \u2013 \u00abTeam Conrad\u00bb og \u00abTeam Jeremiah\u00bb \u2013 basert p\u00e5 hvem de \u00f8nsker at hovedpersonen Belly skal ende opp med.<\/p>\n<p class=\"_paragraph_ew2ao_4 _paragraph_xtcu6_10 layout-component text-serif-m layout-normal text-serif-m layout-padded\"><a href=\"https:\/\/www.vg.no\/rampelys\/i\/VzAX2l\/the-summer-i-turned-pretty-stjernen-lola-tung-advarer-mot-skremmende-fans\" data-track-element-type=\"Link\" data-track-id=\"link:VzAX2l\" class=\"_link_ew2ao_39\" rel=\"nofollow noopener\" target=\"_blank\">Det intense engasjementet har ogs\u00e5 f\u00f8rt til nettmobbing<\/a> av seriens hovedskuespillere. <\/p>\n<p class=\"_paragraph_ew2ao_4 _paragraph_xtcu6_10 layout-component text-serif-m layout-normal text-serif-m layout-padded\">Dette har f\u00e5tt str\u00f8mmetjenesten Prime Video og serieskaper Han til \u00e5 be fansen om \u00e5 \u00aboppf\u00f8re seg normalt p\u00e5 nettet\u00bb.<\/p>\n<p class=\"_paragraph_ew2ao_4 _paragraph_xtcu6_10 layout-component text-serif-m layout-normal text-serif-m layout-padded\">Nyheten om filmen ble kunngjort under seriens sesong 3-premiere i Paris onsdag. Hovedrolleinnehaver <a href=\"https:\/\/www.vg.no\/tag\/lola-tung?utm_source=vg-article&amp;utm_medium=auto-tagger&amp;utm_campaign=MnOMg5\" class=\"_link_ew2ao_39\" rel=\"nofollow noopener\" target=\"_blank\">Lola Tung<\/a> poserte p\u00e5 den r\u00f8de l\u00f8peren foran en plakat som annonserte filmen, sammen med Christopher Briney som spiller Conrad.<\/p>\n<p class=\"_paragraph_ew2ao_4 _paragraph_xtcu6_10 layout-component text-serif-m layout-normal text-serif-m layout-padded\">Handlingen i filmen holdes forel\u00f8pig hemmelig, men Prime Video bekrefter at det blir det siste kapittelet i Bellys historie.<\/p>\n<p class=\"_paragraph_ew2ao_4 _paragraph_xtcu6_10 layout-component text-serif-m layout-normal text-serif-m layout-padded\"><strong class=\"_strong_ew2ao_25\">Se video: Her stopper Renate Reinsve intervjuet<\/strong><\/p>\n","protected":false},"excerpt":{"rendered":"Enten du er Team Conrad eller Team Jeremiah \u2013 her er en gladmelding. N\u00e5 f\u00e5r den popul\u00e6re serien&hellip;\n","protected":false},"author":2,"featured_media":38999,"comment_status":"","ping_status":"","sticky":false,"template":"","format":"standard","meta":{"footnotes":""},"categories":[58],"tags":[71,2913,80,6175,30,28,29,792,72,46],"class_list":{"0":"post-38998","1":"post","2":"type-post","3":"status-publish","4":"format-standard","5":"has-post-thumbnail","7":"category-underholdning","8":"tag-entertainment","9":"tag-filmer","10":"tag-hollywood","11":"tag-lola-tung","12":"tag-no","13":"tag-norge","14":"tag-norway","15":"tag-tv-serie","16":"tag-underholdning","17":"tag-vgai"},"share_on_mastodon":{"url":"","error":""},"_links":{"self":[{"href":"https:\/\/www.europesays.com\/no\/wp-json\/wp\/v2\/posts\/38998","targetHints":{"allow":["GET"]}}],"collection":[{"href":"https:\/\/www.europesays.com\/no\/wp-json\/wp\/v2\/posts"}],"about":[{"href":"https:\/\/www.europesays.com\/no\/wp-json\/wp\/v2\/types\/post"}],"author":[{"embeddable":true,"href":"https:\/\/www.europesays.com\/no\/wp-json\/wp\/v2\/users\/2"}],"replies":[{"embeddable":true,"href":"https:\/\/www.europesays.com\/no\/wp-json\/wp\/v2\/comments?post=38998"}],"version-history":[{"count":0,"href":"https:\/\/www.europesays.com\/no\/wp-json\/wp\/v2\/posts\/38998\/revisions"}],"wp:featuredmedia":[{"embeddable":true,"href":"https:\/\/www.europesays.com\/no\/wp-json\/wp\/v2\/media\/38999"}],"wp:attachment":[{"href":"https:\/\/www.europesays.com\/no\/wp-json\/wp\/v2\/media?parent=38998"}],"wp:term":[{"taxonomy":"category","embeddable":true,"href":"https:\/\/www.europesays.com\/no\/wp-json\/wp\/v2\/categories?post=38998"},{"taxonomy":"post_tag","embeddable":true,"href":"https:\/\/www.europesays.com\/no\/wp-json\/wp\/v2\/tags?post=38998"}],"curies":[{"name":"wp","href":"https:\/\/api.w.org\/{rel}","templated":true}]}}