{"id":39021,"date":"2025-09-18T20:00:12","date_gmt":"2025-09-18T20:00:12","guid":{"rendered":"https:\/\/www.europesays.com\/no\/39021\/"},"modified":"2025-09-18T20:00:12","modified_gmt":"2025-09-18T20:00:12","slug":"durek-verrett-forklarer-rasisme-uttalelsene","status":"publish","type":"post","link":"https:\/\/www.europesays.com\/no\/39021\/","title":{"rendered":"Durek Verrett forklarer rasisme-uttalelsene"},"content":{"rendered":"\n<p class=\"_lead_ew2ao_2 _lead_xtcu6_50 layout-component text-serif-m layout-normal text-serif-l layout-component layout-wide layout-padded _wide_17hqh_1 layout-padded\">Hevder kongeparet ikke forsto hvordan rasisme p\u00e5virket ham.<\/p>\n<p><img alt=\"Durek Verrett i en sekvens fra Netflix-dokumentaren \u00abRebel Royals\u00bb. Foto: Netflix\" class=\"_image_qp4xg_65 layout-component layout-wide\" data-fullscreen- data-track-element-type=\"Article image fullscreen\" data-track-name=\"ImageFullscreen\" fetchpriority=\"high\" decoding=\"sync\" loading=\"eager\" height=\"2160\" itemprop=\"image\"  src=\"https:\/\/www.europesays.com\/no\/wp-content\/uploads\/2025\/09\/a3034673-eb68-446c-a882-410323d3b3e3\"  style=\"object-position:0% 0%\" width=\"3840\"\/>Durek Verrett i en sekvens fra Netflix-dokumentaren \u00abRebel Royals\u00bb. Foto: Netflix<\/p>\n<ul aria-hidden=\"true\" class=\"_images_1y6fe_106\">\n<li><a class=\"_link_1y6fe_111\" href=\"https:\/\/www.vg.no\/forfatter\/silje-kathrine-sviggum\" style=\"z-index:2\" title=\"Silje Kathrine Sviggum\" rel=\"nofollow noopener\" target=\"_blank\"><img alt=\"Bilde av Silje Kathrine Sviggum\" class=\"_image_1y6fe_88\" fetchpriority=\"low\" loading=\"lazy\" decoding=\"async\" itemprop=\"image\"  src=\"https:\/\/www.europesays.com\/no\/wp-content\/uploads\/2025\/09\/1758225609_159_e676a608-6bb3-4134-98e2-0f7e4dee1ab7\"  width=\"480\"\/><\/a><\/li>\n<li><a class=\"_link_1y6fe_111\" href=\"https:\/\/www.vg.no\/forfatter\/bastian-lunde-hvitmyhr\" style=\"z-index:1\" title=\"Bastian Lunde Hvitmyhr\" rel=\"nofollow noopener\" target=\"_blank\"><img alt=\"Bilde av Bastian Lunde Hvitmyhr\" class=\"_image_1y6fe_88\" fetchpriority=\"low\" loading=\"lazy\" decoding=\"async\" itemprop=\"image\"  src=\"https:\/\/www.europesays.com\/no\/wp-content\/uploads\/2025\/09\/1758225609_358_150baf2c-85af-47f9-b506-d8189e6820a4\"  width=\"480\"\/><\/a><\/li>\n<\/ul>\n<p> Oppdatert torsdag 18. september kl. 20:10     <\/p>\n<p class=\"_paragraph_ew2ao_4 _paragraph_xtcu6_10 layout-component text-serif-m layout-normal text-serif-m layout-padded\">Durek Verrett har f\u00e5tt kraftig kritikk denne uken etter Netflix-dokumentaren \u00abRebel Royals\u00bb som dokumenterer bryllupet og relasjonen mellom ham og kona, prinsesse M\u00e4rtha Louise. <\/p>\n<p class=\"_paragraph_ew2ao_4 _paragraph_xtcu6_10 layout-component text-serif-m layout-normal text-serif-m layout-padded\">N\u00e5 forklarer den selverkl\u00e6rte sjamanen sine kontroversielle uttalelser om kong Harald og dronning Sonja i en <a href=\"https:\/\/www.instagram.com\/p\/DOwEpLEiOgA\/?hl=en\" class=\"_link_ew2ao_39\" rel=\"nofollow noopener\" target=\"_blank\">Instagram-video<\/a>.<\/p>\n<p class=\"_paragraph_ew2ao_4 _paragraph_xtcu6_10 layout-component text-serif-m layout-normal layout-padded\"><strong class=\"_strong_ew2ao_25\">Les ogs\u00e5:<\/strong> <a href=\"https:\/\/www.vg.no\/i\/eM9jr9\" data-track-element-type=\"Link\" data-track-id=\"link:eM9jr9\" class=\"_link_ew2ao_39\" rel=\"nofollow noopener\" target=\"_blank\">Folket vil ta fra M\u00e4rtha prinsessetittelen<\/a><\/p>\n<p class=\"_paragraph_ew2ao_4 _paragraph_xtcu6_10 layout-component text-serif-m layout-normal text-serif-m layout-padded\">\u2013 Jeg vil si dette: Jeg tror ikke at de ikke visste at rasisme fantes, men jeg tror ikke de forsto hvordan det p\u00e5virket meg, sier Verrett i videoen publisert torsdag kveld, if\u00f8lge<\/p>\n<p class=\"_paragraph_ew2ao_4 _paragraph_xtcu6_10 layout-component text-serif-m layout-normal text-serif-m layout-padded\"><a href=\"https:\/\/www.aftenposten.no\/kultur\/i\/o3XdEm\/durek-verrett-om-kongeparet-tror-ikke-de-forsto-hvordan-det-paavirket-meg\" class=\"_link_ew2ao_39\" rel=\"nofollow noopener\" target=\"_blank\">Aftenposten<\/a>. omtalte saken f\u00f8rst.<\/p>\n<p class=\"_paragraph_ew2ao_4 _paragraph_xtcu6_10 layout-component text-serif-m layout-normal text-serif-m layout-padded\">Det er f\u00f8rste gang 50-\u00e5ringen snakker konkret om kontroversene den siste uken.<\/p>\n<p class=\"_paragraph_ew2ao_4 _paragraph_xtcu6_10 layout-component text-serif-m layout-normal text-serif-m layout-padded\">Netflix-dokumentaren <a href=\"https:\/\/www.vg.no\/rampelys\/i\/dRyVBj\/rebel-royals-til-topps-paa-netflix\" data-track-element-type=\"Link\" data-track-id=\"link:dRyVBj\" class=\"_link_ew2ao_39\" rel=\"nofollow noopener\" target=\"_blank\">gj\u00f8r det skarpt seertallsmessig<\/a>, men imponerer ikke kritikerne. VGs anmelder trillet en lunken <a href=\"https:\/\/www.vg.no\/rampelys\/i\/lw6yQ7\/anmeldelse-rebel-royals-an-unlikely-love-story\" data-track-element-type=\"Link\" data-track-id=\"link:lw6yQ7\" class=\"_link_ew2ao_39\" rel=\"nofollow noopener\" target=\"_blank\">terningkast 3<\/a>. <\/p>\n<p class=\"_paragraph_ew2ao_4 _paragraph_xtcu6_10 layout-component text-serif-m layout-normal text-serif-m layout-padded\">Blant de internasjonale ga den britiske storavisen <a href=\"https:\/\/www.theguardian.com\/tv-and-radio\/2025\/sep\/16\/rebel-royals-an-unlikely-love-story-review-the-one-about-the-princess-and-the-soul-sexual-shaman#:~:text=Rebel%20Royals%20is%20presented%20entirely,up%20with%20a%20male%20partner.\" class=\"_link_ew2ao_39\" rel=\"nofollow noopener\" target=\"_blank\">The Guardian<\/a> 2 av 5 mulige stjerner i sin anmeldelse.<\/p>\n<p class=\"_paragraph_ew2ao_4 _paragraph_xtcu6_10 layout-component text-serif-m layout-normal layout-padded\"><strong class=\"_strong_ew2ao_25\">Les ogs\u00e5:<\/strong> <a href=\"https:\/\/www.vg.no\/i\/QMGVdJ\" data-track-element-type=\"Link\" data-track-id=\"link:QMGVdJ\" class=\"_link_ew2ao_39\" rel=\"nofollow noopener\" target=\"_blank\">Marianne Behn om dokumentaren: \u2013 Utfordrende<\/a><\/p>\n<p class=\"_paragraph_ew2ao_4 _paragraph_xtcu6_10 layout-component text-serif-m layout-normal text-serif-m layout-padded\">Han forteller at han tar opp rasisme-utfordringer ogs\u00e5 for \u00e5 anerkjenne egne opplevelser.<\/p>\n<p class=\"_paragraph_ew2ao_4 _paragraph_xtcu6_10 layout-component text-serif-m layout-normal text-serif-m layout-padded\">\u2013 Jeg tilbringer mye tid i det afrikanske milj\u00f8et i Norge, og med min kones familie.<\/p>\n<p class=\"_paragraph_ew2ao_4 _paragraph_xtcu6_10 layout-component text-serif-m layout-normal text-serif-m layout-padded\">\u2013 Det er dumt at noen mener jeg trekker rasekortet n\u00e5r jeg tar dette opp.<\/p>\n<p><img alt=\"Foto: Netflix\" class=\"_image_qp4xg_65 layout-component layout-normal\" data-fullscreen- data-track-element-type=\"Article image fullscreen\" data-track-name=\"ImageFullscreen\" decoding=\"async\" loading=\"lazy\" height=\"2160\" itemprop=\"image\"  src=\"https:\/\/www.europesays.com\/no\/wp-content\/uploads\/2025\/09\/508202b5-961a-4b00-ba35-686f8618d803\"  style=\"object-position:0% 0%\" width=\"3840\"\/>Foto: Netflix<\/p>\n<p class=\"_paragraph_ew2ao_4 _paragraph_xtcu6_10 layout-component text-serif-m layout-normal text-serif-m layout-padded\">I dokumentaren hevdet Verrett blant annet at kongeparet ikke visste hva rasisme var f\u00f8r han kom inn i familien. <\/p>\n<p class=\"_paragraph_ew2ao_4 _paragraph_xtcu6_10 layout-component text-serif-m layout-normal text-serif-m layout-padded\">Han forteller der at de den gang kommende svigerforeldrene s\u00e5 p\u00e5 ham som om han \u00abvar gal\u00bb da han fortalte at rasisme finnes.<\/p>\n<p class=\"_paragraph_ew2ao_4 _paragraph_xtcu6_10 layout-component text-serif-m layout-normal text-serif-m layout-padded\">\u2013 Det er uheldig at folk ikke skj\u00f8nner hva jeg mener, sier Verrett i videoen torsdag kveld.<\/p>\n<p><img alt=\"Foto: Netflix\" class=\"_image_qp4xg_65 layout-component layout-normal\" data-fullscreen- data-track-element-type=\"Article image fullscreen\" data-track-name=\"ImageFullscreen\" decoding=\"async\" loading=\"lazy\" height=\"2160\" itemprop=\"image\"  src=\"https:\/\/www.europesays.com\/no\/wp-content\/uploads\/2025\/09\/335da3dd-0a48-4ad2-a81b-eb2d266c0538\"  style=\"object-position:0% 0%\" width=\"3840\"\/>Foto: Netflix<\/p>\n<p class=\"_paragraph_ew2ao_4 _paragraph_xtcu6_10 layout-component text-serif-m layout-normal text-serif-m layout-padded\">Han understreker at han ikke ser p\u00e5 seg selv som et offer, og at han bare \u00f8nsket \u00e5 dele sin erfaring. Verrett roser kongeparet for \u00e5 ha tatt \u00abfantastiske grep\u00bb ved \u00e5 ta opp diskusjonen om rasisme offentlig.<\/p>\n<p class=\"_paragraph_ew2ao_4 _paragraph_xtcu6_10 layout-component text-serif-m layout-normal text-serif-m layout-padded\">I 2022 skrev kongehuset et \u00e5pent brev der de tok avstand fra \u00abde rasistiske holdningene Durek Verrett har v\u00e6rt utsatt for\u00bb.<\/p>\n<p>       <img decoding=\"async\" alt=\"Tips oss illustrasjon\" width=\"62px\" height=\"auto\" src=\"https:\/\/www.europesays.com\/no\/wp-content\/uploads\/2025\/08\/1754784428_95_W9avJzE.png\"\/>    <\/p>\n<p class=\"title-serif-s\">Har du tips til oss?<\/p>\n<p class=\"text-sans-m\">Send oss informasjon, bilder eller video<\/p>\n<p>  <a href=\"https:\/\/www.vg.no\/tips-oss\" rel=\"nofollow noopener\" target=\"_blank\"> Tips oss <\/a>      <script async src=\"\/\/www.instagram.com\/embed.js\"><\/script><\/p>\n","protected":false},"excerpt":{"rendered":"Hevder kongeparet ikke forsto hvordan rasisme p\u00e5virket ham. Durek Verrett i en sekvens fra Netflix-dokumentaren \u00abRebel Royals\u00bb. Foto:&hellip;\n","protected":false},"author":2,"featured_media":39022,"comment_status":"","ping_status":"","sticky":false,"template":"","format":"standard","meta":{"footnotes":""},"categories":[5],"tags":[31,20,21,24,25,15,19,22,23,17,18,13,30,28,29,14,16,26,27],"class_list":{"0":"post-39021","1":"post","2":"type-post","3":"status-publish","4":"format-standard","5":"has-post-thumbnail","7":"category-overskrifter","8":"tag-breaking","9":"tag-breaking-news","10":"tag-breakingnews","11":"tag-featured-news","12":"tag-featurednews","13":"tag-headlines","14":"tag-hovedoppslag","15":"tag-latest-news","16":"tag-latestnews","17":"tag-main-news","18":"tag-mainnews","19":"tag-news","20":"tag-no","21":"tag-norge","22":"tag-norway","23":"tag-nyheter","24":"tag-overskrifter","25":"tag-top-stories","26":"tag-topstories"},"share_on_mastodon":{"url":"","error":""},"_links":{"self":[{"href":"https:\/\/www.europesays.com\/no\/wp-json\/wp\/v2\/posts\/39021","targetHints":{"allow":["GET"]}}],"collection":[{"href":"https:\/\/www.europesays.com\/no\/wp-json\/wp\/v2\/posts"}],"about":[{"href":"https:\/\/www.europesays.com\/no\/wp-json\/wp\/v2\/types\/post"}],"author":[{"embeddable":true,"href":"https:\/\/www.europesays.com\/no\/wp-json\/wp\/v2\/users\/2"}],"replies":[{"embeddable":true,"href":"https:\/\/www.europesays.com\/no\/wp-json\/wp\/v2\/comments?post=39021"}],"version-history":[{"count":0,"href":"https:\/\/www.europesays.com\/no\/wp-json\/wp\/v2\/posts\/39021\/revisions"}],"wp:featuredmedia":[{"embeddable":true,"href":"https:\/\/www.europesays.com\/no\/wp-json\/wp\/v2\/media\/39022"}],"wp:attachment":[{"href":"https:\/\/www.europesays.com\/no\/wp-json\/wp\/v2\/media?parent=39021"}],"wp:term":[{"taxonomy":"category","embeddable":true,"href":"https:\/\/www.europesays.com\/no\/wp-json\/wp\/v2\/categories?post=39021"},{"taxonomy":"post_tag","embeddable":true,"href":"https:\/\/www.europesays.com\/no\/wp-json\/wp\/v2\/tags?post=39021"}],"curies":[{"name":"wp","href":"https:\/\/api.w.org\/{rel}","templated":true}]}}