{"id":39039,"date":"2025-09-18T20:16:08","date_gmt":"2025-09-18T20:16:08","guid":{"rendered":"https:\/\/www.europesays.com\/no\/39039\/"},"modified":"2025-09-18T20:16:08","modified_gmt":"2025-09-18T20:16:08","slug":"priscilla-presley-apner-opp-om-lisa-marie-presleys-tragiske-dod-og-familiens-sorg","status":"publish","type":"post","link":"https:\/\/www.europesays.com\/no\/39039\/","title":{"rendered":"Priscilla Presley \u00e5pner opp om Lisa Marie Presleys tragiske d\u00f8d og familiens sorg"},"content":{"rendered":"<p class=\"kicker \" style=\"\">Priscilla Presley:\u00a0<\/p>\n<p>  Priscilla Presley forteller om sorgen som fortsatt preger familien to \u00e5r etter Lisa Maries d\u00f8d.<\/p>\n<p>\n    SLITER: Lisa Marie Presley gikk bort 12. januar bare 54 \u00e5r gammel. Her er hun avbildet med moren Priscilla Presley. Foto: Tim Sloan \/ AFP \/ NTB\n  <\/p>\n<p>En hel verden var i sjokk da det ble kjent at Lisa Marie Presley hadde g\u00e5tt bort 12. januar 2023, bare 54 \u00e5r gammel. Hun var datter av Elvis og Priscilla Presley (80).\u00a0<\/p>\n<p>    <a itemprop=\"url\" href=\"https:\/\/www.seher.no\/kjendis\/nektet-a-gjenopplive-datteren\/83454837\" rel=\"nofollow noopener\" target=\"_blank\"><\/p>\n<p>      <img loading=\"lazy\" decoding=\"async\" src=\"https:\/\/www.europesays.com\/no\/wp-content\/uploads\/2025\/09\/83455513.webp\" width=\"147\" height=\"98\" title=\"- Nektet \u00e5 gjenopplive datteren\" alt=\"\" class=\"lazyload\" style=\"--aspect-ratio-image: 1.50; \"\/><\/p>\n<p>        &#8211; Nektet \u00e5 gjenopplive datteren<\/p>\n<p>    <\/a><\/p>\n<p>Hun ble hastet til sykehus etter \u00e5 ha f\u00e5tt et antatt hjerteinfarkt. Ambulansepersonell skal ha klart \u00e5 f\u00e5 pulsen hennes tilbake f\u00f8r hun ankom sykehuset, men skal ha f\u00e5tt\u00a0et nytt hjerteinfarkt p\u00e5 sykehuset.<\/p>\n<p>Et halvt \u00e5r senere meldte\u00a0<a href=\"https:\/\/www.tmz.com\/\" rel=\"nofollow noopener\" target=\"_blank\">TMZ<\/a>\u00a0at Lisa Marie d\u00f8de av komplikasjonene som fulgte etter en mindre tynntarmobstruksjon. \u00a0<\/p>\n<p>        HYLLES: Pernilla Wahlgren blir overrasket med en hyllest fra sin avd\u00f8de far under \u00abVilket liv!\u00bb. Video: \u00abVilket liv!\u00bb\/TV4.<\/p>\n<p>N\u00e5 \u00e5pner Priscilla opp om det hjerteskj\u00e6rende \u00f8yeblikket hvor datteren Lisa Marie ikke ble gjenopplivet. Det gj\u00f8r hun i sin nye selvbiografi \u00abSoftly, as I Leave You: Life After Elvis\u00bb, skriver <a href=\"https:\/\/people.com\/priscilla-presley-details-taking-lisa-marie-off-life-support-exclusive-11811453\" rel=\"nofollow noopener\" target=\"_blank\">People<\/a>.\u00a0<\/p>\n<p>    <a itemprop=\"url\" href=\"https:\/\/www.seher.no\/kjendis\/holdt-dod-sonn-hjemme-i-to-maneder\/82051633\" rel=\"nofollow noopener\" target=\"_blank\"><\/p>\n<p>      <img loading=\"lazy\" decoding=\"async\" src=\"https:\/\/www.europesays.com\/no\/wp-content\/uploads\/2025\/09\/82051616.webp\" width=\"147\" height=\"100\" title=\"Holdt d\u00f8d s\u00f8nn hjemme i to m\u00e5neder\" alt=\"\" class=\"lazyload\" style=\"--aspect-ratio-image: 1.47; \"\/><\/p>\n<p>        Holdt d\u00f8d s\u00f8nn hjemme i to m\u00e5neder<\/p>\n<p>    <\/a><\/p>\n<p>I et utdrag fra boka beskriver Priscilla hvordan hun visste at datteren allerede var d\u00f8d da hun kom inn p\u00e5 sykehusrommet.<\/p>\n<p class=\"font-weight-bold m-font-weight-bold\" data-lab-font_weight=\"font-weight-bold\">\u00abJeg visste fra det f\u00f8rste \u00f8yeblikket jeg gikk inn p\u00e5 Lisas sykehusrom at hun allerede var borte. Hun var koblet til en maskin som pustet for henne, og hun hadde hjerterytme. Det var lite hjerneaktivitet. Sjelen hennes, som alltid var s\u00e5 vital, var ikke der\u00bb, skriver hun.<\/p>\n<p>          <img loading=\"lazy\" decoding=\"async\" src=\"https:\/\/www.europesays.com\/no\/wp-content\/uploads\/2025\/09\/83608708.webp\" width=\"686\" height=\"618\" title=\"MOR OG DATTER: Priscilla skriver i sin nye selvbiografi at tapet av Lisa Marie preger familien enormt. Foto: REX \/ NTB\" alt=\"\" class=\"\" style=\"--aspect-ratio-image: 1.11; \"\/><\/p>\n<p>\n          MOR OG DATTER: Priscilla skriver i sin nye selvbiografi at tapet av Lisa Marie preger familien enormt. Foto: REX \/ NTB\n      <\/p>\n<p>Etter timer med venting m\u00e5tte Priscilla ta den vanskeligste avgj\u00f8relsen i sitt liv. Da legen spurte hva hun ville gj\u00f8re, spurte hun tilbake: \u00abHva slags liv vil hun ha hvis vi holder henne i live p\u00e5 den maskinen?\u00bb.\u00a0<\/p>\n<p>Legen ristet p\u00e5 hodet og fortalte at hun ikke ville ha noen livskvalitet i det hele tatt, noe som resulterte i at Priscilla bestemte seg for \u00e5 skru av maskinen.\u00a0<\/p>\n<p>          <img loading=\"lazy\" decoding=\"async\" src=\"https:\/\/www.europesays.com\/no\/wp-content\/uploads\/2025\/09\/83608712.webp\" width=\"686\" height=\"467\" title=\"NYF\u00d8DT: Elvis og Priscilla var stolte foreldre da de \u00f8nsket datteren Lisa Marie Presley velkommen til verden i 1968. Foto: NTB\" alt=\"\" class=\"\" style=\"--aspect-ratio-image: 1.47; \"\/><\/p>\n<p>\n          NYF\u00d8DT: Elvis og Priscilla var stolte foreldre da de \u00f8nsket datteren Lisa Marie Presley velkommen til verden i 1968. Foto: NTB\n      <\/p>\n<p>Det er over to \u00e5r siden Lisa Marie gikk bort, og Priscilla skriver i boken at tapet fortsatt er sv\u00e6rt vanskelig for familien.\u00a0<\/p>\n<p class=\"font-weight-bold m-font-weight-bold\" data-lab-font_weight=\"font-weight-bold\">\u00abVi var der hele dagen. Lisa pustet egentlig ikke, s\u00e5 hun var p\u00e5 respirator. I timevis var vi der og ventet, h\u00e5pet og ba til legen kom inn og sa: \u00abPriscilla, jeg beklager s\u00e5 mye, hun er borte. Vi kunne bare ikke tro det &#8211; ville ikke tro det. Det var vanskelig for oss alle, det er det fortsatt\u00bb.<\/p>\n<p>        MINNES: Musikkprodusent Quincy Jones d\u00f8de s\u00f8ndag kveld i hjemmet sitt i Bel Air i Los Angeles. Musikkanmelder \u00d8yvind R\u00f8nning minnes en av musikkhistoriens st\u00f8rste produsenter. Foto: NTB\/AP. <\/p>\n<p>Priscillas selvbiografi kommer ut 23. september.<\/p>\n","protected":false},"excerpt":{"rendered":"Priscilla Presley:\u00a0 Priscilla Presley forteller om sorgen som fortsatt preger familien to \u00e5r etter Lisa Maries d\u00f8d. SLITER:&hellip;\n","protected":false},"author":2,"featured_media":39040,"comment_status":"","ping_status":"","sticky":false,"template":"","format":"standard","meta":{"footnotes":""},"categories":[58],"tags":[4982,576,71,479,2543,6180,30,28,29,6179,6178,72],"class_list":{"0":"post-39039","1":"post","2":"type-post","3":"status-publish","4":"format-standard","5":"has-post-thumbnail","7":"category-underholdning","8":"tag-apner-opp","9":"tag-dodsfall","10":"tag-entertainment","11":"tag-kjendis","12":"tag-kjendisdesken","13":"tag-lisa-marie-presley","14":"tag-no","15":"tag-norge","16":"tag-norway","17":"tag-priscilla-presley","18":"tag-sorg","19":"tag-underholdning"},"share_on_mastodon":{"url":"","error":""},"_links":{"self":[{"href":"https:\/\/www.europesays.com\/no\/wp-json\/wp\/v2\/posts\/39039","targetHints":{"allow":["GET"]}}],"collection":[{"href":"https:\/\/www.europesays.com\/no\/wp-json\/wp\/v2\/posts"}],"about":[{"href":"https:\/\/www.europesays.com\/no\/wp-json\/wp\/v2\/types\/post"}],"author":[{"embeddable":true,"href":"https:\/\/www.europesays.com\/no\/wp-json\/wp\/v2\/users\/2"}],"replies":[{"embeddable":true,"href":"https:\/\/www.europesays.com\/no\/wp-json\/wp\/v2\/comments?post=39039"}],"version-history":[{"count":0,"href":"https:\/\/www.europesays.com\/no\/wp-json\/wp\/v2\/posts\/39039\/revisions"}],"wp:featuredmedia":[{"embeddable":true,"href":"https:\/\/www.europesays.com\/no\/wp-json\/wp\/v2\/media\/39040"}],"wp:attachment":[{"href":"https:\/\/www.europesays.com\/no\/wp-json\/wp\/v2\/media?parent=39039"}],"wp:term":[{"taxonomy":"category","embeddable":true,"href":"https:\/\/www.europesays.com\/no\/wp-json\/wp\/v2\/categories?post=39039"},{"taxonomy":"post_tag","embeddable":true,"href":"https:\/\/www.europesays.com\/no\/wp-json\/wp\/v2\/tags?post=39039"}],"curies":[{"name":"wp","href":"https:\/\/api.w.org\/{rel}","templated":true}]}}