{"id":39049,"date":"2025-09-18T20:25:56","date_gmt":"2025-09-18T20:25:56","guid":{"rendered":"https:\/\/www.europesays.com\/no\/39049\/"},"modified":"2025-09-18T20:25:56","modified_gmt":"2025-09-18T20:25:56","slug":"pensjonssparing-i-50-arene-dnb-nyheter","status":"publish","type":"post","link":"https:\/\/www.europesays.com\/no\/39049\/","title":{"rendered":"Pensjonssparing i 50-\u00e5rene &#8211; DNB Nyheter"},"content":{"rendered":"<p>    Har du andre \u00f8nsker?<\/p>\n<p>Personer som er i 50-\u00e5rene har fortsatt dr\u00f8mmer og \u00f8nsker i n\u00e6r framtid.<\/p>\n<p>\u2013 Hvor mye du trenger og hvor lenge til du \u00f8nsker \u00e5 bruke av pengene setter gjerne premissene for hvordan du b\u00f8r spare. Skal du spare til en ferie neste \u00e5r, b\u00f8r du velge <a href=\"https:\/\/www.dnb.no\/sparing\/sparing-pa-konto\/sparekonto\" target=\"_blank\" rel=\"nofollow noopener\">sparekonto<\/a>. Skal du heller spare til noe om ti \u00e5r, ja da kan det l\u00f8nne seg \u00e5 \u00f8ke risikoen i sparingen for \u00e5 fors\u00f8ke \u00e5 f\u00e5 h\u00f8yere avkastning, sier Revheim.<\/p>\n<p>En alt-i-ett-l\u00f8sning er <a href=\"https:\/\/www.dnb.no\/sparing\/fond\/kombinasjonsfond\" target=\"_blank\" rel=\"nofollow noopener\">kombinasjonsfond<\/a>, fond som kombinerer aksjer og rente.<\/p>\n<p>\u2013 Da kan du velge hvor stor andel som spares i aksjer, s\u00e5 s\u00f8rger vi for forvaltningen av fondet, sier Revheim.<\/p>\n<p>\u00d8nsker du hjelp, tilbyr DNB b\u00e5de <a href=\"https:\/\/www.dnb.no\/sparing\/fond\/digital-radgiver\" target=\"_blank\" rel=\"nofollow noopener\">digital<\/a> og <a href=\"https:\/\/www.dnb.no\/hjelp-og-veiledning\/avtalmote\/steg-2?topicLevel1=savings&amp;topicLevel2-savings=savings-help?topicLevel1=savings\" target=\"_blank\" rel=\"nofollow noopener\">personlig investeringsr\u00e5dgivning<\/a>.<\/p>\n<p>Pensjonspreppen<\/p>\n<p>P\u00e5 ett eller annet tidspunkt \u00f8nsker du nok \u00e5 forberede deg til pensjonisttilv\u00e6relsen.<\/p>\n<p>\u2013 DNB har en sending en gang i \u00e5ret for de som har omtrent ti \u00e5r igjen til pensjonisttilv\u00e6relsen, kalt <a href=\"https:\/\/www.dnb.no\/pensjon\/dnb-pensjonsprepp\/sending\" target=\"_blank\" rel=\"nofollow noopener\">pensjonspreppen<\/a>. Du finner opptak tilgjengelig fra siste \u00e5rs sending, sier avslutter Revheim.\u00a0<\/p>\n","protected":false},"excerpt":{"rendered":"Har du andre \u00f8nsker? Personer som er i 50-\u00e5rene har fortsatt dr\u00f8mmer og \u00f8nsker i n\u00e6r framtid. \u2013&hellip;\n","protected":false},"author":2,"featured_media":39050,"comment_status":"","ping_status":"","sticky":false,"template":"","format":"standard","meta":{"footnotes":""},"categories":[56],"tags":[135,60,61,350,6183,136,62,30,28,29,4440,6182,6181,1795,137],"class_list":{"0":"post-39049","1":"post","2":"type-post","3":"status-publish","4":"format-standard","5":"has-post-thumbnail","7":"category-naeringsliv","8":"tag-aksjefond","9":"tag-business","10":"tag-economy","11":"tag-fond","12":"tag-innskuddspensjon","13":"tag-kombinasjonsfond","14":"tag-naeringsliv","15":"tag-no","16":"tag-norge","17":"tag-norway","18":"tag-pensjon","19":"tag-pensjonskonto","20":"tag-pensjonssparing","21":"tag-rente","22":"tag-rentefond"},"share_on_mastodon":{"url":"","error":""},"_links":{"self":[{"href":"https:\/\/www.europesays.com\/no\/wp-json\/wp\/v2\/posts\/39049","targetHints":{"allow":["GET"]}}],"collection":[{"href":"https:\/\/www.europesays.com\/no\/wp-json\/wp\/v2\/posts"}],"about":[{"href":"https:\/\/www.europesays.com\/no\/wp-json\/wp\/v2\/types\/post"}],"author":[{"embeddable":true,"href":"https:\/\/www.europesays.com\/no\/wp-json\/wp\/v2\/users\/2"}],"replies":[{"embeddable":true,"href":"https:\/\/www.europesays.com\/no\/wp-json\/wp\/v2\/comments?post=39049"}],"version-history":[{"count":0,"href":"https:\/\/www.europesays.com\/no\/wp-json\/wp\/v2\/posts\/39049\/revisions"}],"wp:featuredmedia":[{"embeddable":true,"href":"https:\/\/www.europesays.com\/no\/wp-json\/wp\/v2\/media\/39050"}],"wp:attachment":[{"href":"https:\/\/www.europesays.com\/no\/wp-json\/wp\/v2\/media?parent=39049"}],"wp:term":[{"taxonomy":"category","embeddable":true,"href":"https:\/\/www.europesays.com\/no\/wp-json\/wp\/v2\/categories?post=39049"},{"taxonomy":"post_tag","embeddable":true,"href":"https:\/\/www.europesays.com\/no\/wp-json\/wp\/v2\/tags?post=39049"}],"curies":[{"name":"wp","href":"https:\/\/api.w.org\/{rel}","templated":true}]}}