{"id":39410,"date":"2025-09-19T08:06:27","date_gmt":"2025-09-19T08:06:27","guid":{"rendered":"https:\/\/www.europesays.com\/no\/39410\/"},"modified":"2025-09-19T08:06:27","modified_gmt":"2025-09-19T08:06:27","slug":"skogbrannroyk-vil-drepe-14-millioner-arlig-innen-2100","status":"publish","type":"post","link":"https:\/\/www.europesays.com\/no\/39410\/","title":{"rendered":"Skogbrannr\u00f8yk vil drepe 1,4 millioner \u00e5rlig innen 2100"},"content":{"rendered":"\n<p class=\"_lead_ew2ao_2 _lead_xtcu6_50 layout-component text-serif-m layout-normal text-serif-l layout-component layout-wide layout-padded _wide_17hqh_1 layout-padded\">Forskere advarer om dramatisk \u00f8kning i d\u00f8dsfall.<\/p>\n<p><img alt=\"Tjukk r\u00f8yk fra skogbranner som raser i Tuolumne County, California, USA, 2. september 2025. Foto: Tracy Barbutes \/ Reuters \/ NTB\" class=\"_image_qp4xg_65 layout-component layout-wide\" data-fullscreen- data-track-element-type=\"Article image fullscreen\" data-track-name=\"ImageFullscreen\" fetchpriority=\"high\" decoding=\"sync\" loading=\"eager\" height=\"3000\" itemprop=\"image\"  src=\"https:\/\/www.europesays.com\/no\/wp-content\/uploads\/2025\/09\/6a29c1c0-4e55-45d9-9b1e-be7a733f4c7b\"  style=\"object-position:0% 0%\" width=\"4500\"\/>Tjukk r\u00f8yk fra skogbranner som raser i Tuolumne County, California, USA, 2. september 2025. Foto: Tracy Barbutes \/ Reuters \/ NTB<\/p>\n<ul aria-hidden=\"true\" class=\"_images_1y6fe_106\">\n<li><a class=\"_link_1y6fe_111\" href=\"https:\/\/www.vg.no\/forfatter\/kari-aarstad-aase\" style=\"z-index:1\" title=\"Kari Aarstad Aase\" rel=\"nofollow noopener\" target=\"_blank\"><img alt=\"Bilde av Kari Aarstad Aase\" class=\"_image_1y6fe_88\" fetchpriority=\"low\" loading=\"lazy\" decoding=\"async\" itemprop=\"image\"  src=\"https:\/\/www.europesays.com\/no\/wp-content\/uploads\/2025\/09\/1758269187_373_0dbde33e-6d8e-4680-8e4f-e2a64281e2b8\"  width=\"480\"\/><\/a><\/li>\n<\/ul>\n<p> Oppdatert fredag 19. september kl. 02:42     <\/p>\n<p class=\"_paragraph_ew2ao_4 _paragraph_xtcu6_10 layout-component text-serif-m layout-normal text-serif-m layout-padded\">R\u00f8yk fra skogbranner vil drepe s\u00e5 mange som 1,4 millioner mennesker globalt hvert \u00e5r innen slutten av \u00e5rhundret dersom klimautslippene ikke kuttes drastisk.<\/p>\n<p class=\"_paragraph_ew2ao_4 _paragraph_xtcu6_10 layout-component text-serif-m layout-normal text-serif-m layout-padded\">Det viser ny forskning publisert torsdag, if\u00f8lge <a href=\"https:\/\/www.theguardian.com\/us-news\/2025\/sep\/18\/wildfire-smoke-global-deaths-2050\" class=\"_link_ew2ao_39\" rel=\"nofollow noopener\" target=\"_blank\">The Guardian<\/a>.<\/p>\n<p class=\"_paragraph_ew2ao_4 _paragraph_xtcu6_10 layout-component text-serif-m layout-normal text-serif-m layout-padded\">En separat studie fant at over 70.000 amerikanere vil d\u00f8 av skogbrannr\u00f8yk innen 2050 ved dagens oppvarmingstakt. I dag d\u00f8r rundt 40.000 amerikanere \u00e5rlig av denne \u00e5rsaken.<\/p>\n<p class=\"_paragraph_ew2ao_4 _paragraph_xtcu6_10 layout-component text-serif-m layout-normal text-serif-m layout-padded\">\u00c5 puste inn r\u00f8yk fra brennende skoger er anslagsvis ti ganger mer giftig enn annen luftforurensning fra fossilt brensel, if\u00f8lge forskerne.<\/p>\n<p class=\"_paragraph_ew2ao_4 _paragraph_xtcu6_10 layout-component text-serif-m layout-normal text-serif-m layout-padded\">R\u00f8yken inneholder aske og sot med sm\u00e5 partikler som kan trenge dypt inn i lungene og for\u00e5rsake hjerte- og luftveisproblemer.<\/p>\n<p class=\"_paragraph_ew2ao_4 _paragraph_xtcu6_10 layout-component text-serif-m layout-normal text-serif-m layout-padded\">California vil bli hardest rammet i USA, men r\u00f8yken vil ogs\u00e5 ta mange liv i stater som New York og Texas, viser forskningen.<\/p>\n<p class=\"_paragraph_ew2ao_4 _paragraph_xtcu6_10 layout-component text-serif-m layout-normal text-serif-m layout-padded\">Afrika forventes \u00e5 bli verst rammet globalt, med elleve ganger flere brannrelaterte d\u00f8dsfall sammenlignet med dagens niv\u00e5.<\/p>\n<p class=\"_paragraph_ew2ao_4 _paragraph_xtcu6_10 layout-component text-serif-m layout-normal text-serif-m layout-padded\">\u2013 Skogbrannr\u00f8yk er den desidert st\u00f8rste kilden til helseskader, og det er et nytt funn, sier milj\u00f8forsker Marshall Burke ved Stanford.<\/p>\n<p class=\"_paragraph_ew2ao_4 _paragraph_xtcu6_10 layout-component text-serif-m layout-normal text-serif-m layout-padded\">Dersom utslippene ikke kuttes, kan USA f\u00e5 \u00e5rlige \u00f8konomiske skader p\u00e5 608 milliarder dollar innen 2050 bare fra skogbrannr\u00f8yk.<\/p>\n","protected":false},"excerpt":{"rendered":"Forskere advarer om dramatisk \u00f8kning i d\u00f8dsfall. Tjukk r\u00f8yk fra skogbranner som raser i Tuolumne County, California, USA,&hellip;\n","protected":false},"author":2,"featured_media":39411,"comment_status":"","ping_status":"","sticky":false,"template":"","format":"standard","meta":{"footnotes":""},"categories":[12],"tags":[20,21,24,25,15,6251,22,23,6250,13,30,28,29,14,16,673,26,27,42,46,43,44,45],"class_list":{"0":"post-39410","1":"post","2":"type-post","3":"status-publish","4":"format-standard","5":"has-post-thumbnail","7":"category-verden","8":"tag-breaking-news","9":"tag-breakingnews","10":"tag-featured-news","11":"tag-featurednews","12":"tag-headlines","13":"tag-klimautslipp","14":"tag-latest-news","15":"tag-latestnews","16":"tag-luftforurensning","17":"tag-news","18":"tag-no","19":"tag-norge","20":"tag-norway","21":"tag-nyheter","22":"tag-overskrifter","23":"tag-skogbrann","24":"tag-top-stories","25":"tag-topstories","26":"tag-verden","27":"tag-vgai","28":"tag-world","29":"tag-world-news","30":"tag-worldnews"},"share_on_mastodon":{"url":"","error":""},"_links":{"self":[{"href":"https:\/\/www.europesays.com\/no\/wp-json\/wp\/v2\/posts\/39410","targetHints":{"allow":["GET"]}}],"collection":[{"href":"https:\/\/www.europesays.com\/no\/wp-json\/wp\/v2\/posts"}],"about":[{"href":"https:\/\/www.europesays.com\/no\/wp-json\/wp\/v2\/types\/post"}],"author":[{"embeddable":true,"href":"https:\/\/www.europesays.com\/no\/wp-json\/wp\/v2\/users\/2"}],"replies":[{"embeddable":true,"href":"https:\/\/www.europesays.com\/no\/wp-json\/wp\/v2\/comments?post=39410"}],"version-history":[{"count":0,"href":"https:\/\/www.europesays.com\/no\/wp-json\/wp\/v2\/posts\/39410\/revisions"}],"wp:featuredmedia":[{"embeddable":true,"href":"https:\/\/www.europesays.com\/no\/wp-json\/wp\/v2\/media\/39411"}],"wp:attachment":[{"href":"https:\/\/www.europesays.com\/no\/wp-json\/wp\/v2\/media?parent=39410"}],"wp:term":[{"taxonomy":"category","embeddable":true,"href":"https:\/\/www.europesays.com\/no\/wp-json\/wp\/v2\/categories?post=39410"},{"taxonomy":"post_tag","embeddable":true,"href":"https:\/\/www.europesays.com\/no\/wp-json\/wp\/v2\/tags?post=39410"}],"curies":[{"name":"wp","href":"https:\/\/api.w.org\/{rel}","templated":true}]}}