{"id":39419,"date":"2025-09-19T08:14:18","date_gmt":"2025-09-19T08:14:18","guid":{"rendered":"https:\/\/www.europesays.com\/no\/39419\/"},"modified":"2025-09-19T08:14:18","modified_gmt":"2025-09-19T08:14:18","slug":"vil-endre-gravid-tilbud-horribelt","status":"publish","type":"post","link":"https:\/\/www.europesays.com\/no\/39419\/","title":{"rendered":"Vil endre gravid-tilbud: &#8211; Horribelt"},"content":{"rendered":"<p>    Kort fortalt<\/p>\n<ul lang=\"nb-NO\">\n<li>Sandra S. Mossing mener at jordmorens raske handlinger reddet henne og datteren i 2013.<\/li>\n<li>Sykehuset Telemark planlegger \u00e5 flytte f\u00f8lgetjenesten fra Tinn til Seljord, noe som skaper sterke reaksjoner.<\/li>\n<li>Kritikere frykter at lengre avstander vil sette gravide i fare og i praksis legge ned tjenesten.<\/li>\n<li>Helsemyndighetene hevder at endringen er forsvarlig, men mange er uenige og krever handling.<\/li>\n<\/ul>\n<p class=\"italic ai-disclaimer\" data-lab-italic=\"italic\">Sammendraget er laget av ChatGPT og godkjent av Dagbladet.<\/p>\n<p>      Vis mer<br \/>\n      Vis mindre<\/p>\n<p> &#8211; Det er helt horribelt. <\/p>\n<p> Sandra S. Mossing (39) tror at verken hun eller datteren hadde v\u00e6rt i live, om det ikke var for jordmoren som var p\u00e5 vakt p\u00e5 Rjukan i Telemark en seinsommerdag i 2013. <\/p>\n<p> Sykehuset Telemark HF planlegger \u00e5 avvikle f\u00f8lgetjenesten i Tinn. Den skal sl\u00e5s sammen med tjenesten i Vest-Telemark, som ligger i Seljord.\u00a0<\/p>\n<p>Seljord er halvannen time unna, og i motsatt retning av fylkets eneste f\u00f8deavdeling i Skien.\u00a0<\/p>\n<p class=\"font-weight-bold m-font-weight-bold\" data-lab-font_weight=\"font-weight-bold\">Det har skapt sterke reaksjoner.<\/p>\n<p>        FJERNET: Talkshowet \u00abJimmy Kimmel Live!\u00bb tas av lufta p\u00e5 ubestemt tid etter denne monologen, hvor Kimmel antyder at Charlie Kirks angivelige drapsmann, Tyler Robinson, kan ha v\u00e6rt en pro-Trump-republikaner. <\/p>\n<p> F\u00f8lgetjenesten er et tilbud til gravide som bor mer enn 1,5 timer fra f\u00f8deavdelingen, og inneb\u00e6rer\u00a0d\u00f8gnkontinuerlig vaktberedskap av jordmor eller lege, og f\u00f8lge til f\u00f8deinstitusjon ved behov.<\/p>\n<p>Kritikerne mener endringen helseforetaket foresl\u00e5r i praksis vil v\u00e6re en nedleggelse av tilbudet, og peker p\u00e5 at det blir for store avstander.\u00a0<\/p>\n<p>    <a itemprop=\"url\" href=\"https:\/\/www.seher.no\/kjendis\/fodte-i-bilen-det-sykeste\/83597241\" rel=\"nofollow noopener\" target=\"_blank\"><\/p>\n<p>      <img loading=\"lazy\" decoding=\"async\" src=\"https:\/\/www.europesays.com\/no\/wp-content\/uploads\/2025\/09\/83597442.webp\" width=\"980\" height=\"441\" title=\"F\u00f8dte i bilen: - Det sykeste\" alt=\"\" class=\"lazyload\" style=\"--aspect-ratio-image: 2.22; \"\/><\/p>\n<p>        F\u00f8dte i bilen: &#8211; Det sykeste<\/p>\n<p>    <\/a><\/p>\n<p>&#8211; Forsto alvoret\t<\/p>\n<p>Dagen hun var sju m\u00e5neder p\u00e5 vei, begynte Sandra S. Mossing plutselig \u00e5 bl\u00f8. Fram til da hadde svangerskapet v\u00e6rt helt uproblematisk, forteller hun.\u00a0<\/p>\n<p class=\"font-weight-bold m-font-weight-bold\" data-lab-font_weight=\"font-weight-bold\">&#8211; Jeg hadde akkurat dusja og tatt p\u00e5 meg trusa, da jeg kjente at det ble helt v\u00e5tt. Det fosset ikke ut blod, men det kom kontinuerlig, sier Sandra, som tidligere har fortalt om hendelsen til <a href=\"https:\/\/www.ta.no\/ingen-grunn-til-a-skape-utrygghet-ble-det-sagt-men-snart-forsvinner-spesialisttilbudet-for-gravide\/s\/5-50-2120047\" target=\"_blank\" rel=\"nofollow noopener\">Telemarks Avisa<\/a> og til <a href=\"https:\/\/www.vg.no\/nyheter\/i\/LM7g34\/gravide-mister-foelgetjeneste-jeg-er-rasende\" target=\"_blank\" rel=\"nofollow noopener\">VG<\/a>.\u00a0<\/p>\n<p>Det f\u00f8ltes som \u00e5 m\u00e5tte skikkelig tisse, og etter hvert begynte det ogs\u00e5 \u00e5 gj\u00f8re vondt, forteller Sandra.\u00a0<\/p>\n<p>Hun la seg ned p\u00e5 gulvet, mens samboeren fikk ringt til jordmor p\u00e5 vakt i kommunen.\u00a0<\/p>\n<p>&#8211; Hun var p\u00e5 plass i l\u00f8pet av fem minutter og forsto alvoret.<\/p>\n<p>    Har du et tips til meg?<\/p>\n<p>            <img loading=\"lazy\" decoding=\"async\" src=\"https:\/\/www.europesays.com\/no\/wp-content\/uploads\/2025\/09\/83605740.webp\" width=\"157\" height=\"179\" title=\"Har du et tips til meg?\" alt=\"\" class=\"\" style=\"--aspect-ratio-image: 0.88; \"\/><\/p>\n<p>Hei, jeg heter Marthe Sm\u00e5kasin Lien, og er journalist i Dagbladet.<\/p>\n<p>Har du et tips til denne saken, en historie du vil fortelle, eller et saksfelt du mener vi b\u00f8r dekke?<\/p>\n<p> <a href=\"https:\/\/www.dagbladet.no\/nyheter\/vil-endre-gravid-tilbud-horribelt\/mailto:marthe.lien@db.no\" class=\"button-link-inline\" rel=\"nofollow noopener\" target=\"_blank\">Send meg en mail<\/a> <a href=\"https:\/\/www.dagbladet.no\/securedrop\/ \" class=\"button-link-inline\" rel=\"nofollow noopener\" target=\"_blank\">Kryptert tips<\/a><\/p>\n<p>      Vis mer<br \/>\n      Vis mindre<\/p>\n<p>Alvorlig tilstand\t<\/p>\n<p>Det ble f\u00f8rst bestilt en ambulanse som skulle kj\u00f8re Sandra og babyen i magen fra Rjukan til Skien.\u00a0<\/p>\n<p>Jordmoren mistenkte imidlertid at det hastet veldig, og fikk tak i lufttransport med et Sea King-helikopter som var i n\u00e6rheten, if\u00f8lge Sandra.\u00a0<\/p>\n<p> Fremme i Skien viste det seg at Sandra hadde morkakel\u00f8sning &#8211; en alvorlig tilstand, som kan v\u00e6re livstruende for b\u00e5de mor og barn. <\/p>\n<p>Babyen m\u00e5tte ut med en gang, og 13 minutter etter at de landet p\u00e5 sykehuset, var Maja f\u00f8dt ved keisersnitt.\u00a0<\/p>\n<p>Sandra mener at jordmorens handlekraft og kunnskap reddet b\u00e5de livet hennes og livet til datteren, som i dag er 12 \u00e5r gammel.\u00a0<\/p>\n<p>Hun reagerer derfor sterkt p\u00e5 Sykehuset Telemark HFs planer for f\u00f8lgetjenesten i hjemkommunen.\u00a0<\/p>\n<p>&#8211; Det er altfor lange avstander, og jeg tenker at det setter mor og barn i fare n\u00e5r vi mister en slik tjeneste, sier Sandra, og peker p\u00e5 viktigheten av \u00e5 ha en slik beredskap tilgjengelig i n\u00e6rheten.\u00a0<\/p>\n<p class=\"font-weight-bold m-font-weight-bold italic m-italic\" data-lab-font_weight=\"font-weight-bold\" data-lab-italic=\"italic\">B\u00e5de Sykehuset Telemark og Helse- og omsorgsdepartementet sier endringen er forsvarlig, og viser til\u00a0\u00abgode erfaringer fra f\u00f8lgetjenesteordningen i Seljord, og andre steder i Norge med lignende organisering av f\u00f8lgetjenesten\u00bb.\u00a0<\/p>\n<p class=\"italic m-italic font-weight-normal m-font-weight-normal\" data-lab-font_weight=\"font-weight-normal\" data-lab-italic=\"italic\">Les deres svar lenger ned i saken.\u00a0<\/p>\n<p>&#8211; Tragedie\t<\/p>\n<p>Sandra f\u00e5r st\u00f8tte av \u00c5sne Linnerud og Lena Andersen, som er to av kvinnene bak F\u00f8deoppr\u00f8ret i kommunen, som kjemper for \u00e5 beholde f\u00f8lgetjenesten i Tinn.<\/p>\n<p class=\"font-weight-bold m-font-weight-bold\" data-lab-font_weight=\"font-weight-bold\">&#8211; Det er en tragedie, og vi f\u00f8ler p\u00e5 en avmakt. Vi vil at yngre mennesker skal flytte tilbake til Tinn, men n\u00e5r s\u00e5nt som dette skjer, sender det et signal. Det er flere som bor her som har uttalt at de ikke t\u00f8r \u00e5 f\u00e5 barn her, sier Linnerud til Dagbladet.\u00a0<\/p>\n<p>        BABY I BAKSETET: P\u00e5 vei til sykehuset forst\u00e5r Gabriela Correia (33) at hun ikke rekker fram i tide. Video: Instagram (Gabrielcorreiaw\/Deborahghelman). Reporter: H\u00e5vard T-L Knutsen. <\/p>\n<p>&#8211; At f\u00f8lgetjenesten n\u00e5 legges til Seljord, betyr i realiteten at vi ikke har noen f\u00f8lgetjeneste.\u00a0<\/p>\n<p>De peker p\u00e5 at jordmor i Seljord f\u00e5r et enormt ansvarsomr\u00e5de, og at omr\u00e5det til tider har vanskelige v\u00e6r- og f\u00f8reforhold.\u00a0<\/p>\n<p>&#8211; S\u00e5 dette er bare tull. Vi mister tryggheten.\u00a0Det er l\u00f8fter som blir brutt, og det er en m\u00e5te \u00e5 omg\u00e5 systemet p\u00e5, sier de.\u00a0<\/p>\n<p>    <a itemprop=\"url\" href=\"https:\/\/www.dagbladet.no\/nyheter\/hjemmefodsel-brak-alarmerende\/82842560\" rel=\"nofollow noopener\" target=\"_blank\"><\/p>\n<p>      <img loading=\"lazy\" decoding=\"async\" src=\"https:\/\/www.europesays.com\/no\/wp-content\/uploads\/2025\/09\/82848321.webp\" width=\"980\" height=\"441\" title=\"Hjemmef\u00f8dsel-br\u00e5k: - Alarmerende\" alt=\"\" class=\"lazyload\" style=\"--aspect-ratio-image: 2.22; \"\/><\/p>\n<p>        Hjemmef\u00f8dsel-br\u00e5k: &#8211; Alarmerende<\/p>\n<p>    <\/a><\/p>\n<p>&#8211; N\u00e6rmest nedlagt\t<\/p>\n<p>Leder i Jordmorforbundet, Hanne Charlotte Schjelderup, er enig.\u00a0<\/p>\n<p>&#8211;\u00a0 I realiteten er dette livsviktige tilbudet n\u00e6rmest nedlagt.\u00a0Vi utarmer levende distrikter ved \u00e5 frata de unge kvinnene som skal f\u00f8de trygghet. Tinn har tidligere v\u00e6rt en foregangskommune med en stabil f\u00f8lgetjeneste, s\u00e5 dette er uforst\u00e5elig, sier hun til Dagbladet.\u00a0<\/p>\n<p>Skjelderup mener kvinner og familier i distriktene utsettes for un\u00f8dig risiko under f\u00f8dsel, og peker p\u00e5 at en av ti kvinner opplever komplikasjoner.<\/p>\n<p>&#8211; Det er et stort antall, n\u00e5r flere hundre kvinner f\u00f8der f\u00f8r de n\u00e5r fram til f\u00f8destedet \u00e5rlig.\u00a0<\/p>\n<p>        ALTERNATIV F\u00d8DSEL: Dette paret fra California i USA har nettopp f\u00e5tt en baby. Men f\u00f8dselen ble noe de aldri vil glemme. Video: KCRA. Reporter: Anton Lier \/ Dagbladet TV.<\/p>\n<p>Risiko\t<\/p>\n<p>If\u00f8lge Schjelderup har mange norske kvinner \u00abf\u00e5tt dagsreiser til n\u00e6rmeste f\u00f8dested\u00bb.\u00a0<\/p>\n<p>&#8211; De fleste av dem har ikke jordmorhjelp p\u00e5 veien. Helsedirektoratet har beregnet at kun 25 prosent av kvinner og nyf\u00f8dte som har krav p\u00e5 jordmorf\u00f8lge under f\u00f8dsel, f\u00e5r dette i Norge.\u00a0<\/p>\n<p>          <img loading=\"lazy\" decoding=\"async\" src=\"https:\/\/www.europesays.com\/no\/wp-content\/uploads\/2025\/09\/83605864.webp\" width=\"980\" height=\"559\" title=\"BEKYMRET: Jordmorforbundets leder Hanne Charlotte Schjelderup. Foto: Jordmorforbundet NSF\" alt=\"\" class=\"\" style=\"--aspect-ratio-image: 1.75; \"\/><\/p>\n<p>\n          BEKYMRET: Jordmorforbundets leder Hanne Charlotte Schjelderup. Foto: Jordmorforbundet NSF\n      <\/p>\n<p>Hun viser ogs\u00e5 til at b\u00e5de disse kvinnene og deres partnere opplever\u00a0 stor grad av utrygghet, usikkerhet og at det ofte er traumatisk for dem \u00e5 f\u00f8de p\u00e5 veien. <\/p>\n<p>&#8211; Det er tre ganger s\u00e5 h\u00f8y risiko for at barn d\u00f8r under eller like etter en f\u00f8dsel utenfor sykehus sammenlignet med f\u00f8dsler p\u00e5 sykehus.\u00a0Uten f\u00f8dselshjelp er dette fullstendig overlatt til tilfeldighetene. Alle kan nok sette seg inn i frykten og panikken foreldrene f\u00f8ler idet de f\u00f8der barnet sitt uten kompetent personell til stede, sier Schjelderup.\u00a0<\/p>\n<p>    <a itemprop=\"url\" href=\"https:\/\/www.dagbladet.no\/meninger\/derfor-foder-jeg-hjemme\/83113810\" rel=\"nofollow noopener\" target=\"_blank\"><\/p>\n<p>      <img loading=\"lazy\" decoding=\"async\" src=\"https:\/\/www.europesays.com\/no\/wp-content\/uploads\/2025\/09\/83118862.webp\" width=\"147\" height=\"98\" title=\"Derfor f\u00f8der jeg hjemme\" alt=\"\" class=\"lazyload\" style=\"--aspect-ratio-image: 1.50; \"\/><\/p>\n<p>        Derfor f\u00f8der jeg hjemme<\/p>\n<p>    <\/a><\/p>\n<p>&#8211; Helseministeren b\u00f8r gripe inn\t<\/p>\n<p>Tidligere barne- og familieminister i St\u00f8re-regjeringen, Kjersti Toppe (Sp), har ogs\u00e5 latt seg provosere.\u00a0<\/p>\n<p> &#8211; Jeg er oppr\u00f8rt over at helseministeren kan godta det som skjer. L\u00f8sningen som blir foresl\u00e5tt, er ikke et alternativ. Det snakkes om at folk skal f\u00e5 flere barn i dette landet, og at f\u00f8dsel og barsel skal prioriteres, men n\u00e5 skjer det motsatte, sier hun til Dagbladet. <\/p>\n<p> I planen helseminister Jan Christian Vestre og regjeringen lanserte for en bedre f\u00f8dsels- og barselomsorg tidligere i \u00e5r, ble det ogs\u00e5 tatt til orde for \u00e5 verne om f\u00f8lgetjenesten. <\/p>\n<p>        Politi og ambulanse rykket mandag morgen ut til Sinsenkrysset i Oslo i forbindelse med en p\u00e5g\u00e5ende f\u00f8dsel. Video: Kaja Tvetene.<\/p>\n<p>Toppe reagerer p\u00e5 at endringen kommer kort tid etter h\u00f8ylytt debatt og lovnader om styrket f\u00f8dselsomsorg.\u00a0<\/p>\n<p> &#8211; Da mener jeg det er klokt om helseministeren griper inn, og om ikke annet, sender et signal om at et sted g\u00e5r grensa, sier Toppe. <\/p>\n<p>          <img loading=\"lazy\" decoding=\"async\" src=\"https:\/\/www.europesays.com\/no\/wp-content\/uploads\/2025\/09\/83605873.webp\" width=\"980\" height=\"559\" title=\"REAGERER: Sp-politiker Kjersti Toppe. Foto: Terje Pedersen \/ NTB\" alt=\"\" class=\"\" style=\"--aspect-ratio-image: 1.75; \"\/><\/p>\n<p>\n          REAGERER: Sp-politiker Kjersti Toppe. Foto: Terje Pedersen \/ NTB\n      <\/p>\n<p>Statssekret\u00e6r Karl Kristian Bekeng i Helse- og omsorgsdepartementet skriver i en epost til Dagbladet at han har forst\u00e5else for engasjementet i Tinn, men peker p\u00e5 at rekrutteringen har v\u00e6rt utfordrende, og at kommunen derfor ikke har hatt d\u00f8gnkontinuerlig jordmortjeneste.\u00a0<\/p>\n<p>&#8211;\u00a0 Regjeringen har bevilget penger til dette og andre form\u00e5l gjennom rekrutterings- og samhandlingstilskuddet. Her kan det v\u00e6re muligheter fremover, dersom Tinn kommune og sykehuset vil utforske nye m\u00e5ter \u00e5 organisere tjenestene p\u00e5, sier Bekeng.\u00a0<\/p>\n<p> If\u00f8lge <a href=\"https:\/\/www.rablad.no\/na-er-tidspunktet-klart\/s\/5-90-508190\" target=\"_blank\" rel=\"nofollow noopener\">Rjukan Arbeiderblad<\/a> skal Tinn kommune og Sykehuset Telemark m\u00f8tes f\u00f8rstkommende fredag for \u00e5 diskutere saken.\u00a0<\/p>\n<p>    <a itemprop=\"url\" href=\"https:\/\/www.seher.no\/sterke-historier\/nyfodt-og-forlatt-funnet-i-en-pappeske\/83573044\" rel=\"nofollow noopener\" target=\"_blank\"><\/p>\n<p>      <img loading=\"lazy\" decoding=\"async\" src=\"https:\/\/www.europesays.com\/no\/wp-content\/uploads\/2025\/09\/83573440.webp\" width=\"980\" height=\"441\" title=\"Nyf\u00f8dt og forlatt: Funnet i en pappeske\" alt=\"\" class=\"lazyload\" style=\"--aspect-ratio-image: 2.22; \"\/><\/p>\n<p>        Nyf\u00f8dt og forlatt: Funnet i en pappeske<\/p>\n<p>    <\/a><\/p>\n<p>Gode erfaringer\t<\/p>\n<p> Sykehuset Telemark opplyser at tilbudet til f\u00f8dende i Tinn ogs\u00e5 etter endringen er vurdert som forsvarlig, og viser til \u00abgode erfaringer fra f\u00f8lgetjenesteordningen i Seljord, og andre steder i Norge med lignende organisering av f\u00f8lgetjenesten\u00bb. <\/p>\n<p>Gravide ringer jordmor p\u00e5 vakt for r\u00e5d og vurdering, og ved behov rekvireres ambulanse.\u00a0<\/p>\n<p>Jordmor m\u00f8ter ambulansen p\u00e5 veien og f\u00f8lger kvinnen videre til f\u00f8deavdelingen &#8211; en modell som if\u00f8lge b\u00e5de sykehuset og departementet er framhevet som god i en tid med jordmormangel.\u00a0<\/p>\n<p class=\"italic m-italic\" data-lab-italic=\"italic\">&#8211;\u00a0 Hvordan skal tryggheten ivaretas n\u00e5r jordmor i Seljord f\u00e5r et enormt ansvarsomr\u00e5de?<\/p>\n<p>&#8211; Det er lange avstander i Vest-Telemark til jordmor p\u00e5 vakt. Det betyr at jordmor ikke rykker ut eller hjem til kvinner for vurdering om hun er i f\u00f8dsel. Denne vurderingen gj\u00f8res som hovedregel p\u00e5 telefon, svarer Bekeng.\u00a0<\/p>\n<p>    <a itemprop=\"url\" href=\"https:\/\/www.dagbladet.no\/nyheter\/lege-advarer-unnga-det\/83595222\" rel=\"nofollow noopener\" target=\"_blank\"><\/p>\n<p>      <img loading=\"lazy\" decoding=\"async\" src=\"https:\/\/www.europesays.com\/no\/wp-content\/uploads\/2025\/09\/83596335.webp\" width=\"980\" height=\"441\" title=\"Lege advarer: - Unng\u00e5 det\" alt=\"\" class=\"lazyload\" style=\"--aspect-ratio-image: 2.22; \"\/><\/p>\n<p>        Lege advarer: &#8211; Unng\u00e5 det<\/p>\n<p>    <\/a><\/p>\n<p>Skal vurderes p\u00e5 nytt\t<\/p>\n<p>Seksjonsleder \u00c5se Kari Kringl\u00e5k ved f\u00f8den p\u00e5 Sykehuset Telemark understreker at endringen er risikovurdert, og at en ny ROS-analyse skal gjennomf\u00f8res med alle involverte parter f\u00f8r endringen eventuelt trer i kraft fra 1. januar.\u00a0<\/p>\n<p> Hun legger til at svangerskapsomsorg og barseloppf\u00f8lging fortsatt vil v\u00e6re et kommunalt ansvar, med jordmor til stede i Tinn p\u00e5 dagtid. <\/p>\n<p>&#8211; Vi mener derfor at vi opprettholder en god og forsvarlig f\u00f8lgetjeneste for befolkningen i Tinn ved at kvinnene som har behov for det, blir hentet av ambulanse i Tinn, og m\u00f8tt av jordmor p\u00e5 veien til f\u00f8deavdelingen, sier Kringl\u00e5k.\u00a0<\/p>\n","protected":false},"excerpt":{"rendered":"Kort fortalt Sandra S. Mossing mener at jordmorens raske handlinger reddet henne og datteren i 2013. Sykehuset Telemark&hellip;\n","protected":false},"author":2,"featured_media":39420,"comment_status":"","ping_status":"","sticky":false,"template":"","format":"standard","meta":{"footnotes":""},"categories":[10],"tags":[20,21,24,25,15,2539,22,23,13,30,28,29,14,16,26,27],"class_list":{"0":"post-39419","1":"post","2":"type-post","3":"status-publish","4":"format-standard","5":"has-post-thumbnail","7":"category-norge","8":"tag-breaking-news","9":"tag-breakingnews","10":"tag-featured-news","11":"tag-featurednews","12":"tag-headlines","13":"tag-innenriks","14":"tag-latest-news","15":"tag-latestnews","16":"tag-news","17":"tag-no","18":"tag-norge","19":"tag-norway","20":"tag-nyheter","21":"tag-overskrifter","22":"tag-top-stories","23":"tag-topstories"},"share_on_mastodon":{"url":"","error":""},"_links":{"self":[{"href":"https:\/\/www.europesays.com\/no\/wp-json\/wp\/v2\/posts\/39419","targetHints":{"allow":["GET"]}}],"collection":[{"href":"https:\/\/www.europesays.com\/no\/wp-json\/wp\/v2\/posts"}],"about":[{"href":"https:\/\/www.europesays.com\/no\/wp-json\/wp\/v2\/types\/post"}],"author":[{"embeddable":true,"href":"https:\/\/www.europesays.com\/no\/wp-json\/wp\/v2\/users\/2"}],"replies":[{"embeddable":true,"href":"https:\/\/www.europesays.com\/no\/wp-json\/wp\/v2\/comments?post=39419"}],"version-history":[{"count":0,"href":"https:\/\/www.europesays.com\/no\/wp-json\/wp\/v2\/posts\/39419\/revisions"}],"wp:featuredmedia":[{"embeddable":true,"href":"https:\/\/www.europesays.com\/no\/wp-json\/wp\/v2\/media\/39420"}],"wp:attachment":[{"href":"https:\/\/www.europesays.com\/no\/wp-json\/wp\/v2\/media?parent=39419"}],"wp:term":[{"taxonomy":"category","embeddable":true,"href":"https:\/\/www.europesays.com\/no\/wp-json\/wp\/v2\/categories?post=39419"},{"taxonomy":"post_tag","embeddable":true,"href":"https:\/\/www.europesays.com\/no\/wp-json\/wp\/v2\/tags?post=39419"}],"curies":[{"name":"wp","href":"https:\/\/api.w.org\/{rel}","templated":true}]}}