{"id":39513,"date":"2025-09-19T09:43:16","date_gmt":"2025-09-19T09:43:16","guid":{"rendered":"https:\/\/www.europesays.com\/no\/39513\/"},"modified":"2025-09-19T09:43:16","modified_gmt":"2025-09-19T09:43:16","slug":"vaer-host-snart-kommer-hostvaeret-for-alvor","status":"publish","type":"post","link":"https:\/\/www.europesays.com\/no\/39513\/","title":{"rendered":"V\u00e6r, H\u00f8st | Snart kommer h\u00f8stv\u00e6ret for alvor"},"content":{"rendered":"\n<p>Nord-Norge har v\u00e6rt velsignet med noe som ligner sommertemperaturer de siste tre ukene. N\u00e5 er det imidlertid snart slutt.<\/p>\n<p>Fredag og l\u00f8rdag ser ut til \u00e5 bli de siste fine h\u00f8stdagene p\u00e5 en god stund. S\u00f8ndag snur v\u00e6ret helt.<\/p>\n<p>\u2013 S\u00f8ndag skal det regne mer eller mindre hele dagen, noe som g\u00e5r over til bygev\u00e6r fra mandag-tirsdag. Samtidig g\u00e5r temperaturene markant nedover og under ti grader, en kombinasjon som gir oss ordentlig h\u00f8stv\u00e6r, sier vakthavende meteorolog Sigrid Augan\u00e6s ved V\u00e6rvarslinga for Nord-Norge.<\/p>\n<p>Hvit p\u00e5 toppene<\/p>\n<p>Nattetemperaturene vil krype helt ned mot 2\u20133 grader i Troms\u00f8 utover i neste uke.<\/p>\n<p>\u2013 Det blir nok hvitt godt nedover fjelltoppene, men det kommer neppe s\u00e5 langt ned at det skaper tr\u00f8bbel p\u00e5 veiene, sier Augan\u00e6s.<\/p>\n<p>  <a href=\"https:\/\/www.nordlys.no\/5-34-2206815\" class=\"related-teaser has-image default-story-teaser article--c-eRUmMG article--c-eRUmMG-jKCPdD-design-default\" rel=\"nofollow noopener\" target=\"_blank\"><\/p>\n<p>    <img decoding=\"async\" loading=\"lazy\"  src=\"https:\/\/www.europesays.com\/no\/wp-content\/uploads\/2025\/09\/535989824_1954922868617736_2540093736416205506_n.jpg\" alt=\"\" class=\"brick-c-cFOWSL\" style=\"\"\/><\/p>\n<p>\n            Les ogs\u00e5<\/p>\n<p>              Nysn\u00f8 p\u00e5 Tromdalstinden\n        <\/p>\n<p>  <\/a><\/p>\n<p>Hun forklarer at vi de siste ukene har v\u00e6rt heldige i den forstand at lavtrykkene fra Atlanterhavet har g\u00e5tt inn i Norge lenger s\u00f8r. Fra neste uke blir Nord-Norge ny landingsplass for ruskev\u00e6ret.<\/p>\n<p>\u2013 Forel\u00f8pig ser det ut som at Nordland og Helgelandskysten f\u00e5r det meste av regnv\u00e6ret. Men fra onsdag-torsdag blir det nok kontinuerlig nedb\u00f8r ogs\u00e5 her, sier Augen\u00e6s.<\/p>\n<p>Nedb\u00f8ren blir<\/p>\n<p>De lave temperaturene ser imidlertid ikke ut til \u00e5 bli her lenge. Allerede inn mot neste helg ligger det an til 10\u201312 grader p\u00e5 dagtid.<\/p>\n<p>\u2013 Likevel ser nedb\u00f8ren ut til \u00e5 holde seg fremover. N\u00e5 f\u00e5r vi en smak av ordentlig h\u00f8stv\u00e6r, s\u00e5 f\u00e5r vi se etter hvert hvordan starten av oktober blir, sier meteorologen.<\/p>\n<p>Les mer om: artikkelemnene<\/p>\n","protected":false},"excerpt":{"rendered":"Nord-Norge har v\u00e6rt velsignet med noe som ligner sommertemperaturer de siste tre ukene. N\u00e5 er det imidlertid snart&hellip;\n","protected":false},"author":2,"featured_media":39514,"comment_status":"","ping_status":"","sticky":false,"template":"","format":"standard","meta":{"footnotes":""},"categories":[10],"tags":[36,20,21,24,25,15,1888,22,23,13,30,28,29,14,16,1510,26,27,553,6263],"class_list":{"0":"post-39513","1":"post","2":"type-post","3":"status-publish","4":"format-standard","5":"has-post-thumbnail","7":"category-norge","8":"tag-art","9":"tag-breaking-news","10":"tag-breakingnews","11":"tag-featured-news","12":"tag-featurednews","13":"tag-headlines","14":"tag-host","15":"tag-latest-news","16":"tag-latestnews","17":"tag-news","18":"tag-no","19":"tag-norge","20":"tag-norway","21":"tag-nyheter","22":"tag-overskrifter","23":"tag-story","24":"tag-top-stories","25":"tag-topstories","26":"tag-vaer","27":"tag-vinter"},"share_on_mastodon":{"url":"","error":""},"_links":{"self":[{"href":"https:\/\/www.europesays.com\/no\/wp-json\/wp\/v2\/posts\/39513","targetHints":{"allow":["GET"]}}],"collection":[{"href":"https:\/\/www.europesays.com\/no\/wp-json\/wp\/v2\/posts"}],"about":[{"href":"https:\/\/www.europesays.com\/no\/wp-json\/wp\/v2\/types\/post"}],"author":[{"embeddable":true,"href":"https:\/\/www.europesays.com\/no\/wp-json\/wp\/v2\/users\/2"}],"replies":[{"embeddable":true,"href":"https:\/\/www.europesays.com\/no\/wp-json\/wp\/v2\/comments?post=39513"}],"version-history":[{"count":0,"href":"https:\/\/www.europesays.com\/no\/wp-json\/wp\/v2\/posts\/39513\/revisions"}],"wp:featuredmedia":[{"embeddable":true,"href":"https:\/\/www.europesays.com\/no\/wp-json\/wp\/v2\/media\/39514"}],"wp:attachment":[{"href":"https:\/\/www.europesays.com\/no\/wp-json\/wp\/v2\/media?parent=39513"}],"wp:term":[{"taxonomy":"category","embeddable":true,"href":"https:\/\/www.europesays.com\/no\/wp-json\/wp\/v2\/categories?post=39513"},{"taxonomy":"post_tag","embeddable":true,"href":"https:\/\/www.europesays.com\/no\/wp-json\/wp\/v2\/tags?post=39513"}],"curies":[{"name":"wp","href":"https:\/\/api.w.org\/{rel}","templated":true}]}}