{"id":39521,"date":"2025-09-19T09:51:08","date_gmt":"2025-09-19T09:51:08","guid":{"rendered":"https:\/\/www.europesays.com\/no\/39521\/"},"modified":"2025-09-19T09:51:08","modified_gmt":"2025-09-19T09:51:08","slug":"trumpifiseringen-er-et-sykdomstegn","status":"publish","type":"post","link":"https:\/\/www.europesays.com\/no\/39521\/","title":{"rendered":"&#8211; Trumpifiseringen er et sykdomstegn"},"content":{"rendered":"<p>  Kirsti Bergst\u00f8 mener den norske valgkampen er blitt \u00abtrumpifisert\u00bb, og nevner en rekke norske milliard\u00e6rers innblanding i valgkampen som eksempel.\u00a0<\/p>\n<p>\n    GJ\u00d8R OPP STATUS: SVs partileder Kirsti Bergst\u00f8 taler til partiets landsstyre etter et skuffende valg. Foto: Bj\u00f8rn Langsem\/Dagbladet\n  <\/p>\n<p>    Kort fortalt<\/p>\n<p lang=\"nb-NO\">SV-leder Kirsti Bergst\u00f8 adresserer partiets tilbakegang etter stortingsvalget.<\/p>\n<p lang=\"nb-NO\">SV fikk 5,6% av stemmene, en nedgang p\u00e5 to prosentpoeng, og st\u00e5r n\u00e5 likt med Senterpartiet og R\u00f8dt i antall mandater.<\/p>\n<p lang=\"nb-NO\">Bergst\u00f8 kritiserer milliard\u00e6renes innflytelse i valgkampen, og beskriver dette som en &#8216;trumpifisering&#8217; av norsk politikk.<\/p>\n<p class=\"italic ai-disclaimer\" data-lab-italic=\"italic\">Sammendraget er laget av ChatGPT og godkjent av B\u00f8rsen.<\/p>\n<p>      Vis mer<br \/>\n      Vis mindre<\/p>\n<p>NYNORSKENS HUS (Dagbladet): SV-leder Kirsti Bergst\u00f8 snakker til SVs landsstyre etter den solide nedturen under Stortingsvalget.\u00a0<\/p>\n<p>SV fikk 5,6 prosent av stemmene, en tilbakegang p\u00e5 to prosentpoeng siden forrige stortingsvalg. P\u00e5 Stortinget blir de jenvstore med Senterpartiet og R\u00f8dt med ni mandater, og f\u00e5r kun ett mandat mer enn MDG.\u00a0<\/p>\n<p>&#8211;\u00a0 Vi gleder oss over r\u00f8dgr\u00f8nn valgseier, men for oss var valgnatta en nedtur, sier Bergst\u00f8.\u00a0<\/p>\n<p>&#8211; Det har v\u00e6rt en rar valgkamp. Det var lenge helt i det bl\u00e5 hvem som var h\u00f8yresidens kandidat, sier Bergst\u00f8.\u00a0<\/p>\n<p class=\"font-weight-bold m-font-weight-bold\" data-lab-font_weight=\"font-weight-bold\">Hun trekker fram milliard\u00e6renes innflytelse med \u00e5 kj\u00f8re fram formueskatten som en dominerende valgkampsak.\u00a0<\/p>\n<p>Reitan og Witz\u00f8e\t<\/p>\n<p>&#8211; Noen av landets aller rikeste og mektigste har ikke bare v\u00e6rt rause med donasjoner, men har ogs\u00e5 kommet helt inn p\u00e5 bakrommet hos de politiske partiene. Det er en trumpifisering av norsk politikk. Vi har merket det i debatten om formueskatten, der det ene overdrevne eksemplet etter det andre har blitt pumpet ut, sier Bergst\u00f8.\u00a0<\/p>\n<p>&#8211; At milliard\u00e6rkampanjene ikke n\u00e5dde fram, betyr ikke at vi kan overse dette. Trumpifiseringen er et sykdomstegn.\u00a0<\/p>\n<p class=\"font-weight-bold m-font-weight-bold\" data-lab-font_weight=\"font-weight-bold\">Hun trekker blant annet fram laksefamilien Witz\u00f8e og Rema-general Odd Reitan.\u00a0<\/p>\n<p>&#8211; Witz\u00f8e ga 8,7 mill, til h\u00f8yresiden og ville f\u00e5tt 330 mill til skattelette. Det ville v\u00e6rt en god investering for dem.\u00a0<\/p>\n<p>&#8211; Odd Reitan advarte mot \u00e5 stemme p\u00e5 venstresiden, og trakk fram Mao og Pol Pot og Hitler, sier Bergst\u00f8.\u00a0<\/p>\n<p>&#8211; Mitt ansvar\t<\/p>\n<p>Med fragmenteringen av venstresiden, er SVs status som St\u00f8res foretrukne samarbeidspartner til venstre utfordret, og partiet m\u00e5 finne relevans og strategi for gjennomslag i konkurranse &#8211; og samarbeid med &#8211; de andre tutti-frutti partiene.\u00a0<\/p>\n<p><a href=\"https:\/\/borsen.dagbladet.no\/nyheter\/varsler-felles-front-mot-ap\/83603995\" rel=\"nofollow noopener\" target=\"_blank\">I Dagbladet i g\u00e5r varslet SV og R\u00f8dt felles front mot Ap<\/a> i kampen for gjennomslag.\u00a0<\/p>\n<p>Til NRK har flere fylkesledere <a href=\"https:\/\/www.nrk.no\/norge\/sv-mistet-nesten-50.000-velgere_-_-vi-bommet-ganske-kraftig-1.17574723\" rel=\"nofollow noopener\" target=\"_blank\">fremmet \u00f8nske om oppvask<\/a> etter at partiet mistet en fjerdeldel av velgerne sine fra forrige stortingsvalg.\u00a0<\/p>\n<p>&#8211; Vi har i all hovedsak mistet velgere til Arbeiderpartiet, men ogs\u00e5 R\u00f8dt og i slutten av valgkampen til MDG. Vi og jeg har ikke klart \u00e5 f\u00e5 fram godt nok hvorfor man b\u00f8r stemme SV.\u00a0<\/p>\n<p>&#8211; Det er noe jeg m\u00e5 ta ansvar for, sier Bergst\u00f8.<\/p>\n<p>Hun sender et varselskudd til Jonas Gahr St\u00f8re om at han ikke kan regne med \u00e5 styre p\u00e5 Arbeiderpartiets valgl\u00f8fter alene.\u00a0<\/p>\n<p>&#8211; Det er ingen andre enn Arbeiderpartiets representanter som g\u00e5r inn i denne fire\u00e5rperioden med noe abonnement p\u00e5 Ap-politikk. Det er vi sammen som m\u00e5 mesle fram en god r\u00f8dgr\u00f8nn politikk, sier Bergst\u00f8.\u00a0<\/p>\n<p>&#8211; Det er fire partier utenfor regjeringen som sammen har gjort det mulig for St\u00f8re \u00e5 fortsette som statsminister. Vi har alle ansvar for \u00e5 f\u00e5 mest mulig gjennomslag, sier Bergst\u00f8.\u00a0<\/p>\n","protected":false},"excerpt":{"rendered":"Kirsti Bergst\u00f8 mener den norske valgkampen er blitt \u00abtrumpifisert\u00bb, og nevner en rekke norske milliard\u00e6rers innblanding i valgkampen&hellip;\n","protected":false},"author":2,"featured_media":39522,"comment_status":"","ping_status":"","sticky":false,"template":"","format":"standard","meta":{"footnotes":""},"categories":[10],"tags":[20,21,24,25,15,2471,22,23,13,30,28,29,14,16,41,776,947,26,27],"class_list":{"0":"post-39521","1":"post","2":"type-post","3":"status-publish","4":"format-standard","5":"has-post-thumbnail","7":"category-norge","8":"tag-breaking-news","9":"tag-breakingnews","10":"tag-featured-news","11":"tag-featurednews","12":"tag-headlines","13":"tag-kirsti-bergsto","14":"tag-latest-news","15":"tag-latestnews","16":"tag-news","17":"tag-no","18":"tag-norge","19":"tag-norway","20":"tag-nyheter","21":"tag-overskrifter","22":"tag-politikk","23":"tag-stortingsvalg-2025","24":"tag-sv","25":"tag-top-stories","26":"tag-topstories"},"share_on_mastodon":{"url":"","error":""},"_links":{"self":[{"href":"https:\/\/www.europesays.com\/no\/wp-json\/wp\/v2\/posts\/39521","targetHints":{"allow":["GET"]}}],"collection":[{"href":"https:\/\/www.europesays.com\/no\/wp-json\/wp\/v2\/posts"}],"about":[{"href":"https:\/\/www.europesays.com\/no\/wp-json\/wp\/v2\/types\/post"}],"author":[{"embeddable":true,"href":"https:\/\/www.europesays.com\/no\/wp-json\/wp\/v2\/users\/2"}],"replies":[{"embeddable":true,"href":"https:\/\/www.europesays.com\/no\/wp-json\/wp\/v2\/comments?post=39521"}],"version-history":[{"count":0,"href":"https:\/\/www.europesays.com\/no\/wp-json\/wp\/v2\/posts\/39521\/revisions"}],"wp:featuredmedia":[{"embeddable":true,"href":"https:\/\/www.europesays.com\/no\/wp-json\/wp\/v2\/media\/39522"}],"wp:attachment":[{"href":"https:\/\/www.europesays.com\/no\/wp-json\/wp\/v2\/media?parent=39521"}],"wp:term":[{"taxonomy":"category","embeddable":true,"href":"https:\/\/www.europesays.com\/no\/wp-json\/wp\/v2\/categories?post=39521"},{"taxonomy":"post_tag","embeddable":true,"href":"https:\/\/www.europesays.com\/no\/wp-json\/wp\/v2\/tags?post=39521"}],"curies":[{"name":"wp","href":"https:\/\/api.w.org\/{rel}","templated":true}]}}