{"id":39525,"date":"2025-09-19T09:53:09","date_gmt":"2025-09-19T09:53:09","guid":{"rendered":"https:\/\/www.europesays.com\/no\/39525\/"},"modified":"2025-09-19T09:53:09","modified_gmt":"2025-09-19T09:53:09","slug":"karsten-warholm-har-et-gir-rai-benjamin-mangler-i-ar","status":"publish","type":"post","link":"https:\/\/www.europesays.com\/no\/39525\/","title":{"rendered":"\u2013 Karsten Warholm har et gir Rai Benjamin mangler i \u00e5r"},"content":{"rendered":"\n<p class=\"_lead_ew2ao_2 _lead_xtcu6_50 layout-component text-serif-m layout-normal text-serif-l layout-component layout-wide layout-padded _wide_17hqh_1 layout-padded\">F\u00e5r Karsten Warholm dr\u00f8mmereprisen i Tokyo? Eller blir Rai Benjamin for sterk?<\/p>\n<p><img alt=\"Karsten Warholm m\u00e5 trolig gj\u00f8re et av karrierens beste l\u00f8p for \u00e5 bli verdensmester for fjerde gang fredag. Foto: Bj\u00f8rn S. Delebekk \/ VG\" class=\"_image_qp4xg_65 layout-component layout-wide\" data-fullscreen- data-track-element-type=\"Article image fullscreen\" data-track-name=\"ImageFullscreen\" fetchpriority=\"high\" decoding=\"sync\" loading=\"eager\" height=\"4249\" itemprop=\"image\"  src=\"https:\/\/www.europesays.com\/no\/wp-content\/uploads\/2025\/09\/5606dba6-703e-4f45-b2f0-6b34822856e0\"  style=\"object-position:0% 0%\" width=\"6214\"\/>Karsten Warholm m\u00e5 trolig gj\u00f8re et av karrierens beste l\u00f8p for \u00e5 bli verdensmester for fjerde gang fredag. Foto: Bj\u00f8rn S. Delebekk \/ VG<\/p>\n<ul aria-hidden=\"true\" class=\"_images_1y6fe_106\">\n<li><a class=\"_link_1y6fe_111\" href=\"https:\/\/www.vg.no\/forfatter\/herman-folvik\" style=\"z-index:2\" title=\"Herman Folvik\" rel=\"nofollow noopener\" target=\"_blank\"><img alt=\"Bilde av Herman Folvik\" class=\"_image_1y6fe_88\" fetchpriority=\"low\" loading=\"lazy\" decoding=\"async\" itemprop=\"image\"  src=\"https:\/\/www.europesays.com\/no\/wp-content\/uploads\/2025\/09\/1758275587_752_b8d5eb91-9fa9-460c-b9f0-da310ffe35dd\"  width=\"480\"\/><\/a><\/li>\n<li><a class=\"_link_1y6fe_111\" href=\"https:\/\/www.vg.no\/forfatter\/bjoern-s-delebekk-foto\" style=\"z-index:1\" title=\"Bj\u00f8rn S. Delebekk (foto)\" rel=\"nofollow noopener\" target=\"_blank\"><img alt=\"Bilde av Bj\u00f8rn S. Delebekk (foto)\" class=\"_image_1y6fe_88\" fetchpriority=\"low\" loading=\"lazy\" decoding=\"async\" itemprop=\"image\"  src=\"https:\/\/www.europesays.com\/no\/wp-content\/uploads\/2025\/09\/1758275588_819_0951ae87-c959-48ff-9f15-211b75525be1\"  width=\"480\"\/><\/a><\/li>\n<\/ul>\n<p>Tokyo, Japan Oppdatert fredag 19. september kl. 11:33    <\/p>\n<ul class=\"_list_ew2ao_3 _list_64s2r_85 _unordered_ew2ao_99 text-sans-m\">\n<li class=\"_item_ew2ao_30\">Karsten Warholm l\u00f8per finale p\u00e5 400 meter hekk under VM i friidrett i Tokyo, fredag kl. 14.15.<\/li>\n<li class=\"_item_ew2ao_30\">Warholm m\u00f8ter sin rival Rai Benjamin, som slo ham i OL i fjor.<\/li>\n<li class=\"_item_ew2ao_30\">Svenske Oskar Edlund mener Warholm er i ekstremt god form og sp\u00e5r syke tider i finalen.<\/li>\n<li class=\"_item_ew2ao_30\">Amalie Iuel roser trener Leif Olav Alnes for hans mentale st\u00f8tte til Warholm.<\/li>\n<\/ul>\n<p>Vis mer <\/p>\n<p class=\"_paragraph_ew2ao_4 _paragraph_xtcu6_10 layout-component text-serif-m layout-normal text-serif-m layout-padded\">Etter at 1500-meteren ble en norsk fiasko, kommer det endelig en stor norsk gullsjanse under VM i friidrett i Tokyo. Fredag klokken 14.15 skal <a href=\"https:\/\/www.vg.no\/tag\/karsten-warholm?utm_source=vg-article&amp;utm_medium=auto-tagger&amp;utm_campaign=eM9lk4\" class=\"_link_ew2ao_39\" rel=\"nofollow noopener\" target=\"_blank\">Karsten Warholm<\/a> l\u00f8pe finale p\u00e5 400 meter hekk. <\/p>\n<p class=\"_paragraph_ew2ao_4 _paragraph_xtcu6_10 layout-component text-serif-m layout-normal text-serif-m layout-padded\">Rai Benjamin slo ham i OL i fjor og er den store utfordreren. Sist duoen l\u00f8p p\u00e5 Japan National Stadium, under OL i 2021, kom historiens to beste tider:<\/p>\n<ul class=\"_list_ew2ao_3 _list_xtcu6_9 _unordered_ew2ao_99 layout-component text-serif-m layout-normal text-serif-m layout-padded\">\n<li class=\"_item_ew2ao_30\">Karsten Warholm: 45,94 \u2013 st\u00e5ende verdensrekord <\/li>\n<li class=\"_item_ew2ao_30\">Rai Benjamin: 46,17<\/li>\n<\/ul>\n<p class=\"_paragraph_ew2ao_4 _paragraph_xtcu6_10 layout-component text-serif-m layout-normal text-serif-m layout-padded\">\u2013 Rai er en ringrev. Han er absolutt \u00e5 regne med, men det er jeg ogs\u00e5, sier Warholm, som jakter sitt fjerde VM-gull. <\/p>\n<p class=\"_paragraph_ew2ao_4 _paragraph_xtcu6_10 layout-component text-serif-m layout-normal text-serif-m layout-padded\">\u2013 Jeg tror det kommer til \u00e5 g\u00e5 virkelig raskt. Jeg h\u00e5per det blir historisk \u2013 og at jeg er p\u00e5 rett side av historien. Karsten er i god form, s\u00e5 jeg m\u00e5 bare gj\u00f8re mitt l\u00f8p og se hva som skjer, sier Benjamin.<\/p>\n<ul class=\"_list_ew2ao_3 _list_xtcu6_9 _unordered_ew2ao_99 layout-component text-serif-m layout-normal text-serif-m layout-padded\">\n<li class=\"_item_ew2ao_30\"><a href=\"https:\/\/www.vg.no\/sport\/i\/OoVk13\/friidretts-vm-2025-i-japan-sendeskjema-og-alt-du-trenger-aa-vite\" data-track-element-type=\"Link\" data-track-id=\"link:OoVk13\" class=\"_link_ew2ao_39\" rel=\"nofollow noopener\" target=\"_blank\">Jakob Ingebrigtsen og Narve Gilje Nord\u00e5s er ogs\u00e5 i aksjon fredag &#8211; se hele VM-programmet<\/a><\/li>\n<\/ul>\n<p class=\"_paragraph_ew2ao_4 _paragraph_xtcu6_10 layout-component text-serif-m layout-normal text-serif-m layout-padded\">Historisk sett har de m\u00f8ttes 10 ganger p\u00e5 400 meter hekk siden 2019. Stillingen er <strong class=\"_strong_ew2ao_25\">5\u20135.<\/strong><\/p>\n<p class=\"_paragraph_ew2ao_4 _paragraph_xtcu6_10 layout-component text-serif-m layout-normal text-serif-m layout-padded\">I tillegg knuste Warholm amerikaneren p\u00e5 300 meter hekk p\u00e5 Bislett i sommer:<\/p>\n<p class=\"_paragraph_ew2ao_4 _paragraph_xtcu6_10 layout-component text-serif-m layout-normal text-serif-m layout-padded\">Sander Skotheim, Norges gullh\u00e5p i tikamp, tror det blir jevnt.<\/p>\n<p class=\"_paragraph_ew2ao_4 _paragraph_xtcu6_10 layout-component text-serif-m layout-normal text-serif-m layout-padded\">\u2013 Jeg synes begge ser fryktelig sterke ut, men jeg er norsk og synes Karsten ser bittelitt sterkere ut. Jeg tror Karsten tar det, sier Skotheim.<\/p>\n<p class=\"_paragraph_ew2ao_4 _paragraph_xtcu6_10 layout-component text-serif-m layout-normal text-serif-m layout-padded\">Svenske Oskar Edlund r\u00f8k ut i semifinalen p\u00e5 400 meter hekk. VG ba ham om en analyse av finalen.<\/p>\n<p class=\"_paragraph_ew2ao_4 _paragraph_xtcu6_10 layout-component text-serif-m layout-normal text-serif-m layout-padded\">\u2013 I fors\u00f8ket og semifinalen synes jeg Karsten ser ekstremt bra ut. Rai var min forh\u00e5ndsfavoritt f\u00f8r mesterskapet, men jeg f\u00e5r nesten revidere meningen min og sette pengene p\u00e5 Karsten, sier Edlund.<\/p>\n<p class=\"_paragraph_ew2ao_4 _paragraph_xtcu6_10 layout-component text-serif-m layout-normal text-serif-m layout-padded\">\u2013 Hvorfor?<\/p>\n<p class=\"_paragraph_ew2ao_4 _paragraph_xtcu6_10 layout-component text-serif-m layout-normal text-serif-m layout-padded\">\u2013 Han ser ekstremt sterk ut. Og jeg tror han kommer ekstremt sulten til Tokyo etter nedturen i fjor. Om jeg tolker det rett kommer Karsten til \u00e5 gi eksakt alt han har.<\/p>\n<p>Karsten Warholm<\/p>\n<p class=\"_paragraph_ew2ao_4 _paragraph_xtcu6_10 _paragraph_16v91_10 layout-component text-serif-m layout-normal text-sans-m layout-padded\">* Alder: 29 \u00e5r (f\u00f8dt 28. februar 1996 i Ulsteinvik)<\/p>\n<p class=\"_paragraph_ew2ao_4 _paragraph_xtcu6_10 _paragraph_16v91_10 layout-component text-serif-m layout-normal text-sans-m layout-padded\">* Favoritt\u00f8velse: 400 meter hekk<\/p>\n<p class=\"_paragraph_ew2ao_4 _paragraph_xtcu6_10 _paragraph_16v91_10 layout-component text-serif-m layout-normal text-sans-m layout-padded\">* H\u00f8yde: 1,87 m<\/p>\n<p class=\"_paragraph_ew2ao_4 _paragraph_xtcu6_10 _paragraph_16v91_10 layout-component text-serif-m layout-normal text-sans-m layout-padded\">* Klubb: Dimna<\/p>\n<p class=\"_paragraph_ew2ao_4 _paragraph_xtcu6_10 _paragraph_16v91_10 layout-component text-serif-m layout-normal text-sans-m layout-padded\">* Trener: Leif Olav Alnes<\/p>\n<p class=\"_paragraph_ew2ao_4 _paragraph_xtcu6_10 _paragraph_16v91_10 layout-component text-serif-m layout-normal text-sans-m layout-padded\">* Meritter p\u00e5 400 m hekk utend\u00f8rs:<\/p>\n<p class=\"_paragraph_ew2ao_4 _paragraph_xtcu6_10 _paragraph_16v91_10 layout-component text-serif-m layout-normal text-sans-m layout-padded\">* OL: Ett gull (2021), ett s\u00f8lv (2024)<\/p>\n<p class=\"_paragraph_ew2ao_4 _paragraph_xtcu6_10 _paragraph_16v91_10 layout-component text-serif-m layout-normal text-sans-m layout-padded\">* VM: Tre gull (2017, 2019, 2023)<\/p>\n<p class=\"_paragraph_ew2ao_4 _paragraph_xtcu6_10 _paragraph_16v91_10 layout-component text-serif-m layout-normal text-sans-m layout-padded\">* EM: Tre gull (2018, 2022, 2024)<\/p>\n<p class=\"_paragraph_ew2ao_4 _paragraph_xtcu6_10 _paragraph_16v91_10 layout-component text-serif-m layout-normal text-sans-m layout-padded\">* Diamond League: Tre sammenlagttitler (2019, 2021 og 2025)<\/p>\n<p>Vis mer<img alt=\"Svenske Oskar Edlund.   Foto: VEGARD GR\u00d8TT \/ Bildbyr\u00e5n\" class=\"_image_qp4xg_65 layout-component layout-normal\" data-fullscreen- data-track-element-type=\"Article image fullscreen\" data-track-name=\"ImageFullscreen\" decoding=\"async\" loading=\"lazy\" height=\"4000\" itemprop=\"image\"  src=\"https:\/\/www.europesays.com\/no\/wp-content\/uploads\/2025\/09\/a21eda24-943d-4623-8cd3-309e4273f45e\"  style=\"object-position:0% 0%\" width=\"6000\"\/>Svenske Oskar Edlund.   Foto: VEGARD GR\u00d8TT \/ Bildbyr\u00e5n<\/p>\n<p class=\"_paragraph_ew2ao_4 _paragraph_xtcu6_10 layout-component text-serif-m layout-normal text-serif-m layout-padded\">\u2013 Hvor sterke tider tror du vi f\u00e5r se?<\/p>\n<p class=\"_paragraph_ew2ao_4 _paragraph_xtcu6_10 layout-component text-serif-m layout-normal text-serif-m layout-padded\">\u2013 Det kommer til \u00e5 bli helt sjuke tider. Det var jo her verdensrekorden r\u00f8k. Karsten er i brutal form, Rai det samme. Men jeg tror Karsten trekker det lengste str\u00e5et. <\/p>\n<p class=\"_paragraph_ew2ao_4 _paragraph_xtcu6_10 layout-component text-serif-m layout-normal text-serif-m layout-padded\">\u2013 Hva f\u00e5r man lest ut av fors\u00f8kene og semifinalene her i VM egentlig? Alle sparer jo mest mulig krefter &#8230;<\/p>\n<p class=\"_paragraph_ew2ao_4 _paragraph_xtcu6_10 layout-component text-serif-m layout-normal text-serif-m layout-padded\">\u2013 Det er bare et sp\u00f8rsm\u00e5l om selvtillit egentlig. Karsten kj\u00f8rer p\u00e5 fra start, s\u00e5 skrur han av. Rai flyter kanskje litt mer hele veien. Men jeg tror Karsten har et gir Rai mangler i \u00e5r, sier Edlund.<\/p>\n<p>Tidenes raskeste tider 400 meter hekk<\/p>\n<ol class=\"_list_ew2ao_3 _list_xtcu6_9 _list_16v91_9 _ordered_ew2ao_79 layout-component text-serif-m layout-normal text-sans-m layout-padded\">\n<li class=\"_item_ew2ao_30\">Karsten Warholm \u2013 45,94 i OL 2021<\/li>\n<li class=\"_item_ew2ao_30\">Rai Benjamin \u2013 46,17 i OL 2021<\/li>\n<li class=\"_item_ew2ao_30\">Warholm \u2013 46,28 i Silesia 2025<\/li>\n<li class=\"_item_ew2ao_30\">Alison dos Santos \u2013 46,29 i VM 2022<\/li>\n<li class=\"_item_ew2ao_30\">Benjamin \u2013 46,39 i Eugene 2023<\/li>\n<li class=\"_item_ew2ao_30\">Benjamin \u2013 46,46 i Eugene 2024<\/li>\n<li class=\"_item_ew2ao_30\">Benjamin \u2013 46,46 i OL 2024<\/li>\n<li class=\"_item_ew2ao_30\">Warholm \u2013 46,51 i Monaco 2023<\/li>\n<li class=\"_item_ew2ao_30\">Warholm \u2013 46,52 p\u00e5 Bislett 2023<\/li>\n<li class=\"_item_ew2ao_30\">Warholm \u2013 46,53 i Eugene 2023<\/li>\n<\/ol>\n<p>Vis mer<img alt=\"Rai Benjamin under semifinalen i Tokyo.  Foto: Bj\u00f8rn S. Delebekk \/ VG\" class=\"_image_qp4xg_65 layout-component layout-normal\" data-fullscreen- data-track-element-type=\"Article image fullscreen\" data-track-name=\"ImageFullscreen\" decoding=\"async\" loading=\"lazy\" height=\"3370\" itemprop=\"image\"  src=\"https:\/\/www.europesays.com\/no\/wp-content\/uploads\/2025\/09\/226949cb-f679-45bb-96df-c0039fe572dd\"  style=\"object-position:0% 0%\" width=\"4960\"\/>Rai Benjamin under semifinalen i Tokyo.  Foto: Bj\u00f8rn S. Delebekk \/ VG<\/p>\n<p class=\"_paragraph_ew2ao_4 _paragraph_xtcu6_10 layout-component text-serif-m layout-normal text-serif-m layout-padded\">Warholm har \u00e5rsbeste i verden p\u00e5 46,28 i Silesia i august. Benjamins beste tid i 2025 er 46,54. <\/p>\n<p class=\"_paragraph_ew2ao_4 _paragraph_xtcu6_10 layout-component text-serif-m layout-normal text-serif-m layout-padded\">\u2013 Jeg har ikke noe \u00e5 bevise \u2013 og tror det hjelper meg. Det f\u00f8les bare morsomt. Jeg l\u00f8per fort og f\u00f8ler meg bra, sier Benjamin. <\/p>\n<p class=\"_paragraph_ew2ao_4 _paragraph_xtcu6_10 layout-component text-serif-m layout-normal text-serif-m layout-padded\">Ogs\u00e5 han har store forh\u00e5pninger til at finalen blir noe helt spesielt. <\/p>\n<p class=\"_paragraph_ew2ao_4 _paragraph_xtcu6_10 layout-component text-serif-m layout-normal text-serif-m layout-padded\">\u2013 Jeg tror det blir virkelig raskt. Jeg h\u00e5per det blir historisk \u2013 og at jeg er p\u00e5 rett side av historien. Karsten er i god form, s\u00e5 jeg m\u00e5 bare gj\u00f8re mitt l\u00f8p og se hva som skjer, sier Benjamin. <\/p>\n<p><img alt=\"Karsten Warholm etter 45,94 i Tokyo 2021. Bak Alison dos Santos og Rai Benjamin.   Foto: Bj\u00f8rn S. Delebekk \/ VG\" class=\"_image_qp4xg_65 layout-component layout-normal\" data-fullscreen- data-track-element-type=\"Article image fullscreen\" data-track-name=\"ImageFullscreen\" decoding=\"async\" loading=\"lazy\" height=\"3361\" itemprop=\"image\"  src=\"https:\/\/www.europesays.com\/no\/wp-content\/uploads\/2025\/09\/c4f023ba-85bc-4832-9e15-304efa688feb\"  style=\"object-position:0% 0%\" width=\"4752\"\/>Karsten Warholm etter 45,94 i Tokyo 2021. Bak Alison dos Santos og Rai Benjamin.   Foto: Bj\u00f8rn S. Delebekk \/ VG<\/p>\n<p class=\"_paragraph_ew2ao_4 _paragraph_xtcu6_10 layout-component text-serif-m layout-normal text-serif-m layout-padded\">Amalie Iuel, som er i samme treningsgruppe som Warholm, forteller om hvor viktig trener Leif Olav Alnes er f\u00f8r de st\u00f8rste h\u00f8ydepunktene. <\/p>\n<p class=\"_paragraph_ew2ao_4 _paragraph_xtcu6_10 layout-component text-serif-m layout-normal text-serif-m layout-padded\">\u2013 Leif er en kjempegod trener p\u00e5 det fysiske, men ikke minst p\u00e5 det psykiske. Han driver med hypnose p\u00e5 Karsten. Det er det mentale han er s\u00e5 flink til. Hvis man er litt sm\u00e5-negativ er han ekstremt rask til \u00e5 snu det til noe positivt. Han er ekstremt flink. Vi er heldige som har en s\u00e5 erfaren trener, sier Iuel. <\/p>\n<p class=\"_paragraph_ew2ao_4 _paragraph_xtcu6_10 layout-component text-serif-m layout-normal text-serif-m layout-padded\">Se ogs\u00e5 opp for brasilianske Alison dos Santos (Brasil) som er historiens tredje raskeste l\u00f8per p\u00e5 400 meter hekk. Han ble verdensmester i 2022 og tok OL-bronse i Tokyo. <\/p>\n","protected":false},"excerpt":{"rendered":"F\u00e5r Karsten Warholm dr\u00f8mmereprisen i Tokyo? Eller blir Rai Benjamin for sterk? Karsten Warholm m\u00e5 trolig gj\u00f8re et&hellip;\n","protected":false},"author":2,"featured_media":39526,"comment_status":"","ping_status":"","sticky":false,"template":"","format":"standard","meta":{"footnotes":""},"categories":[59],"tags":[5995,423,2196,2197,30,28,29,5996,83,82],"class_list":{"0":"post-39525","1":"post","2":"type-post","3":"status-publish","4":"format-standard","5":"has-post-thumbnail","7":"category-sport","8":"tag-alison-dos-santos","9":"tag-friidrett","10":"tag-karsten-warholm","11":"tag-leif-olav-alnes","12":"tag-no","13":"tag-norge","14":"tag-norway","15":"tag-rai-benjamin","16":"tag-sport","17":"tag-sports"},"share_on_mastodon":{"url":"","error":""},"_links":{"self":[{"href":"https:\/\/www.europesays.com\/no\/wp-json\/wp\/v2\/posts\/39525","targetHints":{"allow":["GET"]}}],"collection":[{"href":"https:\/\/www.europesays.com\/no\/wp-json\/wp\/v2\/posts"}],"about":[{"href":"https:\/\/www.europesays.com\/no\/wp-json\/wp\/v2\/types\/post"}],"author":[{"embeddable":true,"href":"https:\/\/www.europesays.com\/no\/wp-json\/wp\/v2\/users\/2"}],"replies":[{"embeddable":true,"href":"https:\/\/www.europesays.com\/no\/wp-json\/wp\/v2\/comments?post=39525"}],"version-history":[{"count":0,"href":"https:\/\/www.europesays.com\/no\/wp-json\/wp\/v2\/posts\/39525\/revisions"}],"wp:featuredmedia":[{"embeddable":true,"href":"https:\/\/www.europesays.com\/no\/wp-json\/wp\/v2\/media\/39526"}],"wp:attachment":[{"href":"https:\/\/www.europesays.com\/no\/wp-json\/wp\/v2\/media?parent=39525"}],"wp:term":[{"taxonomy":"category","embeddable":true,"href":"https:\/\/www.europesays.com\/no\/wp-json\/wp\/v2\/categories?post=39525"},{"taxonomy":"post_tag","embeddable":true,"href":"https:\/\/www.europesays.com\/no\/wp-json\/wp\/v2\/tags?post=39525"}],"curies":[{"name":"wp","href":"https:\/\/api.w.org\/{rel}","templated":true}]}}