{"id":39540,"date":"2025-09-19T10:12:09","date_gmt":"2025-09-19T10:12:09","guid":{"rendered":"https:\/\/www.europesays.com\/no\/39540\/"},"modified":"2025-09-19T10:12:09","modified_gmt":"2025-09-19T10:12:09","slug":"eliteserien-14-aring-til-valerenga-nff-undersoker-overgangen","status":"publish","type":"post","link":"https:\/\/www.europesays.com\/no\/39540\/","title":{"rendered":"Eliteserien: 14-\u00e5ring til V\u00e5lerenga: NFF unders\u00f8ker overgangen"},"content":{"rendered":"\n<p class=\"_lead_ew2ao_2 _lead_xtcu6_50 layout-component text-serif-m layout-normal text-serif-l layout-component layout-wide layout-padded _wide_17hqh_1 layout-padded\">P\u00e5talenemnda skal se p\u00e5 overgangen.<\/p>\n<p><img alt=\"VIF-KLAR: Stortalentet Gabriel Rajkovic ble klar for V\u00e5lerenga tidligere denne m\u00e5neden. Foto: V\u00e5lerenga \/ V\u00e5lerenga\" class=\"_image_qp4xg_65 layout-component layout-wide\" data-fullscreen- data-track-element-type=\"Article image fullscreen\" data-track-name=\"ImageFullscreen\" fetchpriority=\"high\" decoding=\"sync\" loading=\"eager\" height=\"4128\" itemprop=\"image\"  src=\"https:\/\/www.europesays.com\/no\/wp-content\/uploads\/2025\/09\/1c224f0b-484c-4876-890b-13e747b3524a\"  style=\"object-position:0% 0%\" width=\"6192\"\/>VIF-KLAR: Stortalentet Gabriel Rajkovic ble klar for V\u00e5lerenga tidligere denne m\u00e5neden. Foto: V\u00e5lerenga \/ V\u00e5lerenga<\/p>\n<ul aria-hidden=\"true\" class=\"_images_1y6fe_106\">\n<li><a class=\"_link_1y6fe_111\" href=\"https:\/\/www.vg.no\/forfatter\/oeyvind-herrebroeden\" style=\"z-index:1\" title=\"\u00d8yvind Herrebr\u00f8den\" rel=\"nofollow noopener\" target=\"_blank\"><img alt=\"Bilde av \u00d8yvind Herrebr\u00f8den\" class=\"_image_1y6fe_88\" fetchpriority=\"low\" loading=\"lazy\" decoding=\"async\" itemprop=\"image\"  src=\"https:\/\/www.europesays.com\/no\/wp-content\/uploads\/2025\/09\/1758276728_562_8bb7c2c0-7083-4b77-a732-7b476449021f\"  width=\"480\"\/><\/a><\/li>\n<\/ul>\n<p> Oppdatert fredag 19. september kl. 11:46    <\/p>\n<ul class=\"_list_ew2ao_3 _list_64s2r_85 _unordered_ew2ao_99 text-sans-m\">\n<li class=\"_item_ew2ao_30\">NFF vil unders\u00f8ke om V\u00e5lerenga br\u00f8t regler ved \u00e5 hente 14-\u00e5rige Gabriel Rajkovic fra KFUM.<\/li>\n<li class=\"_item_ew2ao_30\">KFUM klaget fordi de ble informert av spillerens far, ikke direkte av V\u00e5lerenga.<\/li>\n<li class=\"_item_ew2ao_30\">V\u00e5lerenga beklager, men sier prosessen fulgte spillereglene for en 14-\u00e5ring uten kontrakt.<\/li>\n<\/ul>\n<p>Vis mer <\/p>\n<p class=\"_paragraph_ew2ao_4 _paragraph_xtcu6_10 layout-component text-serif-m layout-normal text-serif-m layout-padded\">Fredag 12. september kunngjorde V\u00e5lerenga at de hadde signert Gabriel Rajkovic (14) fra naboklubben KFUM i Oslo. 14-\u00e5ringen var \u00f8nsket av storklubber fra flere steder Europa, men valgte \u00e5 bli i Norge og g\u00e5r rett inn i A-troppen til eliteserieklubben.<\/p>\n<p class=\"_paragraph_ew2ao_4 _paragraph_xtcu6_10 layout-component text-serif-m layout-normal text-serif-m layout-padded\">Neste \u00e5r f\u00e5r han proffkontrakt \u2013 fordi han f\u00f8rst da er gammel nok til det, etter fotballens regler.<\/p>\n<p class=\"_paragraph_ew2ao_4 _paragraph_xtcu6_10 layout-component text-serif-m layout-normal text-serif-m layout-padded\">Men aller f\u00f8rst skal Norges Fotballforbund (NFF) vurdere om det har v\u00e6rt brudd p\u00e5 reglene da V\u00e5lerenga hentet ten\u00e5ringen fra KFUM.<\/p>\n<p class=\"_paragraph_ew2ao_4 _paragraph_xtcu6_10 layout-component text-serif-m layout-normal text-serif-m layout-padded\">\u2013 Saken er n\u00e5 sendt over til P\u00e5talenemndaP\u00e5talenemndaEt utvalg tilh\u00f8rende Norges Fotballforbund, ledet av en jurist, som kan regnes som f\u00f8rste uavhengige instans som vurderer regelbrudd. De kan videresende saker til doms- og sanksjonsutvalget om de mener det er riktig. for vurdering, opplyser Line Rasmussen Petersen i NFFs juridiske avdeling.<\/p>\n<p class=\"_paragraph_ew2ao_4 _paragraph_xtcu6_10 layout-component text-serif-m layout-normal text-serif-m layout-padded\">Daglig leder Svein Graff i V\u00e5lerenga forteller til VG at fotballforbundet har tatt kontakt, og Oslo-klubben har allerede redegjort for sin rolle i overgangen.<\/p>\n<p><img decoding=\"async\" alt=\"Bilde av Svein Graff\" class=\"_image_ygndg_42\" height=\"27\" itemprop=\"image\" loading=\"lazy\"  src=\"https:\/\/www.europesays.com\/no\/wp-content\/uploads\/2025\/09\/0a15ea1c-bab2-4ecf-bd49-bc8ddea133a9\"  width=\"40\"\/><strong class=\"_name_ygndg_51 title-serif-xs\">Svein Graff<\/strong><\/p>\n<p class=\"_paragraph_ew2ao_4 text-sans-m _description_ygndg_56\">Daglig leder i V\u00e5lerenga<\/p>\n<p class=\"_paragraph_ew2ao_4 _paragraph_xtcu6_10 layout-component text-serif-m layout-normal text-serif-m layout-padded\">\u2013 Ja, det er riktig. KFUM har klaget oss inn for at de ble informert av spillerens far og ikke oss som klubb om at Gabriel Rajkovic melder overgang fra K\u00e5ffaK\u00e5ffaKallenavnet til KFUM Oslo til V\u00e5lerenga. I dette tilfellet er det snakk om en 14 \u00e5r gammel spiller uten proff- eller amat\u00f8rkontrakt. Mange norske og utenlandske klubber var interessert, og derfor hadde faren et sterkt \u00f8nske om \u00e5 informere KFUM rundt valget deres i denne saken. Det respekterte vi, sier Graff.<\/p>\n<p class=\"_paragraph_ew2ao_4 _paragraph_xtcu6_10 layout-component text-serif-m layout-normal text-serif-m layout-padded\">V\u00e5lerenga-lederen er klar p\u00e5 at de <strong class=\"_strong_ew2ao_25\">ikke<\/strong> har snakket med 14-\u00e5ringen selv i prosessen, kun spillerens far.<\/p>\n<p class=\"_paragraph_ew2ao_4 _paragraph_xtcu6_10 layout-component text-serif-m layout-normal text-serif-m layout-padded\">\u2013 Har V\u00e5lerenga gjort noe feil her?<\/p>\n<p class=\"_paragraph_ew2ao_4 _paragraph_xtcu6_10 layout-component text-serif-m layout-normal text-serif-m layout-padded\">\u2013 Overgangsreglementet tilsier at klubb skal informere klubb f\u00f8r en overgang. I dette tilfellet blir klubben varslet av pappaen, siden det var snakk om en 14-\u00e5ring uten kontrakt. Det har vi beklaget, svarer Graff.<\/p>\n<p class=\"_paragraph_ew2ao_4 _paragraph_xtcu6_10 layout-component text-serif-m layout-normal text-serif-m layout-padded\">P\u00e5talenemnda skal vurdere om paragraf 4\u20131 i overgangsreglementet er brutt. Den handler utelukkende om overganger for spillere under 15 \u00e5r.<\/p>\n<p>Paragraf 4\u20131<\/p>\n<p class=\"_paragraph_ew2ao_4 _paragraph_xtcu6_10 _paragraph_16v91_10 layout-component text-serif-m layout-normal text-sans-m layout-padded\">F\u00f8r spilleren kontaktes med tanke p\u00e5 overgang, skal ny klubb p\u00e5 etterviselig m\u00e5te sende skriftlig underretning til n\u00e5v\u00e6rende klubb og spillerens foresatte. N\u00e5v\u00e6rende klubb skal ogs\u00e5 informeres uten ugrunnet opphold dersom spilleren selv tar kontakt. Etter at n\u00e5v\u00e6rende klubb er underrettet, skal det g\u00e5 rimelig tid f\u00f8r spilleren kontaktes.<\/p>\n<p>Vis mer<\/p>\n<p class=\"_paragraph_ew2ao_4 _paragraph_xtcu6_10 layout-component text-serif-m layout-normal text-serif-m layout-padded\">Leder Marit Fiane Gr\u00f8dum i P\u00e5talenmenda sier p\u00e5 generelt grunnlag at de har behandlet flere saker med brudd p\u00e5 overgangsreglementet. Men:<\/p>\n<p class=\"_paragraph_ew2ao_4 _paragraph_xtcu6_10 layout-component text-serif-m layout-normal text-serif-m layout-padded\">\u2013 N\u00e5r det gjelder paragraf 4\u20131, og spillere under 15 \u00e5r, kan jeg ikke huske at det er s\u00e5 vanlig. Det kan jeg ikke erindre at vi har hatt i det siste, sier Gr\u00f8dum med omtrent \u00e5tte \u00e5rs fartids i NFFs p\u00e5talenemnd.<\/p>\n<p class=\"_paragraph_ew2ao_4 _paragraph_xtcu6_10 layout-component text-serif-m layout-normal text-serif-m layout-padded\">For daglig leder Thor-Erik Stenberg i KFUM er dette en prinsippsak. Det er hans klubb som har reagert overfor NFF.<\/p>\n<p><img decoding=\"async\" alt=\"Bilde av Thor-Erik Stenberg\" class=\"_image_ygndg_42\" height=\"27\" itemprop=\"image\" loading=\"lazy\"  src=\"https:\/\/www.europesays.com\/no\/wp-content\/uploads\/2025\/09\/8514e192-e73b-4714-9ab4-01f890b91156\"  width=\"40\"\/><strong class=\"_name_ygndg_51 title-serif-xs\">Thor-Erik Stenberg<\/strong><\/p>\n<p class=\"_paragraph_ew2ao_4 _paragraph_xtcu6_10 layout-component text-serif-m layout-normal text-serif-m layout-padded\">\u2013 K\u00e5ffa sendte en formell sak til NFF med tanke p\u00e5 et brudd p\u00e5 overgangsreglementet. Det har ingenting med denne spilleren \u00e5 gj\u00f8re eller at det var V\u00e5lerenga han gikk til. Det er mer enn formell greie om hvordan klubbene skal samarbeide og forholde seg til overgangssaker. Spesielt siden dette gjelder barnefotball, sier Stenberg til VG.<\/p>\n<p class=\"_paragraph_ew2ao_4 _paragraph_xtcu6_10 layout-component text-serif-m layout-normal text-serif-m layout-padded\">\u2013 Men dere godkjente overgangen til spilleren?<\/p>\n<p class=\"_paragraph_ew2ao_4 _paragraph_xtcu6_10 layout-component text-serif-m layout-normal text-serif-m layout-padded\">\u2013 Siden dette var en spiller uten kontrakt, kunne vi i praksis ikke si nei, begrunner Stenberg.<\/p>\n<p class=\"_paragraph_ew2ao_4 _paragraph_xtcu6_10 layout-component text-serif-m layout-normal text-serif-m layout-padded\">V\u00e5lerenga og KFUM m\u00f8tes til Oslo-derby i <a href=\"https:\/\/www.vg.no\/tag\/eliteserien?utm_source=vg-article&amp;utm_medium=auto-tagger&amp;utm_campaign=73W9k9\" class=\"_link_ew2ao_39\" rel=\"nofollow noopener\" target=\"_blank\">Eliteserien<\/a> denne helgen. Den kampen kommer <strong class=\"_strong_ew2ao_25\">ikke<\/strong> Gabriel Rajkovic til \u00e5 spille. Han er forsatt for ung til \u00e5 spille seniorfotball.<\/p>\n<p class=\"_paragraph_ew2ao_4 _paragraph_xtcu6_10 layout-component text-serif-m layout-normal text-serif-m layout-padded\"><strong class=\"_strong_ew2ao_25\">PS!<\/strong> Molde har et \u00f8nske om \u00e5 hente KFUM-trener Johannes Moesgaard etter at Per-Mathias H\u00f8gmo fikk sparken etter forrige serierunde. Det har KFUM avsl\u00e5tt.<\/p>\n","protected":false},"excerpt":{"rendered":"P\u00e5talenemnda skal se p\u00e5 overgangen. VIF-KLAR: Stortalentet Gabriel Rajkovic ble klar for V\u00e5lerenga tidligere denne m\u00e5neden. Foto: V\u00e5lerenga&hellip;\n","protected":false},"author":2,"featured_media":39541,"comment_status":"","ping_status":"","sticky":false,"template":"","format":"standard","meta":{"footnotes":""},"categories":[59],"tags":[134,2259,30,28,29,83,82,2215],"class_list":{"0":"post-39540","1":"post","2":"type-post","3":"status-publish","4":"format-standard","5":"has-post-thumbnail","7":"category-sport","8":"tag-eliteserien","9":"tag-kfum","10":"tag-no","11":"tag-norge","12":"tag-norway","13":"tag-sport","14":"tag-sports","15":"tag-valerenga-fotball"},"share_on_mastodon":{"url":"","error":""},"_links":{"self":[{"href":"https:\/\/www.europesays.com\/no\/wp-json\/wp\/v2\/posts\/39540","targetHints":{"allow":["GET"]}}],"collection":[{"href":"https:\/\/www.europesays.com\/no\/wp-json\/wp\/v2\/posts"}],"about":[{"href":"https:\/\/www.europesays.com\/no\/wp-json\/wp\/v2\/types\/post"}],"author":[{"embeddable":true,"href":"https:\/\/www.europesays.com\/no\/wp-json\/wp\/v2\/users\/2"}],"replies":[{"embeddable":true,"href":"https:\/\/www.europesays.com\/no\/wp-json\/wp\/v2\/comments?post=39540"}],"version-history":[{"count":0,"href":"https:\/\/www.europesays.com\/no\/wp-json\/wp\/v2\/posts\/39540\/revisions"}],"wp:featuredmedia":[{"embeddable":true,"href":"https:\/\/www.europesays.com\/no\/wp-json\/wp\/v2\/media\/39541"}],"wp:attachment":[{"href":"https:\/\/www.europesays.com\/no\/wp-json\/wp\/v2\/media?parent=39540"}],"wp:term":[{"taxonomy":"category","embeddable":true,"href":"https:\/\/www.europesays.com\/no\/wp-json\/wp\/v2\/categories?post=39540"},{"taxonomy":"post_tag","embeddable":true,"href":"https:\/\/www.europesays.com\/no\/wp-json\/wp\/v2\/tags?post=39540"}],"curies":[{"name":"wp","href":"https:\/\/api.w.org\/{rel}","templated":true}]}}