{"id":39548,"date":"2025-09-19T10:19:18","date_gmt":"2025-09-19T10:19:18","guid":{"rendered":"https:\/\/www.europesays.com\/no\/39548\/"},"modified":"2025-09-19T10:19:18","modified_gmt":"2025-09-19T10:19:18","slug":"norgespris-elhub-venter-norgespris-kaos-alle-trenger-ikke-a-logge-seg-inn-forste-dag","status":"publish","type":"post","link":"https:\/\/www.europesays.com\/no\/39548\/","title":{"rendered":"Norgespris, Elhub | Venter norgespris-kaos: \u2013 Alle trenger ikke \u00e5 logge seg inn f\u00f8rste dag"},"content":{"rendered":"\n<p>1. oktober innf\u00f8res norgespris i Norge. Da kan du f\u00e5 en fastpris p\u00e5 str\u00f8m p\u00e5 50 \u00f8re inkludert moms per kWh, i stedet for \u00e5 betale spotprisen. Fra 24. september kan man logge seg inn p\u00e5 elhub.no for \u00e5 bestille.<\/p>\n<p>Elhub, som eies av Statnett, og er Norges sentrale IT-system og datahub for kraftmarkedet, skal dermed h\u00e5ndtere langt flere innlogginger enn de er vant til.<\/p>\n<p>\u2013 Vi gj\u00f8r mange forberedelser f\u00f8r bestillingsl\u00f8sningen \u00e5pner neste uke. Med lanseringen av Elhub Min side 16. september der alle kan sjekke hvordan norgespris ville p\u00e5virket str\u00f8mregningen for tidligere \u00e5r ar vi f\u00e5tt lagt ut mye av l\u00f8sningen i produksjon. Dette gj\u00f8r at vi kan teste ytelse p\u00e5 Elhub Min side og luke ut feil f\u00f8r vi \u00e5pner for bestilling, forteller kommunikasjonssjef Christine Rynning-T\u00f8nnesen i Elhub.<\/p>\n<p>  <a href=\"https:\/\/www.nationen.no\/5-148-789794\" class=\"related-teaser has-image default-story-teaser article--c-eRUmMG article--c-eRUmMG-jKCPdD-design-default\" rel=\"nofollow noopener\" target=\"_blank\"><\/p>\n<p>    <img decoding=\"async\" loading=\"lazy\"  src=\"https:\/\/www.europesays.com\/no\/wp-content\/uploads\/2025\/09\/Jon-Fredrik+Klausen1+%281%29.jpg\" alt=\"\" class=\"brick-c-cFOWSL\" style=\"\"\/><\/p>\n<p>\n            Les ogs\u00e5<\/p>\n<p>              Norgespris eller ikke? S\u00e5 mye ville jeg spart\n        <\/p>\n<p>  <\/a><br \/>\n  Nye nettsider<\/p>\n<p>Hun forteller at de samtidig med \u00e5 \u00e5pne l\u00f8sningen hvor man kan sjekke om norgespris l\u00f8nner seg for befolkningen, lanserte de ogs\u00e5 nye hjemmesider.<\/p>\n<p>\u2013 Vi har ogs\u00e5 forberedt oss for \u00e5 drifte bestillingsl\u00f8sningen. Vi samarbeider ogs\u00e5 tett med nettselskapene slik at de skal bli klare til \u00e5 registrere bestilling for ikke-digitale kunder, og her gj\u00f8r nettselskapene en kjempegod jobb.<\/p>\n<p>De er samtidig forberedt p\u00e5 at trykket p\u00e5 nettsidene vil bli stort 24. september.<\/p>\n<p>\u2013 Vi har forberedt oss p\u00e5 at mange vil g\u00e5 inn og bestille samtidig neste uke, og har utviklet og ytelsestestet l\u00f8sningen for \u00e5 h\u00e5ndtere dette.<\/p>\n<p>  <a href=\"https:\/\/www.nationen.no\/5-148-784766\" class=\"related-teaser has-image default-story-teaser article--c-eRUmMG article--c-eRUmMG-jKCPdD-design-default\" rel=\"nofollow noopener\" target=\"_blank\"><\/p>\n<p>    <img decoding=\"async\" loading=\"lazy\"  src=\"https:\/\/www.europesays.com\/no\/wp-content\/uploads\/2025\/09\/cueres_scp-mangler_navn_xucdpyGPt84.jpg\" alt=\"\" class=\"brick-c-cFOWSL\" style=\"\"\/><\/p>\n<p>\n            Les ogs\u00e5<\/p>\n<p>              24. september kan du bestille norgespris: Dette er alt du m\u00e5 vite\n        <\/p>\n<p>  <\/a><br \/>\n  Kan bestilles etter 1. oktober<\/p>\n<p>De har likevel en b\u00f8nn:<\/p>\n<p>\u2013 Vi er tydelige i v\u00e5r kommunikasjon p\u00e5 at alle som bestiller til og med 1. oktober vil f\u00e5 norgespris fra 1. oktober. S\u00e5 alle trenger ikke \u00e5 logge seg inn f\u00f8rste dag. Man kan ogs\u00e5 bestille norgespris etter 1. oktober, og da f\u00e5r man norgespris fra den dagen man bestiller.<\/p>\n<p>Norgespris vil f\u00f8rst v\u00e6re gjeldende fra 1. oktober. Binder du deg til avtalen, er du knyttet til denne ut 2026.<\/p>\n<p>  <a href=\"https:\/\/www.nationen.no\/5-148-790875\" class=\"related-teaser has-image default-story-teaser article--c-eRUmMG article--c-eRUmMG-jKCPdD-design-default\" rel=\"nofollow noopener\" target=\"_blank\"><\/p>\n<p>    <img decoding=\"async\" loading=\"lazy\"  src=\"https:\/\/www.europesays.com\/no\/wp-content\/uploads\/2025\/09\/mp22963791-man-sitting-on-couch-cooling-off-with-fan.jpg\" alt=\"\" class=\"brick-c-cFOWSL\" style=\"\"\/><\/p>\n<p>\n            Les ogs\u00e5<\/p>\n<p>              Norgespris: Staten venter \u00e5 tjene p\u00e5 ordningen om sommeren\n        <\/p>\n<p>  <\/a><\/p>\n<p>Les mer om: artikkelemnene<\/p>\n","protected":false},"excerpt":{"rendered":"1. oktober innf\u00f8res norgespris i Norge. Da kan du f\u00e5 en fastpris p\u00e5 str\u00f8m p\u00e5 50 \u00f8re inkludert&hellip;\n","protected":false},"author":2,"featured_media":39549,"comment_status":"","ping_status":"","sticky":false,"template":"","format":"standard","meta":{"footnotes":""},"categories":[5],"tags":[36,20,21,6266,24,25,15,19,22,23,17,18,13,30,28,3333,29,14,16,1510,1490,1500,26,27],"class_list":{"0":"post-39548","1":"post","2":"type-post","3":"status-publish","4":"format-standard","5":"has-post-thumbnail","7":"category-overskrifter","8":"tag-art","9":"tag-breaking-news","10":"tag-breakingnews","11":"tag-elhub","12":"tag-featured-news","13":"tag-featurednews","14":"tag-headlines","15":"tag-hovedoppslag","16":"tag-latest-news","17":"tag-latestnews","18":"tag-main-news","19":"tag-mainnews","20":"tag-news","21":"tag-no","22":"tag-norge","23":"tag-norgespris","24":"tag-norway","25":"tag-nyheter","26":"tag-overskrifter","27":"tag-story","28":"tag-strompris","29":"tag-stromstotte","30":"tag-top-stories","31":"tag-topstories"},"share_on_mastodon":{"url":"","error":""},"_links":{"self":[{"href":"https:\/\/www.europesays.com\/no\/wp-json\/wp\/v2\/posts\/39548","targetHints":{"allow":["GET"]}}],"collection":[{"href":"https:\/\/www.europesays.com\/no\/wp-json\/wp\/v2\/posts"}],"about":[{"href":"https:\/\/www.europesays.com\/no\/wp-json\/wp\/v2\/types\/post"}],"author":[{"embeddable":true,"href":"https:\/\/www.europesays.com\/no\/wp-json\/wp\/v2\/users\/2"}],"replies":[{"embeddable":true,"href":"https:\/\/www.europesays.com\/no\/wp-json\/wp\/v2\/comments?post=39548"}],"version-history":[{"count":0,"href":"https:\/\/www.europesays.com\/no\/wp-json\/wp\/v2\/posts\/39548\/revisions"}],"wp:featuredmedia":[{"embeddable":true,"href":"https:\/\/www.europesays.com\/no\/wp-json\/wp\/v2\/media\/39549"}],"wp:attachment":[{"href":"https:\/\/www.europesays.com\/no\/wp-json\/wp\/v2\/media?parent=39548"}],"wp:term":[{"taxonomy":"category","embeddable":true,"href":"https:\/\/www.europesays.com\/no\/wp-json\/wp\/v2\/categories?post=39548"},{"taxonomy":"post_tag","embeddable":true,"href":"https:\/\/www.europesays.com\/no\/wp-json\/wp\/v2\/tags?post=39548"}],"curies":[{"name":"wp","href":"https:\/\/api.w.org\/{rel}","templated":true}]}}