{"id":39565,"date":"2025-09-19T10:33:10","date_gmt":"2025-09-19T10:33:10","guid":{"rendered":"https:\/\/www.europesays.com\/no\/39565\/"},"modified":"2025-09-19T10:33:10","modified_gmt":"2025-09-19T10:33:10","slug":"noe-er-alvorlig-feil","status":"publish","type":"post","link":"https:\/\/www.europesays.com\/no\/39565\/","title":{"rendered":"&#8211; Noe er alvorlig feil"},"content":{"rendered":"<p class=\"kicker \" style=\"\">Eirik Jensen:<\/p>\n<p>  Eksperter reagerer p\u00e5 Eirik Jensens manglende soning av dom.<\/p>\n<p>\n    NEKTER: Eirik Jensen nekter \u00e5 ta p\u00e5 seg fotlenke. Her avbildet i 2023 med Ragna Lise Vikre, p\u00e5 vei ut av fengsel Foto: Hans A. Vedlog \/ Dagbladet\n  <\/p>\n<p>Torsdag ble det kjent at Eirik Jensen nekter \u00e5 ta p\u00e5 fotlenke, og at han dermed i praksis for tiden er en fri mann. Det f\u00e5r flere eksperter til \u00e5 reagere.<\/p>\n<p>Jensen ble i mars 2023 l\u00f8slatt fra Kongsvinger fengsel av helsemessige \u00e5rsaker, og etter flere forlengede soningsavbrudd ble det i mai i \u00e5r besluttet at resten av dommen skulle sones hjemme med fotlenke.\u00a0<\/p>\n<p class=\"font-weight-bold m-font-weight-bold\" data-lab-font_weight=\"font-weight-bold\">Den har han imidlertid forel\u00f8pig nektet \u00e5 ta p\u00e5 seg, if\u00f8lge Aftenposten.<\/p>\n<p>&#8211; Noe tilfelle som dette har jeg aldri h\u00f8rt om. At noen kan nekte \u00e5 bruke fotlenke, og s\u00e5 faktisk f\u00e5r lov til \u00e5 gj\u00f8re det over lengre tid, virker veldig spesielt, sier psykolog og rettspsykiatrisk sakkyndig P\u00e5l Gr\u00f8ndahl til\u00a0<a href=\"https:\/\/www.aftenposten.no\/norge\/i\/8qn3qd\/reagerer-paa-eirik-jensens-manglende-soning-av-dom-kan-tyde-paa-at-noe-er-alvorlig-feil-i-det-norske-rettssystemet\" target=\"_blank\" rel=\"nofollow noopener\">avisa.<\/a><\/p>\n<p>    <a itemprop=\"url\" href=\"https:\/\/www.dagbladet.no\/nyheter\/truer-med-a-straffe-flere\/83614608\" rel=\"nofollow noopener\" target=\"_blank\"><\/p>\n<p>      <img loading=\"lazy\" decoding=\"async\" src=\"https:\/\/www.europesays.com\/no\/wp-content\/uploads\/2025\/09\/83615581.webp\" width=\"980\" height=\"441\" title=\"Truer med \u00e5 straffe flere\" alt=\"\" class=\"lazyload\" style=\"--aspect-ratio-image: 2.22; \"\/><\/p>\n<p>        Truer med \u00e5 straffe flere<\/p>\n<p>    <\/a><\/p>\n<p>&#8211; Feil signaler\t<\/p>\n<p>Birgitte L. Storvik, jurist og dosent i straffegjennomf\u00f8ringsrett, sier til avisa at det aldri har skjedd f\u00f8r at noen har f\u00e5tt sone en s\u00e5 lang dom med fotlenke.<\/p>\n<p class=\"font-weight-bold m-font-weight-bold\" data-lab-font_weight=\"font-weight-bold\">&#8211; Det sender litt feil signaler. N\u00e5r man har f\u00e5tt en s\u00e5pass alvorlig dom, og s\u00e5 sitter han hjemme uten fotlenka, sier hun.<\/p>\n<p>Leder Johan Lothe i stiftelsen Wayback reagerer ogs\u00e5, og p\u00e5peker at han kjenner mange som lider under harde soningsforhold i norske fengsler.<\/p>\n<p>        KR\u00d8LLER SEG: Under en pressekonferanse med Donald Trump og Kier Starmer i Storbritannia hevdet Trump \u00e5 ha meklet fred mellom Albania og \u00abAberbajdsjan\u00bb. Video: AP. Reporter: Anabelle Bruun\/Dagbladet TV<\/p>\n<p>For strenge vilk\u00e5r\t<\/p>\n<p>Jensens forsvarere, John Christian Elden og Farid Bouras, har p\u00e5pekt at de mener vilk\u00e5rene for fotlenken er for strenge.<\/p>\n<p>&#8211; Fotlenka er ikke tatt p\u00e5 av helsemessige \u00e5rsaker. Prosessen med Kriminalomsorgen p\u00e5g\u00e5r fortsatt, fordi soningsvilk\u00e5rene er for strenge. Det er Jensens helsetilstand som avgj\u00f8r om det er mulig for ham \u00e5 sone med fotlenke, sier Bouras til Aftenposten.<\/p>\n<p>Kriminalomsorgsdirektoratet \u00f8nsker ikke \u00e5 kommentere saken p\u00e5 grunn av taushetsplikt, men opplyser p\u00e5 generelt grunnlag at det \u00e5 nekte \u00e5 ta p\u00e5 seg, eller senere fjerne fotlenka, er et alvorlig brudd p\u00e5 vilk\u00e5rene, og at straffegjennomf\u00f8ring med elektronisk kontroll da skal stanses.\u00a0<\/p>\n<p>    <a itemprop=\"url\" href=\"https:\/\/www.dagbladet.no\/nyheter\/truer-danmark-etter-militaer-opprustning\/83611439\" rel=\"nofollow noopener\" target=\"_blank\"><\/p>\n<p>      <img loading=\"lazy\" decoding=\"async\" src=\"https:\/\/www.europesays.com\/no\/wp-content\/uploads\/2025\/09\/83612174.webp\" width=\"980\" height=\"441\" title=\"Truer Danmark etter milit\u00e6r opprustning\" alt=\"\" class=\"lazyload\" style=\"--aspect-ratio-image: 2.22; \"\/><\/p>\n<p>        Truer Danmark etter milit\u00e6r opprustning<\/p>\n<p>    <\/a><\/p>\n<p>21 \u00e5rs fengsel\t<\/p>\n<p>Eirik Jensen ble i 2020 d\u00f8mt til 21 \u00e5rs fengsel for grov korrupsjon og medvirkning gjennom ti \u00e5r til innf\u00f8rsel av flere tonn hasj. Lagmannsretten fant det bevist at Jensen hjalp narkotikad\u00f8mte Gjermund Cappelen i hans mange\u00e5rige virksomhet med \u00e5 smugle store mengder narkotika inn i landet.<\/p>\n<p>Han ble delvis trodd av juryen i lagmannsretten, som fant ham skyldig i grov korrupsjon, men frikjente ham for medvirkning til innf\u00f8rsel av hasj. Men gleden var kortvarig, ettersom dommerne satte juryens kjennelse til side, og saken m\u00e5tte behandles p\u00e5 nytt.<\/p>\n<p>Dommen ble alts\u00e5 til slutt 21 \u00e5rs fengsel. Jensen har hele tiden nektet straffskyld.<\/p>\n<p>Cappelen ble l\u00f8slatt i 2022 etter \u00e5 ha sonet to tredeler av straffen p\u00e5 13 \u00e5rs fengsel.<\/p>\n<p>    <a itemprop=\"url\" href=\"https:\/\/www.dagbladet.no\/nyheter\/ber-om-videre-fengsling\/83606284\" rel=\"nofollow noopener\" target=\"_blank\"><\/p>\n<p>      <img loading=\"lazy\" decoding=\"async\" src=\"https:\/\/www.europesays.com\/no\/wp-content\/uploads\/2025\/09\/83606371.webp\" width=\"980\" height=\"441\" title=\"Ber om videre fengsling\" alt=\"\" class=\"lazyload\" style=\"--aspect-ratio-image: 2.22; \"\/><\/p>\n<p>        Ber om videre fengsling<\/p>\n<p>    <\/a><\/p>\n","protected":false},"excerpt":{"rendered":"Eirik Jensen: Eksperter reagerer p\u00e5 Eirik Jensens manglende soning av dom. NEKTER: Eirik Jensen nekter \u00e5 ta p\u00e5&hellip;\n","protected":false},"author":2,"featured_media":39566,"comment_status":"","ping_status":"","sticky":false,"template":"","format":"standard","meta":{"footnotes":""},"categories":[5],"tags":[20,21,6267,24,25,6268,15,19,2539,22,23,17,18,13,30,28,29,14,16,26,27],"class_list":{"0":"post-39565","1":"post","2":"type-post","3":"status-publish","4":"format-standard","5":"has-post-thumbnail","7":"category-overskrifter","8":"tag-breaking-news","9":"tag-breakingnews","10":"tag-eirik-jensen","11":"tag-featured-news","12":"tag-featurednews","13":"tag-fotlenke","14":"tag-headlines","15":"tag-hovedoppslag","16":"tag-innenriks","17":"tag-latest-news","18":"tag-latestnews","19":"tag-main-news","20":"tag-mainnews","21":"tag-news","22":"tag-no","23":"tag-norge","24":"tag-norway","25":"tag-nyheter","26":"tag-overskrifter","27":"tag-top-stories","28":"tag-topstories"},"share_on_mastodon":{"url":"","error":""},"_links":{"self":[{"href":"https:\/\/www.europesays.com\/no\/wp-json\/wp\/v2\/posts\/39565","targetHints":{"allow":["GET"]}}],"collection":[{"href":"https:\/\/www.europesays.com\/no\/wp-json\/wp\/v2\/posts"}],"about":[{"href":"https:\/\/www.europesays.com\/no\/wp-json\/wp\/v2\/types\/post"}],"author":[{"embeddable":true,"href":"https:\/\/www.europesays.com\/no\/wp-json\/wp\/v2\/users\/2"}],"replies":[{"embeddable":true,"href":"https:\/\/www.europesays.com\/no\/wp-json\/wp\/v2\/comments?post=39565"}],"version-history":[{"count":0,"href":"https:\/\/www.europesays.com\/no\/wp-json\/wp\/v2\/posts\/39565\/revisions"}],"wp:featuredmedia":[{"embeddable":true,"href":"https:\/\/www.europesays.com\/no\/wp-json\/wp\/v2\/media\/39566"}],"wp:attachment":[{"href":"https:\/\/www.europesays.com\/no\/wp-json\/wp\/v2\/media?parent=39565"}],"wp:term":[{"taxonomy":"category","embeddable":true,"href":"https:\/\/www.europesays.com\/no\/wp-json\/wp\/v2\/categories?post=39565"},{"taxonomy":"post_tag","embeddable":true,"href":"https:\/\/www.europesays.com\/no\/wp-json\/wp\/v2\/tags?post=39565"}],"curies":[{"name":"wp","href":"https:\/\/api.w.org\/{rel}","templated":true}]}}