{"id":39811,"date":"2025-09-19T15:51:09","date_gmt":"2025-09-19T15:51:09","guid":{"rendered":"https:\/\/www.europesays.com\/no\/39811\/"},"modified":"2025-09-19T15:51:09","modified_gmt":"2025-09-19T15:51:09","slug":"vi-ser-begge-frem-til-a-motes","status":"publish","type":"post","link":"https:\/\/www.europesays.com\/no\/39811\/","title":{"rendered":"\u2013 Vi ser begge frem til \u00e5 m\u00f8tes"},"content":{"rendered":"\n<p class=\"_lead_ew2ao_2 _lead_xtcu6_50 layout-component text-serif-m layout-normal text-serif-l layout-component layout-wide layout-padded _wide_17hqh_1 layout-padded\">De to statsoverhodene hadde en \u00absv\u00e6rt produktiv\u00bb telefonsamtale fredag, if\u00f8lge Donald Trump. <\/p>\n<p><img alt=\" Foto: [ANDREW CABALLERO-REYNOLDS, SUO TAKEKUMA] \/ AFP \/ NTB\" class=\"_image_qp4xg_65 layout-component layout-wide\" data-fullscreen- data-track-element-type=\"Article image fullscreen\" data-track-name=\"ImageFullscreen\" fetchpriority=\"high\" decoding=\"sync\" loading=\"eager\" height=\"2000\" itemprop=\"image\"  src=\"https:\/\/www.europesays.com\/no\/wp-content\/uploads\/2025\/09\/5daac7c8-70b7-45d4-b492-486347c61dcd\"  style=\"object-position:0% 0%\" width=\"3020\"\/> Foto: [ANDREW CABALLERO-REYNOLDS, SUO TAKEKUMA] \/ AFP \/ NTB<\/p>\n<ul aria-hidden=\"true\" class=\"_images_1y6fe_106\">\n<li><a class=\"_link_1y6fe_111\" href=\"https:\/\/www.vg.no\/forfatter\/marie-dreyer-bakken\" style=\"z-index:1\" title=\"Marie Dreyer Bakken\" rel=\"nofollow noopener\" target=\"_blank\"><img alt=\"Bilde av Marie Dreyer Bakken\" class=\"_image_1y6fe_88\" fetchpriority=\"low\" loading=\"lazy\" decoding=\"async\" itemprop=\"image\"  src=\"https:\/\/www.europesays.com\/no\/wp-content\/uploads\/2025\/09\/1758297068_363_a58fd05d-9a13-4704-bd0c-ffb8040bb859\"  width=\"480\"\/><\/a><\/li>\n<\/ul>\n<p> Oppdatert fredag 19. september kl. 17:38     <\/p>\n<p class=\"_paragraph_ew2ao_4 _paragraph_xtcu6_10 layout-component text-serif-m layout-normal text-serif-m layout-padded\">Den amerikanske presidenten deler detaljer <a href=\"https:\/\/www.vg.no\/nyheter\/i\/73WOG9\/trump-sier-han-skal-moete-xi-paa-fredag\" data-track-element-type=\"Link\" data-track-id=\"link:73WOG9\" class=\"_link_ew2ao_39\" rel=\"nofollow noopener\" target=\"_blank\">fra samtalen med Kinas president<\/a> Xi Jinping i et innlegg p\u00e5 sin egen plattform Truth Social: <\/p>\n<p class=\"_paragraph_ew2ao_4 _paragraph_xtcu6_10 layout-component text-serif-m layout-normal text-serif-m layout-padded\">\u2013 Vi gjorde fremskritt p\u00e5 flere viktige omr\u00e5der, blant annet handel, fentanyl, behovet for \u00e5 f\u00e5 slutt p\u00e5 krigen mellom Russland og Ukraina, samt godkjenningen av TikTok-avtalen.<\/p>\n<p class=\"_paragraph_ew2ao_4 _paragraph_xtcu6_10 layout-component text-serif-m layout-normal text-serif-m layout-padded\"><strong class=\"_strong_ew2ao_25\">De to avtalte ogs\u00e5 flere fremtidige m\u00f8ter, skriver han. <\/strong><\/p>\n<p class=\"_paragraph_ew2ao_4 _paragraph_xtcu6_10 layout-component text-serif-m layout-normal text-serif-m layout-padded\">\u2013 President Xi og jeg ble ogs\u00e5 enige om \u00e5 m\u00f8tes under APECAPECAPEC st\u00e5r for Asia-Pacific Economic Cooperation, som er et forum for 21 stillehavsland som fremmer frihandel og \u00f8konomisk samarbeid i regionen.-toppm\u00f8tet i S\u00f8r-Korea. Jeg skal reise til Kina tidlig neste \u00e5r, og president Xi vil p\u00e5 sin side komme til USA p\u00e5 et passende tidspunkt.<\/p>\n<p class=\"_paragraph_ew2ao_4 _paragraph_xtcu6_10 layout-component text-serif-m layout-normal text-serif-m layout-padded\">\u2013 Samtalen var sv\u00e6rt god, og vi vil snakke sammen p\u00e5 telefon igjen. Jeg setter pris p\u00e5 godkjenningen av TikTok-avtalen, og vi ser begge frem til \u00e5 m\u00f8tes under APEC, avslutter Trump. <\/p>\n<p class=\"_paragraph_ew2ao_4 _paragraph_xtcu6_10 layout-component text-serif-m layout-normal text-serif-m layout-padded\">Da Trump annonserte den planlagte telefonsamtalen tidligere denne uken antydet han at en avtale om TikTok var inng\u00e5tt. <\/p>\n<p class=\"_paragraph_ew2ao_4 _paragraph_xtcu6_10 layout-component text-serif-m layout-normal text-serif-m layout-padded\">If\u00f8lge Reuters skal avtalen sikre at den popul\u00e6re videodelingsappen <a href=\"https:\/\/www.vg.no\/nyheter\/i\/nypobL\/reuters-trump-sier-det-er-inngaatt-en-avtale-om-kjoep-av-tiktok\" data-track-element-type=\"Link\" data-track-id=\"link:nypobL\" class=\"_link_ew2ao_39\" rel=\"nofollow noopener\" target=\"_blank\">kan fortsette \u00e5 operere i USA<\/a>, men n\u00e5 under amerikansk kontroll.<\/p>\n<p class=\"_paragraph_ew2ao_4 _paragraph_xtcu6_10 layout-component text-serif-m layout-normal text-serif-m layout-padded\">Den inneb\u00e6rer at TikToks amerikanske virksomhet overf\u00f8res fra det kinesiske selskapet ByteDance til amerikanske eiere, og kan dermed sette punktum for en langvarig konflikt mellom de to stormaktene.<\/p>\n<p>       <img decoding=\"async\" alt=\"Tips oss illustrasjon\" width=\"62px\" height=\"auto\" src=\"https:\/\/www.europesays.com\/no\/wp-content\/uploads\/2025\/08\/1754784428_95_W9avJzE.png\"\/>    <\/p>\n<p class=\"title-serif-s\">Har du tips til oss?<\/p>\n<p class=\"text-sans-m\">Send oss informasjon, bilder eller video<\/p>\n<p>  <a href=\"https:\/\/www.vg.no\/tips-oss\" rel=\"nofollow noopener\" target=\"_blank\"> Tips oss <\/a>      <\/p>\n","protected":false},"excerpt":{"rendered":"De to statsoverhodene hadde en \u00absv\u00e6rt produktiv\u00bb telefonsamtale fredag, if\u00f8lge Donald Trump. Foto: [ANDREW CABALLERO-REYNOLDS, SUO TAKEKUMA] \/&hellip;\n","protected":false},"author":2,"featured_media":39812,"comment_status":"","ping_status":"","sticky":false,"template":"","format":"standard","meta":{"footnotes":""},"categories":[12],"tags":[31,20,21,55,24,25,15,413,22,23,13,30,28,29,14,16,2046,26,27,50,42,43,44,45,3500],"class_list":{"0":"post-39811","1":"post","2":"type-post","3":"status-publish","4":"format-standard","5":"has-post-thumbnail","7":"category-verden","8":"tag-breaking","9":"tag-breaking-news","10":"tag-breakingnews","11":"tag-donald-trump","12":"tag-featured-news","13":"tag-featurednews","14":"tag-headlines","15":"tag-kina","16":"tag-latest-news","17":"tag-latestnews","18":"tag-news","19":"tag-no","20":"tag-norge","21":"tag-norway","22":"tag-nyheter","23":"tag-overskrifter","24":"tag-tiktok","25":"tag-top-stories","26":"tag-topstories","27":"tag-usa","28":"tag-verden","29":"tag-world","30":"tag-world-news","31":"tag-worldnews","32":"tag-xi-jinping"},"share_on_mastodon":{"url":"","error":""},"_links":{"self":[{"href":"https:\/\/www.europesays.com\/no\/wp-json\/wp\/v2\/posts\/39811","targetHints":{"allow":["GET"]}}],"collection":[{"href":"https:\/\/www.europesays.com\/no\/wp-json\/wp\/v2\/posts"}],"about":[{"href":"https:\/\/www.europesays.com\/no\/wp-json\/wp\/v2\/types\/post"}],"author":[{"embeddable":true,"href":"https:\/\/www.europesays.com\/no\/wp-json\/wp\/v2\/users\/2"}],"replies":[{"embeddable":true,"href":"https:\/\/www.europesays.com\/no\/wp-json\/wp\/v2\/comments?post=39811"}],"version-history":[{"count":0,"href":"https:\/\/www.europesays.com\/no\/wp-json\/wp\/v2\/posts\/39811\/revisions"}],"wp:featuredmedia":[{"embeddable":true,"href":"https:\/\/www.europesays.com\/no\/wp-json\/wp\/v2\/media\/39812"}],"wp:attachment":[{"href":"https:\/\/www.europesays.com\/no\/wp-json\/wp\/v2\/media?parent=39811"}],"wp:term":[{"taxonomy":"category","embeddable":true,"href":"https:\/\/www.europesays.com\/no\/wp-json\/wp\/v2\/categories?post=39811"},{"taxonomy":"post_tag","embeddable":true,"href":"https:\/\/www.europesays.com\/no\/wp-json\/wp\/v2\/tags?post=39811"}],"curies":[{"name":"wp","href":"https:\/\/api.w.org\/{rel}","templated":true}]}}