{"id":39821,"date":"2025-09-19T15:56:08","date_gmt":"2025-09-19T15:56:08","guid":{"rendered":"https:\/\/www.europesays.com\/no\/39821\/"},"modified":"2025-09-19T15:56:08","modified_gmt":"2025-09-19T15:56:08","slug":"smartklokke-huawei-huawei-watch-gt-6-pro-to-ukers-batteritid","status":"publish","type":"post","link":"https:\/\/www.europesays.com\/no\/39821\/","title":{"rendered":"Smartklokke, Huawei | Huawei Watch GT 6 Pro: To ukers batteritid"},"content":{"rendered":"\n<p>PARIS (Nettavisen): N\u00e5 lanseres to nye klokker i Huaweis GT-serie: Watch GT 6 Pro og Watch GT 6.<\/p>\n<p><b>Les ogs\u00e5: <\/b><a class=\"simple-relation related-teaser article--c-eRUmMG article--c-eRUmMG-fZoQSp-design-nettavisen article--c-eRUmMG-iYqjuU-model-review article--c-eRUmMG-dVRqVF-cv article--c-eRUmMG-gwthdJ-cv\" href=\"https:\/\/www.nettavisen.no\/huawei-watch-5-nesten-en-perfekt-smartklokke\/r\/5-95-2551075\" rel=\"nofollow noopener\" target=\"_blank\">Huawei Watch 5: Nesten en perfekt smartklokke<\/a><\/p>\n<p>Opptil 21 dager batteritid<\/p>\n<p>De st\u00f8rste variantene av de nye smartklokkene p\u00e5 46 mm skal tilby opptil 21 dagers batteritid ved det Huawei kaller \u00ablett bruk\u00bb, mens den noe mindre 41 mm holder i opptil 14 dager ved \u00abnormal bruk\u00bb. Dette er 65 % mer enn klokkenes forgjengere, og mer enn vi er vant til av klokker innen samme sjanger.<\/p>\n<p>   <img decoding=\"async\" width=\"16109\" height=\"9171\" fetchpriority=\"low\"  loading=\"lazy\"  src=\"https:\/\/www.europesays.com\/no\/wp-content\/uploads\/2025\/09\/Klokkene.jpg\" alt=\"\" class=\"brick-c-cFOWSL\" style=\"--brick-image-ratio: 16109 \/ 9171;\"\/><\/p>\n<p>    Huawei Watch GT 6 Pro til venstre, GT 6 til h\u00f8yre.<br \/>\n    Foto: Huawei\n  <\/p>\n<p>Vi kommer tilbake med en st\u00f8rre test av klokkene og kapasiteten, men kan allerede n\u00e5 bekrefte at batteritiden ser ut til \u00e5 v\u00e6re sv\u00e6rt god.<\/p>\n<p>Huawei Watch GT 6 og GT 6 Pro blir lansert i Norge 22. september 2025, til en ca.-pris p\u00e5 3 299 NOK.<\/p>\n<p>Ny klokke m\u00e5ler blodtrykket<\/p>\n<p>P\u00e5 lanseringseventet i Paris bekreftet ogs\u00e5 Huawei lanseringen av Watch Ultimate 2 med fokus p\u00e5 dykking og kommunikasjon under vann, samt Watch D2 med blodtrykksm\u00e5ling.<\/p>\n<p>Med Watch Ultimate 2 skal du du kunne dykke 150 meter nede i dypet, samt sende meldinger og sos-signaler 30 meter under vann. Denne og D2 vil bli tilgjengelige i Norge p\u00e5 et senere tidspunkt.<\/p>\n<p><b>Les ogs\u00e5: <\/b><a class=\"simple-relation related-teaser article--c-eRUmMG article--c-eRUmMG-fZoQSp-design-nettavisen article--c-eRUmMG-iYqjuU-model-review article--c-eRUmMG-dVRqVF-cv article--c-eRUmMG-gwthdJ-cv\" href=\"https:\/\/www.nettavisen.no\/huawei-fit-4-pro-rimelig-treningsklokke-med-premiumfolelse\/r\/5-95-2468203\" rel=\"nofollow noopener\" target=\"_blank\">Huawei Fit 4 pro: Rimelig treningsklokke med premiumf\u00f8lelse<\/a><\/p>\n","protected":false},"excerpt":{"rendered":"PARIS (Nettavisen): N\u00e5 lanseres to nye klokker i Huaweis GT-serie: Watch GT 6 Pro og Watch GT 6.&hellip;\n","protected":false},"author":2,"featured_media":39822,"comment_status":"","ping_status":"","sticky":false,"template":"","format":"standard","meta":{"footnotes":""},"categories":[57],"tags":[30,28,29,65,63,64,66,70,69,67,68],"class_list":{"0":"post-39821","1":"post","2":"type-post","3":"status-publish","4":"format-standard","5":"has-post-thumbnail","7":"category-vitenskap-og-teknologi","8":"tag-no","9":"tag-norge","10":"tag-norway","11":"tag-science","12":"tag-science-and-technology","13":"tag-scienceandtechnology","14":"tag-technology","15":"tag-teknologi","16":"tag-vitenskap","17":"tag-vitenskap-og-teknologi","18":"tag-vitenskapteknologi"},"share_on_mastodon":{"url":"","error":""},"_links":{"self":[{"href":"https:\/\/www.europesays.com\/no\/wp-json\/wp\/v2\/posts\/39821","targetHints":{"allow":["GET"]}}],"collection":[{"href":"https:\/\/www.europesays.com\/no\/wp-json\/wp\/v2\/posts"}],"about":[{"href":"https:\/\/www.europesays.com\/no\/wp-json\/wp\/v2\/types\/post"}],"author":[{"embeddable":true,"href":"https:\/\/www.europesays.com\/no\/wp-json\/wp\/v2\/users\/2"}],"replies":[{"embeddable":true,"href":"https:\/\/www.europesays.com\/no\/wp-json\/wp\/v2\/comments?post=39821"}],"version-history":[{"count":0,"href":"https:\/\/www.europesays.com\/no\/wp-json\/wp\/v2\/posts\/39821\/revisions"}],"wp:featuredmedia":[{"embeddable":true,"href":"https:\/\/www.europesays.com\/no\/wp-json\/wp\/v2\/media\/39822"}],"wp:attachment":[{"href":"https:\/\/www.europesays.com\/no\/wp-json\/wp\/v2\/media?parent=39821"}],"wp:term":[{"taxonomy":"category","embeddable":true,"href":"https:\/\/www.europesays.com\/no\/wp-json\/wp\/v2\/categories?post=39821"},{"taxonomy":"post_tag","embeddable":true,"href":"https:\/\/www.europesays.com\/no\/wp-json\/wp\/v2\/tags?post=39821"}],"curies":[{"name":"wp","href":"https:\/\/api.w.org\/{rel}","templated":true}]}}