{"id":39926,"date":"2025-09-19T18:06:13","date_gmt":"2025-09-19T18:06:13","guid":{"rendered":"https:\/\/www.europesays.com\/no\/39926\/"},"modified":"2025-09-19T18:06:13","modified_gmt":"2025-09-19T18:06:13","slug":"ung-videregaende-skole-gar-mot-reglene-na-slipper-elevene-fravaer-for-dette","status":"publish","type":"post","link":"https:\/\/www.europesays.com\/no\/39926\/","title":{"rendered":"Ung, Videreg\u00e5ende skole | G\u00e5r mot reglene \u2013 n\u00e5 slipper elevene frav\u00e6r for dette"},"content":{"rendered":"\n<p>Elever som opps\u00f8ker skolehelsetjenesten skal heretter ikke f\u00e5 frav\u00e6r som teller med p\u00e5 frav\u00e6rsgrensen.<\/p>\n<p>\u2013 Vi frykter at elever som trenger \u00e5 g\u00e5 til skolehelsetjenesten ikke vil gj\u00f8re det, fordi de etter dagens regler f\u00e5r frav\u00e6r som teller med p\u00e5 frav\u00e6rsgrensen. S\u00e5nn kan vi ikke ha det, sier Sennesvik.<\/p>\n<p>Fylkeskommunen sender n\u00e5 ut et brev til alle videreg\u00e5ende skoler for \u00e5 presisere dette. Beslutningen er imidlertid i strid med oppl\u00e6ringsforskriften.<\/p>\n<p>I oppl\u00e6ringsforskriftens paragraf 9-8, (i kraft fra og med 1.8.2025), sies det at det skal f\u00f8res frav\u00e6r for alt helserelatert frav\u00e6r. Det er satt en frav\u00e6rsgrense p\u00e5 ti prosent av timene i hvert fag for \u00e5 f\u00e5 vurdering i faget. Forskriften presiserer at henvendelser til eksempelvis skolens r\u00e5dgiver, som ikke er helserelaterte, ikke skal gi tellende frav\u00e6r.<\/p>\n<p>\u2013 Vi synes at dette er et unaturlig skille, skolehelsetjenesten er en integrert del av v\u00e5r elev- og l\u00e6rlingtjeneste. Det vil gi skolene mye arbeid \u00e5 skille mellom hva som er klart helserettede henvendelser og hva som ikke er det, sier Sennesvik.<\/p>\n<p>Artikkelen fortsetter under bildet.<\/p>\n<p>   <img decoding=\"async\" width=\"1200\" height=\"933\" fetchpriority=\"low\"  loading=\"lazy\"  src=\"https:\/\/www.europesays.com\/no\/wp-content\/uploads\/2025\/09\/sennesvik.jpg\" alt=\"Elever, frav\u00e6rsgrense, fylkesr\u00e5d for utdanning Joakim Sennesvik\" class=\"brick-c-cFOWSL\" style=\"--brick-image-ratio: 1200 \/ 933;\"\/><\/p>\n<p>    G\u00c5R MOT REGLENE: Fylkesr\u00e5d for utdanning Joakim Sennesvik (H).<br \/>\n    Foto: Nordland fylkeskommune\n  <\/p>\n<p>\u2013 Mer alvorlig er de signalene vi f\u00e5r fra flere av v\u00e5re folk i skolehelsetjenesten, nemlig at elevene lar v\u00e6re \u00e5 dra til helsesykepleier, for \u00e5 slippe frav\u00e6r. I verste fall kan det f\u00f8re til at elever som trenger hjelp ikke f\u00e5r det. Det er simpelthen ikke akseptabelt. Derfor innf\u00f8rer vi n\u00e5 en praksis der elevene fritt kan bes\u00f8ke helsesykepleier uten at det registreres som ugyldig frav\u00e6r. Flere andre fylkeskommuner i Norge har for \u00f8vrig tatt samme valg, avslutter fylkesr\u00e5d Sennesvik.<\/p>\n","protected":false},"excerpt":{"rendered":"Elever som opps\u00f8ker skolehelsetjenesten skal heretter ikke f\u00e5 frav\u00e6r som teller med p\u00e5 frav\u00e6rsgrensen. \u2013 Vi frykter at&hellip;\n","protected":false},"author":2,"featured_media":39927,"comment_status":"","ping_status":"","sticky":false,"template":"","format":"standard","meta":{"footnotes":""},"categories":[10],"tags":[36,20,21,24,25,6323,15,736,22,23,13,30,28,29,14,16,1510,26,27,815,2209],"class_list":{"0":"post-39926","1":"post","2":"type-post","3":"status-publish","4":"format-standard","5":"has-post-thumbnail","7":"category-norge","8":"tag-art","9":"tag-breaking-news","10":"tag-breakingnews","11":"tag-featured-news","12":"tag-featurednews","13":"tag-fravaersgrense","14":"tag-headlines","15":"tag-helse","16":"tag-latest-news","17":"tag-latestnews","18":"tag-news","19":"tag-no","20":"tag-norge","21":"tag-norway","22":"tag-nyheter","23":"tag-overskrifter","24":"tag-story","25":"tag-top-stories","26":"tag-topstories","27":"tag-ung","28":"tag-videregaende-skole"},"share_on_mastodon":{"url":"","error":""},"_links":{"self":[{"href":"https:\/\/www.europesays.com\/no\/wp-json\/wp\/v2\/posts\/39926","targetHints":{"allow":["GET"]}}],"collection":[{"href":"https:\/\/www.europesays.com\/no\/wp-json\/wp\/v2\/posts"}],"about":[{"href":"https:\/\/www.europesays.com\/no\/wp-json\/wp\/v2\/types\/post"}],"author":[{"embeddable":true,"href":"https:\/\/www.europesays.com\/no\/wp-json\/wp\/v2\/users\/2"}],"replies":[{"embeddable":true,"href":"https:\/\/www.europesays.com\/no\/wp-json\/wp\/v2\/comments?post=39926"}],"version-history":[{"count":0,"href":"https:\/\/www.europesays.com\/no\/wp-json\/wp\/v2\/posts\/39926\/revisions"}],"wp:featuredmedia":[{"embeddable":true,"href":"https:\/\/www.europesays.com\/no\/wp-json\/wp\/v2\/media\/39927"}],"wp:attachment":[{"href":"https:\/\/www.europesays.com\/no\/wp-json\/wp\/v2\/media?parent=39926"}],"wp:term":[{"taxonomy":"category","embeddable":true,"href":"https:\/\/www.europesays.com\/no\/wp-json\/wp\/v2\/categories?post=39926"},{"taxonomy":"post_tag","embeddable":true,"href":"https:\/\/www.europesays.com\/no\/wp-json\/wp\/v2\/tags?post=39926"}],"curies":[{"name":"wp","href":"https:\/\/api.w.org\/{rel}","templated":true}]}}