{"id":39951,"date":"2025-09-19T18:46:11","date_gmt":"2025-09-19T18:46:11","guid":{"rendered":"https:\/\/www.europesays.com\/no\/39951\/"},"modified":"2025-09-19T18:46:11","modified_gmt":"2025-09-19T18:46:11","slug":"okonomi-og-naeringsliv-nyheter-dramatisk-nar-det-gar-utover-sa-mange-ringsaker-blad","status":"publish","type":"post","link":"https:\/\/www.europesays.com\/no\/39951\/","title":{"rendered":"\u00d8konomi og n\u00e6ringsliv, Nyheter | \u2013 Dramatisk n\u00e5r det g\u00e5r utover s\u00e5 mange &#8211; Ringsaker Blad"},"content":{"rendered":"<ol>\n<li><a href=\"https:\/\/news.google.com\/rss\/articles\/CBMiiAFBVV95cUxORnl0SzY1WnVWd29xS2NCd2xkX0NRbDFkVTN2TDkzV3JncWJlbjFadWxkeGR1TlctM3RYdzQ0NEhSUUFyTWw5eUJYb1dPMGctekhzWVl5VWEzdEd1UGN4aUFpRTByem5KNjdDYl9Xd0E3LUJ5RjhHbmY1X01adkkzMGtOU3hBbjly?oc=5\" target=\"_blank\" rel=\"nofollow noopener\">\u00d8konomi og n\u00e6ringsliv, Nyheter | \u2013 Dramatisk n\u00e5r det g\u00e5r utover s\u00e5 mange<\/a>&nbsp;&nbsp;Ringsaker Blad<\/li>\n<li><a href=\"https:\/\/news.google.com\/rss\/articles\/CBMiqAFBVV95cUxPMUVtT0xKbVN3NUNhVEotWWZWbFYzNTlRa1RWZUlBNkh6RFQ4eEl3MEtCSWFtZnpXOE9KU0p3akVnRWtuemwyUXlndGZzZWdtQlRLUVJXZWlBb1M5S1hLcDMwZmRMMXdtOXUtNGZfQ05UeDlmaWdmUmxjMExZU1M5LUtnTmlPRmVSWDZyNldxSlAyNTB0a2w5ZW9yODlJTmRmZEJ3MDA2bE4?oc=5\" target=\"_blank\" rel=\"nofollow noopener\">Permitterer 140 av 310 ansatte: \u2013 Vondt \u00e5 m\u00e5tte sende hjem flinke folk<\/a>&nbsp;&nbsp;E24<\/li>\n<li><a href=\"https:\/\/news.google.com\/rss\/articles\/CBMi0gFBVV95cUxNNTBFeW1hZ3NjWWJOSHRtMllWREVxRmxVcjlPOTZpdFJjMFVkcWJzbUQwUXljWU5WZ1VCZzRIeS11NWo5NWotczJ1M0dLbmxaVWpWODh2c1BuOGpEamtHZThfNV9WRUhkTFlETDlqbDFkSnhLeWJ3OUhsOXRnd1EwS1Z5M0FEaVBKQnpfWXZjVzdFa1ZnWTJFOHBjTnhESjhNT0VxQUlHVkZuQTBsa1hiUklqeVIwMmxYS2QwalNmckxWVTF4NzU4eWh5S3NLN3M5dmc?oc=5\" target=\"_blank\" rel=\"nofollow noopener\">(+) Fra milliardresultat til minus: \u2013 Det er tungt \u00e5 gi flinke folk negative beskjeder<\/a>&nbsp;&nbsp;Bygg.no<\/li>\n<li><a href=\"https:\/\/news.google.com\/rss\/articles\/CBMihAFBVV95cUxNZ0lHdUZDSnhvNDFKb0lqdG5zRXp5cVBkMFhFbEUwNDI3R3Z1T25rYXFrQ2d4eG9rcE02RDA1Mk9id3VWemhJdDdzYTA0OXpfeFhpVUxHdS0xUTNyekM2UFQ3VDZqVW9LTV95RFV6NUhpT2k1NjFJVFRLbVZUSXJqdklvemc?oc=5\" target=\"_blank\" rel=\"nofollow noopener\">Arbeidsliv, N\u00e6ringsliv | Varsler permitteringer av opp til 140 ansatte<\/a>&nbsp;&nbsp;Gudbrandsd\u00f8len Dagningen<\/li>\n<li><a href=\"https:\/\/news.google.com\/rss\/articles\/CBMiggFBVV95cUxQenZJWndCSkV0elFjWG9YNnFpV3ZSbFpENURwY2NwZmtJT0RrNDdzR0NQYkRDdlczSXJNUm13UlN4WmVNVVJ0M1ExYnAyYnRHV1A5b3hFODIwZy1sUE92c3JENkxNTFNuWGZXcmFxQmphSFJnTm9kUlUwcnBnUVlFb0d3?oc=5\" target=\"_blank\" rel=\"nofollow noopener\">Moelv, Arbeidsliv | Moelven varsler permittering av 140 ansatte<\/a>&nbsp;&nbsp;Oppland Arbeiderblad<\/li>\n<\/ol>\n","protected":false},"excerpt":{"rendered":"\u00d8konomi og n\u00e6ringsliv, Nyheter | \u2013 Dramatisk n\u00e5r det g\u00e5r utover s\u00e5 mange&nbsp;&nbsp;Ringsaker Blad Permitterer 140 av 310&hellip;\n","protected":false},"author":2,"featured_media":39952,"comment_status":"","ping_status":"","sticky":false,"template":"","format":"standard","meta":{"footnotes":""},"categories":[56],"tags":[60,61,62,30,28,29],"class_list":{"0":"post-39951","1":"post","2":"type-post","3":"status-publish","4":"format-standard","5":"has-post-thumbnail","7":"category-naeringsliv","8":"tag-business","9":"tag-economy","10":"tag-naeringsliv","11":"tag-no","12":"tag-norge","13":"tag-norway"},"share_on_mastodon":{"url":"","error":""},"_links":{"self":[{"href":"https:\/\/www.europesays.com\/no\/wp-json\/wp\/v2\/posts\/39951","targetHints":{"allow":["GET"]}}],"collection":[{"href":"https:\/\/www.europesays.com\/no\/wp-json\/wp\/v2\/posts"}],"about":[{"href":"https:\/\/www.europesays.com\/no\/wp-json\/wp\/v2\/types\/post"}],"author":[{"embeddable":true,"href":"https:\/\/www.europesays.com\/no\/wp-json\/wp\/v2\/users\/2"}],"replies":[{"embeddable":true,"href":"https:\/\/www.europesays.com\/no\/wp-json\/wp\/v2\/comments?post=39951"}],"version-history":[{"count":0,"href":"https:\/\/www.europesays.com\/no\/wp-json\/wp\/v2\/posts\/39951\/revisions"}],"wp:featuredmedia":[{"embeddable":true,"href":"https:\/\/www.europesays.com\/no\/wp-json\/wp\/v2\/media\/39952"}],"wp:attachment":[{"href":"https:\/\/www.europesays.com\/no\/wp-json\/wp\/v2\/media?parent=39951"}],"wp:term":[{"taxonomy":"category","embeddable":true,"href":"https:\/\/www.europesays.com\/no\/wp-json\/wp\/v2\/categories?post=39951"},{"taxonomy":"post_tag","embeddable":true,"href":"https:\/\/www.europesays.com\/no\/wp-json\/wp\/v2\/tags?post=39951"}],"curies":[{"name":"wp","href":"https:\/\/api.w.org\/{rel}","templated":true}]}}