{"id":40009,"date":"2025-09-19T19:58:20","date_gmt":"2025-09-19T19:58:20","guid":{"rendered":"https:\/\/www.europesays.com\/no\/40009\/"},"modified":"2025-09-19T19:58:20","modified_gmt":"2025-09-19T19:58:20","slug":"debatt-leserbrev-vi-gir-oss-ikke","status":"publish","type":"post","link":"https:\/\/www.europesays.com\/no\/40009\/","title":{"rendered":"Debatt, Leserbrev | Vi gir oss ikke"},"content":{"rendered":"\n<p>Da Vefsn Tverrpolitiske part (vtp) ble startet, var det bompengesaken som tente gnisten. Men det som virkelig har b\u00e5ret oss videre, er engasjementet for bygdene og utkanten \u2013 for menneskene som ofte blir glemt n\u00e5r beslutninger tas. Vi har f\u00e5tt h\u00f8re at vi er \u00abpartiet for utkanten\u00bb, og vet du hva? Det er vi stolte av.<\/p>\n<p>Vefsn kommune st\u00e5r i en krevende sak: ferjeleiene ved Vikdal og S\u00f8rnes st\u00e5r i fare for \u00e5 bli lagt ned. Kostnaden for \u00e5 oppgradere dem er beregnet til 79,4 millioner kroner. Hvis kommunen s\u00f8ker dispensasjon, forplikter den seg samtidig til \u00e5 gj\u00f8re disse investeringene innen tre \u00e5r. Det er et enormt ansvar og vi m\u00e5 t\u00f8rre \u00e5 sp\u00f8rre: Har vi r\u00e5d?<\/p>\n<p>Vi i vtp har en representant i kommunestyret. Det hender at vi f\u00e5r h\u00f8re at vi bare sier ja og nei, uten \u00e5 komme med l\u00f8sninger. Men det er langt fra sannheten. Vi jobber hardt for \u00e5 finne realistiske alternativer og vi har forslag.<\/p>\n<p>Vi st\u00e5r st\u00f8tt i v\u00e5rt syn: barn og eldre skal beskyttes. Derfor sier vi klart NEI til:<\/p>\n<ul>\n<li>nedleggelse av skolestua<\/li>\n<li>nedleggelse av frivillighetssentralen, BUA og frisklivssentralen<\/li>\n<li>nedleggelse av ungdomsskolen ved Granmoen skole<\/li>\n<\/ul>\n<p>Men vi vet ogs\u00e5 at vi m\u00e5 tenke nytt for \u00e5 f\u00e5 budsjettet til \u00e5 g\u00e5 opp. Her er noen av tiltakene vi mer kan gi reelle besparelser uten \u00e5 ramme de mest s\u00e5rbare:<\/p>\n<ul>\n<li>sl\u00e5 sammen funksjoner p\u00e5 tvers av sektorer, som vaktmester og innkj\u00f8psavdeling<\/li>\n<li>dele maskinpark og tjenester med nabokommuner<\/li>\n<li>g\u00e5 gjennom kommunale bygg, kan noen selges, leies ut eller samlokaliseres<\/li>\n<li>stramme inn p\u00e5 reise og representasjon. Velge rimeligere alternativer og kutte un\u00f8dvendige turer.<\/li>\n<li>forhandle bedre avtaler med leverand\u00f8rer og si opp dyre abonnementer og konsulattjenester<\/li>\n<li>satse p\u00e5 kompetanseheving blant ansatte framfor \u00e5 leie inn eksterne konsulenter<\/li>\n<li>rydde opp i administrasjonen. Fjerne dobbeltarbeid og forenkle rapportering<\/li>\n<\/ul>\n<p>Vi kommer til \u00e5 g\u00e5 grundig gjennom hele budsjettet for \u00e5 finne inntekter og omprioriteringer som kan sikre videre drift av de tilbudene vi \u00f8nsker \u00e5 bevare. Det handler ikke bare om tall \u2013 det handler om mennesker.<\/p>\n<p>Vi vet det er t\u00f8ffe tider, men vi gir oss ikke. Vtp vil fortsette \u00e5 v\u00e6re en tydelig stemme for hele Vefsn, fra sentrum til de ytterste bygdene.<\/p>\n<p>Vi lytter, vi bryr oss, og vi kjemper for det som betyr noe.<\/p>\n<p>   <img decoding=\"async\" width=\"1004\" height=\"1189\" fetchpriority=\"low\"  loading=\"lazy\"  src=\"https:\/\/www.europesays.com\/no\/wp-content\/uploads\/2025\/09\/c2016226-3520-4183-a995-d594085dd335.bin\" alt=\"\" class=\"brick-c-cFOWSL\" style=\"--brick-image-ratio: 1004 \/ 1189;\"\/><\/p>\n<p>    Kristin Kongsdal, leder i Vefsn Tverrpolitiske parti.<\/p>\n","protected":false},"excerpt":{"rendered":"Da Vefsn Tverrpolitiske part (vtp) ble startet, var det bompengesaken som tente gnisten. Men det som virkelig har&hellip;\n","protected":false},"author":2,"featured_media":40010,"comment_status":"","ping_status":"","sticky":false,"template":"","format":"standard","meta":{"footnotes":""},"categories":[10],"tags":[36,20,21,37,24,25,15,22,23,38,13,30,28,29,14,1533,16,572,41,26,27,1203],"class_list":{"0":"post-40009","1":"post","2":"type-post","3":"status-publish","4":"format-standard","5":"has-post-thumbnail","7":"category-norge","8":"tag-art","9":"tag-breaking-news","10":"tag-breakingnews","11":"tag-debatt","12":"tag-featured-news","13":"tag-featurednews","14":"tag-headlines","15":"tag-latest-news","16":"tag-latestnews","17":"tag-leserbrev","18":"tag-news","19":"tag-no","20":"tag-norge","21":"tag-norway","22":"tag-nyheter","23":"tag-opinion","24":"tag-overskrifter","25":"tag-okonomi","26":"tag-politikk","27":"tag-top-stories","28":"tag-topstories","29":"tag-vefsn"},"share_on_mastodon":{"url":"","error":""},"_links":{"self":[{"href":"https:\/\/www.europesays.com\/no\/wp-json\/wp\/v2\/posts\/40009","targetHints":{"allow":["GET"]}}],"collection":[{"href":"https:\/\/www.europesays.com\/no\/wp-json\/wp\/v2\/posts"}],"about":[{"href":"https:\/\/www.europesays.com\/no\/wp-json\/wp\/v2\/types\/post"}],"author":[{"embeddable":true,"href":"https:\/\/www.europesays.com\/no\/wp-json\/wp\/v2\/users\/2"}],"replies":[{"embeddable":true,"href":"https:\/\/www.europesays.com\/no\/wp-json\/wp\/v2\/comments?post=40009"}],"version-history":[{"count":0,"href":"https:\/\/www.europesays.com\/no\/wp-json\/wp\/v2\/posts\/40009\/revisions"}],"wp:featuredmedia":[{"embeddable":true,"href":"https:\/\/www.europesays.com\/no\/wp-json\/wp\/v2\/media\/40010"}],"wp:attachment":[{"href":"https:\/\/www.europesays.com\/no\/wp-json\/wp\/v2\/media?parent=40009"}],"wp:term":[{"taxonomy":"category","embeddable":true,"href":"https:\/\/www.europesays.com\/no\/wp-json\/wp\/v2\/categories?post=40009"},{"taxonomy":"post_tag","embeddable":true,"href":"https:\/\/www.europesays.com\/no\/wp-json\/wp\/v2\/tags?post=40009"}],"curies":[{"name":"wp","href":"https:\/\/api.w.org\/{rel}","templated":true}]}}