{"id":40013,"date":"2025-09-19T20:01:09","date_gmt":"2025-09-19T20:01:09","guid":{"rendered":"https:\/\/www.europesays.com\/no\/40013\/"},"modified":"2025-09-19T20:01:09","modified_gmt":"2025-09-19T20:01:09","slug":"nyheter-kultur-skulle-spilt-i-maihaugsalen-men-er-blitt-syk-og-ma-sta-over","status":"publish","type":"post","link":"https:\/\/www.europesays.com\/no\/40013\/","title":{"rendered":"Nyheter, Kultur | Skulle spilt i Maihaugsalen \u2013 men er blitt syk og m\u00e5 st\u00e5 over"},"content":{"rendered":"\n<p>Publikum som har gledet seg til konsert med Lissie og \u00d8ystein Greni i Maihaugsalen l\u00f8rdag 20. september, m\u00e5 ta til takke med halvparten av stjernekonstellasjonen. \u00d8ystein Greni er blitt syk og har f\u00e5tt beskjed av lege om \u00e5 ta en pause.<\/p>\n<p>\u2013 Jeg har gledet meg lenge til \u00e5 legge ut p\u00e5 turn\u00e9 med Lissie og v\u00e5re fantastiske musikere. Dessverre spiller ikke alltid livet p\u00e5 lag, sier Greni i en hilsen til publikum.<\/p>\n<p>Han forteller at han har fors\u00f8kt \u00e5 gjennomf\u00f8re konsertene i Sandnes og Bergen til tross for feber og d\u00e5rlig form, men at det n\u00e5 er n\u00f8dvendig \u00e5 ta en pause for \u00e5 komme seg.<\/p>\n<p>\u2013 I samr\u00e5d med legen har jeg derfor kommet til at jeg m\u00e5 st\u00e5 over konsertene i Hamar og Lillehammer. Jeg h\u00e5per \u00e5 komme sterkere tilbake neste uke.<\/p>\n<p>Etter mange \u00e5rs vennskap og flere sporadiske samarbeid lager amerikanske Lissie og Bigbangs \u00d8ystein Greni en rekke konserter sammen, under navnet Alvarado Moon denne h\u00f8sten. N\u00e5 m\u00e5 alts\u00e5 den norske delen av duoen kaste inn h\u00e5ndkle.<\/p>\n<p>Konserten i Maihaugsalen blir likevel gjennomf\u00f8rt, med Lissie og bandet p\u00e5 scenen. Arrang\u00f8rene lover at konserten blir s\u00e5 lik den opprinnelige planen som mulig, selv uten Greni.<\/p>\n<p>\u2013 Lissie er i toppform, forsikrer Greni, og legger til at han vet det uansett blir en kjempebra konsert.<\/p>\n<p>   <img decoding=\"async\" width=\"1200\" height=\"960\" fetchpriority=\"low\"  loading=\"lazy\"  src=\"https:\/\/www.europesays.com\/no\/wp-content\/uploads\/2025\/09\/4a501009-37af-4477-96f2-e293b3d87b14.jfif\" alt=\"\" class=\"brick-c-cFOWSL\" style=\"--brick-image-ratio: 1200 \/ 960;\"\/><\/p>\n<p>    Artisten Lissie er kanskje best kjent for hiten When `Im alone. N\u00e5 m\u00e5 hun spille alene i Maihaugsalen, etter at \u00d8ystein Greni meldte forfall.<br \/>\n    Foto: Helge Brekke\n  <\/p>\n<p>Arrang\u00f8ren opplyser om at publikum som velger \u00e5 ikke m\u00f8te opp grunnet endringen, kan f\u00e5 billetten refundert ved \u00e5 sende e-post til arrang\u00f8ren. Informasjon om dette er sendt ut via SMS og e-post til alle billettkj\u00f8pere. Samtidig \u00f8nsker de \u00d8ystein Greni god bedring og h\u00e5per \u00e5 se ham tilbake p\u00e5 scenen i Lillehammer snart.<\/p>\n","protected":false},"excerpt":{"rendered":"Publikum som har gledet seg til konsert med Lissie og \u00d8ystein Greni i Maihaugsalen l\u00f8rdag 20. september, m\u00e5&hellip;\n","protected":false},"author":2,"featured_media":40014,"comment_status":"","ping_status":"","sticky":false,"template":"","format":"standard","meta":{"footnotes":""},"categories":[58],"tags":[36,71,410,6332,30,28,29,14,1510,72],"class_list":{"0":"post-40013","1":"post","2":"type-post","3":"status-publish","4":"format-standard","5":"has-post-thumbnail","7":"category-underholdning","8":"tag-art","9":"tag-entertainment","10":"tag-kultur","11":"tag-maihaugsalen","12":"tag-no","13":"tag-norge","14":"tag-norway","15":"tag-nyheter","16":"tag-story","17":"tag-underholdning"},"share_on_mastodon":{"url":"","error":""},"_links":{"self":[{"href":"https:\/\/www.europesays.com\/no\/wp-json\/wp\/v2\/posts\/40013","targetHints":{"allow":["GET"]}}],"collection":[{"href":"https:\/\/www.europesays.com\/no\/wp-json\/wp\/v2\/posts"}],"about":[{"href":"https:\/\/www.europesays.com\/no\/wp-json\/wp\/v2\/types\/post"}],"author":[{"embeddable":true,"href":"https:\/\/www.europesays.com\/no\/wp-json\/wp\/v2\/users\/2"}],"replies":[{"embeddable":true,"href":"https:\/\/www.europesays.com\/no\/wp-json\/wp\/v2\/comments?post=40013"}],"version-history":[{"count":0,"href":"https:\/\/www.europesays.com\/no\/wp-json\/wp\/v2\/posts\/40013\/revisions"}],"wp:featuredmedia":[{"embeddable":true,"href":"https:\/\/www.europesays.com\/no\/wp-json\/wp\/v2\/media\/40014"}],"wp:attachment":[{"href":"https:\/\/www.europesays.com\/no\/wp-json\/wp\/v2\/media?parent=40013"}],"wp:term":[{"taxonomy":"category","embeddable":true,"href":"https:\/\/www.europesays.com\/no\/wp-json\/wp\/v2\/categories?post=40013"},{"taxonomy":"post_tag","embeddable":true,"href":"https:\/\/www.europesays.com\/no\/wp-json\/wp\/v2\/tags?post=40013"}],"curies":[{"name":"wp","href":"https:\/\/api.w.org\/{rel}","templated":true}]}}