{"id":40021,"date":"2025-09-19T20:07:12","date_gmt":"2025-09-19T20:07:12","guid":{"rendered":"https:\/\/www.europesays.com\/no\/40021\/"},"modified":"2025-09-19T20:07:12","modified_gmt":"2025-09-19T20:07:12","slug":"forloveden-aksel-lund-svindal-hyller-innsatsen","status":"publish","type":"post","link":"https:\/\/www.europesays.com\/no\/40021\/","title":{"rendered":"Forloveden Aksel Lund Svindal hyller innsatsen"},"content":{"rendered":"<p class=\"kicker \" style=\"\">Aksel Lund Svindal og Amalie Iuel:<\/p>\n<p>  Det ble ikke finaleplass p\u00e5 den vakre hekkel\u00f8peren, men forloveden mener likevel det er det \u00abbeste hun har gjort\u00bb.<\/p>\n<p>\n    STOLT: Aksel Lund Svindal er stolt over sin kommende kone, og lover \u00e5 varte opp med kake n\u00e5r hun kommer hjem fra Tokyo. Foto: @amalieiuel \/ Instagram\n  <\/p>\n<p>De norske friidrettsut\u00f8verne er godt i gang i VM i Tokyo, og flere har allerede gjennomf\u00f8rt kvalifiseringen i sine \u00f8velser, og noen er allerede ferdig med finalene sine. Blant andre r\u00f8k Narve Gilje Nord\u00e5s (26) ut av VM i 5000 meter l\u00f8ping, mens Jakob Asserson Ingebrigtsen (25) kom videre p\u00e5 hengende h\u00e5ret.<\/p>\n<p>    <a itemprop=\"url\" href=\"https:\/\/www.seher.no\/kjendis\/ma-reise-fra-familien\/83454915\" rel=\"nofollow noopener\" target=\"_blank\"><\/p>\n<p>      <img loading=\"lazy\" decoding=\"async\" src=\"https:\/\/www.europesays.com\/no\/wp-content\/uploads\/2025\/09\/83455438.webp\" width=\"147\" height=\"98\" title=\"M\u00e5 reise fra familien\" alt=\"\" class=\"lazyload\" style=\"--aspect-ratio-image: 1.50; \"\/><\/p>\n<p>        M\u00e5 reise fra familien<\/p>\n<p>    <\/a><\/p>\n<p>Karsten Warholm (29) kom seg enkelt gjennom kvalifiseringen, men l\u00f8p fredag inn til en femteplass i 400 meter hekk. Et annet norsk talent som har pr\u00f8vd seg p\u00e5 friidrettsbanen i Tokyo er Amalie Iuel (31).<\/p>\n<p>          <img loading=\"lazy\" decoding=\"async\" src=\"https:\/\/www.europesays.com\/no\/wp-content\/uploads\/2025\/09\/83618347.webp\" width=\"686\" height=\"460\" title=\"SKUFFET: Amalie Iuel l\u00f8p sitt beste l\u00f8p noensinne, men var likevel skuffet over \u00e5 ikke komme til finalen. Foto: Heiko Junge \/ NTB\" alt=\"\" class=\"\" style=\"--aspect-ratio-image: 1.49; \"\/><\/p>\n<p>\n          SKUFFET: Amalie Iuel l\u00f8p sitt beste l\u00f8p noensinne, men var likevel skuffet over \u00e5 ikke komme til finalen. Foto: Heiko Junge \/ NTB\n      <\/p>\n<p>Den spreke brunetten hadde et formidabelt l\u00f8p i sitt heat i 400 meter hekk, og det ble sagt p\u00e5 forh\u00e5nd at hun havnet i et godt heat.<\/p>\n<p>&#8211; Tidenes mulighet til \u00e5 ta seg direkte til finale, sa <a href=\"https:\/\/www.nrk.no\/friidrettsvm\/vm-i-friidrett-i-tokyo-2025_-vm-finalen-glapp-for-iuel-etter-personlig-rekord-1.17574387\" rel=\"nofollow noopener\" target=\"_blank\">NRKs<\/a> ekspertkommentator Vebj\u00f8rn Rodal f\u00f8r hennes semifinale.<\/p>\n<p>&#8211; Litt \u00abbitter sweet\u00bb\t<\/p>\n<p>Til tross for et eventyrlig l\u00f8p som satte ny personlig rekord for Amalie, s\u00e5 holdt det alts\u00e5 ikke til finaleplass. Hun var tredje kvinne over m\u00e5lstreken, men tiden var ikke god nok til \u00e5 kvalifisere. Til tross for at det er hennes beste l\u00f8p noensinne, var det vanskelig \u00e5 feire etter at nederlaget var et faktum. Finaleplassen var tross alt det hun siktet seg inn mot.<\/p>\n<p>        F\u00d8RSTE GANG: Aksel Lund Svindal deler p\u00e5 Instagram hvordan det gikk f\u00f8rste gangen s\u00f8nnen Storm (1,5) skulle st\u00e5 p\u00e5 ski. Video: Instagram \/ @asvindal \/\/ Reporter: H\u00e5vard Bj\u00f8rnerem<\/p>\n<p>&#8211; Det ble pers, og jeg er for s\u00e5 vidt glad for det. Men n\u00e5r man er s\u00e5 n\u00e6r en finale, s\u00e5 er det litt bitter sweet, men det var veldig, veldig g\u00f8y, sa hun til statskanalen etter l\u00f8pet, og la til:<\/p>\n<p>&#8211; Jeg f\u00f8ler at jeg m\u00e5 v\u00e6re forn\u00f8yd n\u00e5r jeg perser. Jeg har aldri l\u00f8pt s\u00e5 fort f\u00f8r, men konkurransemennesket i meg klarer ikke \u00e5 juble helt for fullt med tanke p\u00e5 at det er s\u00e5 n\u00e6r en finale. Det har jeg ikke v\u00e6rt f\u00f8r.<\/p>\n<p>          <img loading=\"lazy\" decoding=\"async\" src=\"https:\/\/www.europesays.com\/no\/wp-content\/uploads\/2025\/09\/83618349.webp\" width=\"686\" height=\"995\" title=\"ST\u00d8TTER HVERANDRE: Aksel Lund Svindal og Amalie Iuel lever begge hektiske liv, men er viktige st\u00f8ttespillere for hverandre. Foto: Andreas Fadum \/ Se og H\u00f8r\" alt=\"\" class=\"\" style=\"--aspect-ratio-image: 0.69; \"\/><\/p>\n<p>\n          ST\u00d8TTER HVERANDRE: Aksel Lund Svindal og Amalie Iuel lever begge hektiske liv, men er viktige st\u00f8ttespillere for hverandre. Foto: Andreas Fadum \/ Se og H\u00f8r\n      <\/p>\n<p>Det har v\u00e6rt en spesiell oppladning til VM i \u00e5r &#8211; i august kom det nemlig <a href=\"https:\/\/www.seher.no\/kjendis\/ma-bevise-at-hun-er-kvinne\/83410199\" rel=\"nofollow noopener\" target=\"_blank\">en noe uvanlig melding <\/a>fra Det internasjonale friidrettsforbundet (WA) om nye regler som gjorde seg gjeldende fra 1. september.<\/p>\n<p>M\u00e5tte bevise at hun var kvinne\t<\/p>\n<p>Alle ut\u00f8vere som konkurrerer i kvinneklassen under VM i Tokyo m\u00e5tte testes for om de har SRY-genet &#8211; if\u00f8lge <a href=\"https:\/\/snl.no\/SRY-genet\" rel=\"nofollow noopener\" target=\"_blank\">Store norske leksikon<\/a> er det en gen som s\u00f8rger for utviklingen av testikler. Testen omtales som en kj\u00f8nnstest, om skal bevise hvorvidt en ut\u00f8ver er kvinne.<\/p>\n<p>    <a itemprop=\"url\" href=\"https:\/\/www.seher.no\/kjendis\/ma-bevise-at-hun-er-kvinne\/83410199\" rel=\"nofollow noopener\" target=\"_blank\"><\/p>\n<p>      <img loading=\"lazy\" decoding=\"async\" src=\"https:\/\/www.europesays.com\/no\/wp-content\/uploads\/2025\/09\/83410251.webp\" width=\"147\" height=\"98\" title=\"M\u00e5 bevise at hun er kvinne\" alt=\"\" class=\"lazyload\" style=\"--aspect-ratio-image: 1.50; \"\/><\/p>\n<p>        M\u00e5 bevise at hun er kvinne<\/p>\n<p>    <\/a><\/p>\n<p>Amalie var blant dem som m\u00e5tte ta testen, til tross for at hun b\u00e5de har v\u00e6rt gravid og har f\u00f8dt et barn.<\/p>\n<p>&#8211; Det er jo litt rart \u00e5 m\u00e5tte gj\u00f8re, men det er vel for \u00e5 s\u00f8rge for at man stiller i riktig klasse, sa Iuel til <a href=\"https:\/\/www.nrk.no\/sport\/kjonnstesting-i-friidrett_-amalie-iuel-har-fodd-barn-_-blir-tvinga-til-a-bevise-at-ho-er-kvinne-1.17511437\" rel=\"nofollow noopener\" target=\"_blank\">NRK<\/a> den gangen.<\/p>\n<p>          <img loading=\"lazy\" decoding=\"async\" src=\"https:\/\/www.europesays.com\/no\/wp-content\/uploads\/2025\/09\/83618352.webp\" width=\"686\" height=\"858\" title=\"FAMILIEN: Aksel Lund Svindal og Amalie Iuel med s\u00f8nnen Storm p\u00e5 17. mai. Foto: Instagram @amalieiuel\/@asvindal\" alt=\"\" class=\"\" style=\"--aspect-ratio-image: 0.80; \"\/><\/p>\n<p>\n          FAMILIEN: Aksel Lund Svindal og Amalie Iuel med s\u00f8nnen Storm p\u00e5 17. mai. Foto: Instagram @amalieiuel\/@asvindal\n      <\/p>\n<p>N\u00e5r man f\u00f8rst har tatt testen \u00e9n gang, gjelder resultatet ut karrieren.<\/p>\n<p>Amalies forlovede Aksel Lund Svindal (42) var ikke til stede i Tokyo, men m\u00e5tte n\u00f8ye seg med \u00e5 heie p\u00e5 sin kj\u00e6re fra sofaen. Han er nemlig i Spania i disse dager, og gj\u00f8r opptak til den kommende sesongen av \u00abMesternes mester\u00bb.<\/p>\n<p>&#8211; Hun er helt r\u00e5\t<\/p>\n<p>Se og H\u00f8r er ogs\u00e5 til stede her, og tar en kjapp prat med Aksel om nettopp kj\u00f8nnstesting. P\u00e5 sp\u00f8rsm\u00e5l om hva han tenker om at Amalie, som har f\u00f8dt et barn, m\u00e5tte gjennomf\u00f8re testen, sier han;<\/p>\n<p>        Onsdag kveld var kronprinsparet og prins Sverre Magnus med idrettslaget Vivil p\u00e5 alpintrening, som tilbyr tilrettelagt alpintrening for utviklingshemmede ut\u00f8vere. Reporter: Hedda Hunn. <\/p>\n<p>&#8211; Jeg tenker at hvis man innf\u00f8rer en regel s\u00e5 er det mye bedre \u00e5 si at alle skal gj\u00f8re det, enn \u00e5 begynne \u00e5 gj\u00f8re unntak for a, b, c og d. Hvis det er noe friidrettsforbundet tenker de m\u00e5 innf\u00f8re fordi de ser at det er et problem, s\u00e5 er det bedre \u00e5 si at alle m\u00e5 gj\u00f8re det en gang, og s\u00e5 ferdig med det &#8211; isteden for \u00e5 lage masse unntak fra regelen.<\/p>\n<p>          <img loading=\"lazy\" decoding=\"async\" src=\"https:\/\/www.europesays.com\/no\/wp-content\/uploads\/2025\/09\/83618200.webp\" width=\"686\" height=\"632\" title=\"P\u00c5 INNSPILLING: Aksel Lund Svindal er travelt opptatt med innspillingen av \u00abMesternes mester\u00bb i Spania. Foto: Stig H. Justad \/ Se og H\u00f8r\" alt=\"\" class=\"\" style=\"--aspect-ratio-image: 1.09; \"\/><\/p>\n<p>\n          P\u00c5 INNSPILLING: Aksel Lund Svindal er travelt opptatt med innspillingen av \u00abMesternes mester\u00bb i Spania. Foto: Stig H. Justad \/ Se og H\u00f8r\n      <\/p>\n<p>Han erkjenner at han ikke har satt seg noe s\u00e6rlig inn i dette, men er klar p\u00e5 at han mener det er lurest \u00e5 sette en strek, fremfor \u00e5 ha mange unntak.<\/p>\n<p>&#8211; Da blir det s\u00e5 mange spekulasjoner.<\/p>\n<p class=\"italic m-italic\" data-lab-italic=\"italic\">&#8211; Hva synes du om hennes innsats?<\/p>\n<p>    <a itemprop=\"url\" href=\"https:\/\/www.seher.no\/kjendis\/drommer-om-a-utvide-familien\/83380511\" rel=\"nofollow noopener\" target=\"_blank\"><\/p>\n<p>      <img loading=\"lazy\" decoding=\"async\" src=\"https:\/\/www.europesays.com\/no\/wp-content\/uploads\/2025\/09\/83380667.webp\" width=\"147\" height=\"98\" title=\"Dr\u00f8mmer om \u00e5 utvide familien\" alt=\"\" class=\"lazyload\" style=\"--aspect-ratio-image: 1.50; \"\/><\/p>\n<p>        Dr\u00f8mmer om \u00e5 utvide familien<\/p>\n<p>    <\/a><\/p>\n<p>&#8211; Innsatsen, alts\u00e5; hun er helt r\u00e5. Hun har perset, kom til semifinale og var ikke s\u00e5 langt unna finale i tillegg. Det er det beste hun har gjort noen gang! skryter Amalies kommende ektemann &#8211; og lover \u00e5 varte opp med kake og kaffe n\u00e5r de endelig m\u00f8tes hjemme.<\/p>\n","protected":false},"excerpt":{"rendered":"Aksel Lund Svindal og Amalie Iuel: Det ble ikke finaleplass p\u00e5 den vakre hekkel\u00f8peren, men forloveden mener likevel&hellip;\n","protected":false},"author":2,"featured_media":40022,"comment_status":"","ping_status":"","sticky":false,"template":"","format":"standard","meta":{"footnotes":""},"categories":[59],"tags":[248,1669,4104,479,6338,30,28,29,83,82],"class_list":{"0":"post-40021","1":"post","2":"type-post","3":"status-publish","4":"format-standard","5":"has-post-thumbnail","7":"category-sport","8":"tag-aksel-lund-svindal","9":"tag-amalie-iuel","10":"tag-eksklusivt","11":"tag-kjendis","12":"tag-kjonnstesting","13":"tag-no","14":"tag-norge","15":"tag-norway","16":"tag-sport","17":"tag-sports"},"share_on_mastodon":{"url":"","error":""},"_links":{"self":[{"href":"https:\/\/www.europesays.com\/no\/wp-json\/wp\/v2\/posts\/40021","targetHints":{"allow":["GET"]}}],"collection":[{"href":"https:\/\/www.europesays.com\/no\/wp-json\/wp\/v2\/posts"}],"about":[{"href":"https:\/\/www.europesays.com\/no\/wp-json\/wp\/v2\/types\/post"}],"author":[{"embeddable":true,"href":"https:\/\/www.europesays.com\/no\/wp-json\/wp\/v2\/users\/2"}],"replies":[{"embeddable":true,"href":"https:\/\/www.europesays.com\/no\/wp-json\/wp\/v2\/comments?post=40021"}],"version-history":[{"count":0,"href":"https:\/\/www.europesays.com\/no\/wp-json\/wp\/v2\/posts\/40021\/revisions"}],"wp:featuredmedia":[{"embeddable":true,"href":"https:\/\/www.europesays.com\/no\/wp-json\/wp\/v2\/media\/40022"}],"wp:attachment":[{"href":"https:\/\/www.europesays.com\/no\/wp-json\/wp\/v2\/media?parent=40021"}],"wp:term":[{"taxonomy":"category","embeddable":true,"href":"https:\/\/www.europesays.com\/no\/wp-json\/wp\/v2\/categories?post=40021"},{"taxonomy":"post_tag","embeddable":true,"href":"https:\/\/www.europesays.com\/no\/wp-json\/wp\/v2\/tags?post=40021"}],"curies":[{"name":"wp","href":"https:\/\/api.w.org\/{rel}","templated":true}]}}