{"id":40041,"date":"2025-09-19T20:24:07","date_gmt":"2025-09-19T20:24:07","guid":{"rendered":"https:\/\/www.europesays.com\/no\/40041\/"},"modified":"2025-09-19T20:24:07","modified_gmt":"2025-09-19T20:24:07","slug":"rentekutt-jonas-gahr-store-jonas-gahr-store-jubler-for-rentekuttet-derfor-er-det-darlig-nytt-for-din-okonomi","status":"publish","type":"post","link":"https:\/\/www.europesays.com\/no\/40041\/","title":{"rendered":"Rentekutt, Jonas Gahr St\u00f8re | Jonas Gahr St\u00f8re jubler for rentekuttet: Derfor er det d\u00e5rlig nytt for din \u00f8konomi"},"content":{"rendered":"\n<p>P\u00e5 rentem\u00f8tet torsdag 18. september satte Norges Bank ned renten. Den s\u00e5kalte styringsrenten ble noe overraskende satt ned fra 4,25 til fire prosent.<\/p>\n<p>For folk med l\u00e5n er dette en gledelig nyhet.<\/p>\n<p><b>Les ogs\u00e5 Gunnar Stavrum: <a href=\"https:\/\/www.nettavisen.no\/okonomi\/rentekuttet-betyr-mer-enn-et-godt-lonnsoppgjor\/s\/5-95-2625667\" rel=\"Follow nofollow noopener\" target=\"_blank\">Et lite glass vann i en t\u00f8rst \u00f8rken<\/a><\/b><\/p>\n<p>St\u00f8re l\u00f8per til mikrofonen<\/p>\n<p>En som trolig gledet seg var statsminister Jonas Gahr St\u00f8re. Han var neppe vanskelig \u00e5 f\u00e5 i tale for NRK da rentenedsettelsen ble kjent.<\/p>\n<p>\u2013 Det betyr mye for alle med l\u00e5n. B\u00e5de i fjor og i \u00e5r stiger l\u00f8nningene betydelig mer enn prisene. Sammen med lavere rente betyr det at folk f\u00e5r bedre r\u00e5d, <a href=\"https:\/\/www.nrk.no\/nyheter\/store-om-rentekutt_-_-gledelig-og-viktig-1.17575811\" rel=\"Follow nofollow noopener\" target=\"_blank\">sa St\u00f8re til NRK<\/a>.<\/p>\n<p>St\u00f8re har i flere \u00e5r lovet b\u00e5de lavere rente og bedre r\u00e5d for folk. \u00abTrygg styring\u00bb og \u00abbedre r\u00e5d\u00bb utgjorde <a href=\"https:\/\/www.arbeiderpartiet.no\/aktuelt\/urolige-tider-krever-trygg-styring\/\" rel=\"Follow nofollow noopener\" target=\"_blank\">hovedbudskapet i Arbeiderpartiets valgkamp<\/a>.<\/p>\n<p><b>Men det er ikke alle som opplever at de har f\u00e5tt bedre r\u00e5d under St\u00f8res styre. <\/b><\/p>\n<p>Prisene p\u00e5 mat stiger fortsatt mye, og renten er fortsatt h\u00f8y. I juli steg matprisene <a href=\"https:\/\/e24.no\/norsk-oekonomi\/i\/LMKWyJ\/matprisene-steg-med-59-prosent-i-juli-uvanlig-hoey-vekst\" rel=\"Follow nofollow noopener\" target=\"_blank\">med hele 5,9 prosent<\/a>.<\/p>\n<p>            Kjell-Magne Rystad<\/p>\n<p>Sivil\u00f8konom med lang erfaring fra finansbransjen og investeringsvirksomhet. Skriver gjerne om offentlig pengebruk, politikk og hvordan makten ter seg.<\/p>\n<p>  Ikke s\u00e5 bra nyhet likevel<\/p>\n<p>Det statsministeren pr\u00f8ver \u00e5 fremstille som en gladnyhet fra Norges Bank, er i virkeligheten <a href=\"https:\/\/www.nettavisen.no\/okonomi\/darlig-nytt-for-boligeiere-utsetter-kutt-og-forventer-hoyere-rente-pa-sikt\/s\/5-95-2625433\" rel=\"Follow nofollow noopener\" target=\"_blank\">ingen god nyhet<\/a>. Samtidig som Norges Bank kuttet renten n\u00e5, ble fremtidige kutt skj\u00f8vet ut i det bl\u00e5.<\/p>\n<p><b>\u00c5rsaken er at prisveksten holder seg h\u00f8yere enn ventet. <\/b><\/p>\n<p>Dette er noe statsministeren kanskje ikke fikk med seg, og \u00f8nsket heller neppe \u00e5 snakke om. Norges Bank skriver:<\/p>\n<p>\u00abVi ser ikke for oss en stor nedgang i renten fremover. Prognosen vi legger fram i dag, er forenlig med ett rentekutt i \u00e5ret de neste tre \u00e5rene.\u00bb<\/p>\n<p><b>Blir det slik, vil styringsrenten til Norges Bank fortsatt v\u00e6re 3,25 prosent om tre \u00e5r. <\/b><\/p>\n<p>Det tilsier en boligl\u00e5nsrente p\u00e5 rundt 4,5 prosent.Her er det alts\u00e5 ingen utsikter til noen snarlig rentefest for norske boligeiere.<\/p>\n<p><b>Les ogs\u00e5: <a href=\"https:\/\/www.nettavisen.no\/okonomi\/dansk-avis-fylte-handlekurven-i-ti-forskjellige-land-den-norske-var-slett-ikke-den-dyreste\/s\/5-95-2625457\" rel=\"Follow nofollow noopener\" target=\"_blank\">Samme handlekurv i ti land: Her var det dyrest<\/a><\/b><\/p>\n<p>Langt h\u00f8yere enn hos v\u00e5re naboer<\/p>\n<p>Med dette forblir renten i Norge betydelig h\u00f8yere enn i alle europeiske land vi liker \u00e5 sammenligne oss med.<\/p>\n<p>Renten i Euro, satt av den europeiske sentralbanken ECB, <a href=\"https:\/\/www.ecb.europa.eu\/home\/html\/index.en.html\" rel=\"Follow nofollow noopener\" target=\"_blank\">er til sammenligning 2,15 prosent<\/a>. I v\u00e5re naboland <a href=\"https:\/\/www.riksbank.se\/sv\/statistik\/rantor-och-valutakurser\/styrranta-in--och-utlaningsranta\/\" rel=\"Follow nofollow noopener\" target=\"_blank\">Sverige<\/a> og <a href=\"https:\/\/www.nationalbanken.dk\/en\/what-we-do\/stable-prices-monetary-policy-and-the-danish-economy\/official-interest-rates\" rel=\"Follow nofollow noopener\" target=\"_blank\">Danmark<\/a> er sentralbankrentene henholdsvis 2,0 og 1,60 prosent.<\/p>\n<p>Norske l\u00e5nekunder er alts\u00e5 langt d\u00e5rligere stilt enn det folk med l\u00e5n i Sverige og Danmark er. Og i mesteparten av Europa ellers ogs\u00e5.<\/p>\n<p><b>Les ogs\u00e5: <a href=\"https:\/\/www.nettavisen.no\/okonomi\/boligarving-olav-h-selvaag-gir-bort-2-3-milliarder-kroner\/s\/5-95-2624899\" rel=\"Follow nofollow noopener\" target=\"_blank\">Boligarving gir bort 2,3 milliarder kroner<\/a><\/b><\/p>\n<p>Det handler om politikk<\/p>\n<p>Et interessant sp\u00f8rsm\u00e5l er hvorfor det er slik at rentene i Norge m\u00e5 holdes s\u00e5 h\u00f8ye, og mye h\u00f8yere enn i landene rundt oss.<\/p>\n<p>Favorittforklaringen til regjeringen er at det g\u00e5r s\u00e5 godt med norsk \u00f8konomi. Det er \u00abtrygg styring\u00bb og god sysselsettingsvekst. Arbeidsledigheten er lav.<\/p>\n<p><b>Det siste er i og for seg riktig, men trengs \u00e5 sies litt mer om. <\/b><\/p>\n<p>\u2013 Vi skal ha et ansvarlig \u00f8konomisk opplegg som gj\u00f8r at prisveksten kan fortsette ned, slik at renten kan g\u00e5 videre ned, <a href=\"https:\/\/www.vg.no\/nyheter\/i\/W0wzpd\/jonas-gahr-stoere-dette-er-planen-for-norge\" rel=\"Follow nofollow noopener\" target=\"_blank\">uttalte St\u00f8re nylig p\u00e5 landsstyrem\u00f8tet<\/a>. \u00abTrygg styring\u00bb er ogs\u00e5 ensbetydende med at offentlig sektor og offentlige utgifter i Norge <a href=\"https:\/\/www.aftenposten.no\/norge\/politikk\/i\/wg1W05\/nesten-30-prosent-jobber-i-offentlig-sektor-hva-faar-vi-igjen-for-det\" rel=\"Follow nofollow noopener\" target=\"_blank\">fortsetter \u00e5 vokse langt raskere enn resten av \u00f8konomien<\/a>.<\/p>\n<p>Dette vises ogs\u00e5 i <a href=\"https:\/\/www.ssb.no\/arbeid-og-lonn\/sysselsetting\/statistikk\/sysselsetting-registerbasert\/artikler\/sysselsettingsveksten-flatet-ut-i-2024\" rel=\"Follow nofollow noopener\" target=\"_blank\">sysselsettingsstatistikken fra SSB<\/a> (Statistisk sentralbyr\u00e5), der det n\u00e5 f\u00f8rst og fremst offentlig sektor som st\u00e5r for jobbveksten.<\/p>\n<p><b>Dette inneb\u00e6rer ogs\u00e5 at stadig mer m\u00e5 finansieres over skatteseddelen, noe som igjen vil skape problemer for privat n\u00e6ringsliv og dermed skattegrunnlaget. <\/b><\/p>\n<p>Og kostnadene stiger.<\/p>\n<p>Dette presset p\u00e5 n\u00e6ringslivet gj\u00f8r det mindre interessant \u00e5 investere i Norge. Kronekursen presses nedover, mens prisene presses oppover.<\/p>\n<p><b>For \u00e5 pr\u00f8ve \u00e5 holde dette i sjakk har Norges Bank lite annet \u00e5 gj\u00f8re enn \u00e5 holde rentene vesentlig h\u00f8yere enn i nabolandene. <\/b><\/p>\n<p>Akkurat dette ble enda klarere etter rentem\u00f8tet torsdag.<\/p>\n<p>St\u00f8re lurer folket<\/p>\n<p>Bak det h\u00f8ye norske renteniv\u00e5et ligger en kostnadsdrivende politikk, der det er lite fokus p\u00e5 \u00e5 begrense sl\u00f8sing.<\/p>\n<p>Alle problemer s\u00f8kes l\u00f8st med \u00e5 bevilge mer penger uten s\u00e6rlig krav til hvordan pengene brukes. D\u00e5rlige resultater bortforklares og det tas lite politisk ansvar. Det er i bunn og grunn dette St\u00f8re og regjeringen kaller \u00abtrygg styring\u00bb.<\/p>\n<p><b>I virkeligheten er det \u00e5 lure folket.<\/b><\/p>\n","protected":false},"excerpt":{"rendered":"P\u00e5 rentem\u00f8tet torsdag 18. september satte Norges Bank ned renten. Den s\u00e5kalte styringsrenten ble noe overraskende satt ned&hellip;\n","protected":false},"author":2,"featured_media":40042,"comment_status":"","ping_status":"","sticky":false,"template":"","format":"standard","meta":{"footnotes":""},"categories":[56],"tags":[60,61,62,30,28,29],"class_list":{"0":"post-40041","1":"post","2":"type-post","3":"status-publish","4":"format-standard","5":"has-post-thumbnail","7":"category-naeringsliv","8":"tag-business","9":"tag-economy","10":"tag-naeringsliv","11":"tag-no","12":"tag-norge","13":"tag-norway"},"share_on_mastodon":{"url":"","error":""},"_links":{"self":[{"href":"https:\/\/www.europesays.com\/no\/wp-json\/wp\/v2\/posts\/40041","targetHints":{"allow":["GET"]}}],"collection":[{"href":"https:\/\/www.europesays.com\/no\/wp-json\/wp\/v2\/posts"}],"about":[{"href":"https:\/\/www.europesays.com\/no\/wp-json\/wp\/v2\/types\/post"}],"author":[{"embeddable":true,"href":"https:\/\/www.europesays.com\/no\/wp-json\/wp\/v2\/users\/2"}],"replies":[{"embeddable":true,"href":"https:\/\/www.europesays.com\/no\/wp-json\/wp\/v2\/comments?post=40041"}],"version-history":[{"count":0,"href":"https:\/\/www.europesays.com\/no\/wp-json\/wp\/v2\/posts\/40041\/revisions"}],"wp:featuredmedia":[{"embeddable":true,"href":"https:\/\/www.europesays.com\/no\/wp-json\/wp\/v2\/media\/40042"}],"wp:attachment":[{"href":"https:\/\/www.europesays.com\/no\/wp-json\/wp\/v2\/media?parent=40041"}],"wp:term":[{"taxonomy":"category","embeddable":true,"href":"https:\/\/www.europesays.com\/no\/wp-json\/wp\/v2\/categories?post=40041"},{"taxonomy":"post_tag","embeddable":true,"href":"https:\/\/www.europesays.com\/no\/wp-json\/wp\/v2\/tags?post=40041"}],"curies":[{"name":"wp","href":"https:\/\/api.w.org\/{rel}","templated":true}]}}