{"id":40051,"date":"2025-09-19T20:39:06","date_gmt":"2025-09-19T20:39:06","guid":{"rendered":"https:\/\/www.europesays.com\/no\/40051\/"},"modified":"2025-09-19T20:39:06","modified_gmt":"2025-09-19T20:39:06","slug":"dnb-carnegies-anbefaling-pa-novo-nordisk-og-elkem","status":"publish","type":"post","link":"https:\/\/www.europesays.com\/no\/40051\/","title":{"rendered":"DNB Carnegies anbefaling p\u00e5 Novo Nordisk og Elkem"},"content":{"rendered":"<p>Hvis vi inkluderer stoppordren \u00d8rsted fikk p\u00e5 vindkraftprosjektet i USA i slutten av august samt etterf\u00f8lgende nyhetsstr\u00f8m fra selskapet i den forbindelse har vi s\u00e5 langt, med fortsatt en dr\u00f8y uke igjen av kvartalet, observert ni tilfeller hvor selskapene de siste ukene har f\u00f8lt behov for \u00e5 sende ut oppdateringer i forkant av Q3-rapporteringen. DNB Carnegie har analysedekning p\u00e5 seks av de aksjene hvor dette har skjedd og vi kan konstatere at i fire av tilfellene har kursreaksjonen v\u00e6rt positive. Selskapenes behov for \u00e5 annonsere kostnadskutt og engangsavsetninger ser alts\u00e5 ut til \u00e5 ha f\u00e5tt aksept blant investorene. St\u00f8rst har oppgangen v\u00e6rt i<b>\u00a0Novo Nordisk<\/b>, hvor aksjen siden forrige ukes melding om nedbemanninger og engangskostnader har steget med rundt 16 %. Kursen fikk i g\u00e5r et nytt l\u00f8ft etter bedre data enn et konkurrerende legemiddel knyttet til en unders\u00f8kelse av risiko ved bruk av Ozempic og den stengte opp p\u00e5 DKK 392.50 pr. aksje. Med unntak av \u00e5 justere de helt kortsiktige forventningene gjorde vi etter oppdateringen kun mindre estimatendringer for \u00e5rene fremover. <\/p>\n<p>Nye produktvarianter, en lettere konkurransesituasjon og en bedre bivirkningsrisikoprofil gj\u00f8r i kombinasjon med en attraktiv verdsettelse basert p\u00e5 en historisk sammenligning at vi har<b>\u00a0en <a href=\"https:\/\/www.dnb.no\/portalfrontapp\/markets\/aksjehandel-v10\/#\/company\/NOVOb.CO\" target=\"_blank\" rel=\"nofollow noopener\">kj\u00f8psanbefaling<\/a> med et kursm\u00e5l p\u00e5 DKK 500 pr. aksje.\u00a0\u00a0\u00a0\u00a0\u00a0\u00a0 \u00a0\u00a0<br \/>\u00a0\u00a0\u00a0\u00a0\u00a0<\/b><br \/>Vi gj\u00f8r ingen endringer i anbefalingen p\u00e5<b>\u00a0Elkem\u00a0<\/b>etter g\u00e5rsdagens melding om at selskapet har g\u00e5tt mer konkret inn i en eksklusiv salgsprosess vedr\u00f8rende silikonvirksomheten. Oppdateringen er i tr\u00e5d med den tidsplanen selskapet tidligere har kommunisert og den bekrefter etter v\u00e5rt syn bare at prosessen er p\u00e5 vei i riktig retning. <\/p>\n<p>Kursen stengte i g\u00e5r p\u00e5 NOK 26.80 pr. aksje og<b>\u00a0vi har en <a href=\"https:\/\/www.dnb.no\/portalfrontapp\/markets\/aksjehandel-v10\/#\/company\/ELK.OL\" target=\"_blank\" rel=\"nofollow noopener\">kj\u00f8psanbefaling<\/a> med et kursm\u00e5l p\u00e5 NOK 30 pr. aksje.<\/b><\/p>\n","protected":false},"excerpt":{"rendered":"Hvis vi inkluderer stoppordren \u00d8rsted fikk p\u00e5 vindkraftprosjektet i USA i slutten av august samt etterf\u00f8lgende nyhetsstr\u00f8m fra&hellip;\n","protected":false},"author":2,"featured_media":40052,"comment_status":"","ping_status":"","sticky":false,"template":"","format":"standard","meta":{"footnotes":""},"categories":[56],"tags":[184,60,185,61,62,30,28,29],"class_list":{"0":"post-40051","1":"post","2":"type-post","3":"status-publish","4":"format-standard","5":"has-post-thumbnail","7":"category-naeringsliv","8":"tag-aksjer","9":"tag-business","10":"tag-dnb-carnegie","11":"tag-economy","12":"tag-naeringsliv","13":"tag-no","14":"tag-norge","15":"tag-norway"},"share_on_mastodon":{"url":"","error":""},"_links":{"self":[{"href":"https:\/\/www.europesays.com\/no\/wp-json\/wp\/v2\/posts\/40051","targetHints":{"allow":["GET"]}}],"collection":[{"href":"https:\/\/www.europesays.com\/no\/wp-json\/wp\/v2\/posts"}],"about":[{"href":"https:\/\/www.europesays.com\/no\/wp-json\/wp\/v2\/types\/post"}],"author":[{"embeddable":true,"href":"https:\/\/www.europesays.com\/no\/wp-json\/wp\/v2\/users\/2"}],"replies":[{"embeddable":true,"href":"https:\/\/www.europesays.com\/no\/wp-json\/wp\/v2\/comments?post=40051"}],"version-history":[{"count":0,"href":"https:\/\/www.europesays.com\/no\/wp-json\/wp\/v2\/posts\/40051\/revisions"}],"wp:featuredmedia":[{"embeddable":true,"href":"https:\/\/www.europesays.com\/no\/wp-json\/wp\/v2\/media\/40052"}],"wp:attachment":[{"href":"https:\/\/www.europesays.com\/no\/wp-json\/wp\/v2\/media?parent=40051"}],"wp:term":[{"taxonomy":"category","embeddable":true,"href":"https:\/\/www.europesays.com\/no\/wp-json\/wp\/v2\/categories?post=40051"},{"taxonomy":"post_tag","embeddable":true,"href":"https:\/\/www.europesays.com\/no\/wp-json\/wp\/v2\/tags?post=40051"}],"curies":[{"name":"wp","href":"https:\/\/api.w.org\/{rel}","templated":true}]}}