{"id":40081,"date":"2025-09-19T22:04:32","date_gmt":"2025-09-19T22:04:32","guid":{"rendered":"https:\/\/www.europesays.com\/no\/40081\/"},"modified":"2025-09-19T22:04:32","modified_gmt":"2025-09-19T22:04:32","slug":"tesla-fikser-dorapnerne","status":"publish","type":"post","link":"https:\/\/www.europesays.com\/no\/40081\/","title":{"rendered":"Tesla fikser d\u00f8r\u00e5pnerne"},"content":{"rendered":"<p>\n        \u00c5PNER: Trykknappen til h\u00f8yre \u00e5pner d\u00f8ren, men virker ikke hvis str\u00f8mmen g\u00e5r.<br \/>\n        Foto: MORTEN ABRAHAMSEN\n    <\/p>\n<p class=\"kicker t31 tm25 font-weight-bold m-font-weight-bold font-Roboto\" style=\"\">Elektriske d\u00f8rer:<\/p>\n<p>    Teslas elektriske d\u00f8rer kan bli et stort problem hvis str\u00f8mmen kuttes, n\u00e5 skal en l\u00f8sning v\u00e6re p\u00e5 vei.<\/p>\n<p>Tesla har bekrefter at skal redesigne de elektriske d\u00f8r\u00e5pnere, som en f\u00f8lge av at folk har blitt ble sittende fast i bilene deres, melder <a href=\"https:\/\/electrek.co\/2025\/09\/18\/tesla-is-redesigning-its-door-handles-after-people-were-left-trapped-in-the-cars\/\" target=\"_blank\" rel=\"nofollow noopener\">Electrek<\/a>.<\/p>\n<p>Tidligere denne uken ble det kom det fram at trafikkmyndighetene i USA hadde \u00e5pnet en <a href=\"https:\/\/www.motor.no\/aktuelt\/tesla-dorhandtak-skal-granskes-i-usa\/329596\" target=\"_blank\" rel=\"nofollow noopener\">ny etterforskning av Tesla<\/a> p\u00e5 grunn av barn som ble sittende fast i biler etter at elektroniske d\u00f8r\u00e5pnere sviktet.<\/p>\n<p class=\"font-weight-bold m-font-weight-bold\" data-lab-font_weight=\"font-weight-bold\">Alle Teslas modeller har elektriske d\u00f8r\u00e5pnere, noe som gj\u00f8r at man er avhengig av manuelle utl\u00f8sere hvis str\u00f8mmen g\u00e5r, for eksempel etter en kollisjon.<\/p>\n<p>            Har du lest disse sakene fra Motor?<\/p>\n<p>I tillegg er det ofte vanskelig \u00e5 finne de manuelle utl\u00f8serne, og i noen modeller er det ikke et slikt system for d\u00f8rene til baksetene.<\/p>\n<p> Franz von Holzhausen, Teslas sjefsdesigner, sa i et intervju med Bloomberg at bilprodusenten skal kombinere den elektroniske og manuelle utl\u00f8seren.<\/p>\n<p> \u2013\u00a0 Ideen om \u00e5 kombinere den elektroniske og den manuelle i \u00e9n knapp, synes jeg gir mye mening. Det er noe vi jobber med. <\/p>\n<p>Han sier Tesla n\u00e5 tester det ut det nye systemet i Kina.<\/p>\n<p>        <a itemprop=\"url\" class=\"\" href=\"https:\/\/www.motor.no\/aktuelt\/dorutlosere-mangler-eller-godt-gjemt\/329273\" data-k5a-url=\"https:\/\/www.motor.no\/a\/329273\" rel=\"nofollow noopener\" target=\"_blank\"><\/p>\n<p>\nKinkige bakd\u00f8rer:\n<\/p>\n<p>            Vet du hvordan Tesla-d\u00f8rer \u00e5pnes i et n\u00f8dstilfelle?<\/p>\n<p>        <\/a><\/p>\n<p>\u00a0<\/p>\n<p>            Les alle Motors biltester:<\/p>\n","protected":false},"excerpt":{"rendered":"\u00c5PNER: Trykknappen til h\u00f8yre \u00e5pner d\u00f8ren, men virker ikke hvis str\u00f8mmen g\u00e5r. Foto: MORTEN ABRAHAMSEN Elektriske d\u00f8rer: Teslas&hellip;\n","protected":false},"author":2,"featured_media":40082,"comment_status":"","ping_status":"","sticky":false,"template":"","format":"standard","meta":{"footnotes":""},"categories":[56],"tags":[60,61,62,30,28,29],"class_list":{"0":"post-40081","1":"post","2":"type-post","3":"status-publish","4":"format-standard","5":"has-post-thumbnail","7":"category-naeringsliv","8":"tag-business","9":"tag-economy","10":"tag-naeringsliv","11":"tag-no","12":"tag-norge","13":"tag-norway"},"share_on_mastodon":{"url":"","error":""},"_links":{"self":[{"href":"https:\/\/www.europesays.com\/no\/wp-json\/wp\/v2\/posts\/40081","targetHints":{"allow":["GET"]}}],"collection":[{"href":"https:\/\/www.europesays.com\/no\/wp-json\/wp\/v2\/posts"}],"about":[{"href":"https:\/\/www.europesays.com\/no\/wp-json\/wp\/v2\/types\/post"}],"author":[{"embeddable":true,"href":"https:\/\/www.europesays.com\/no\/wp-json\/wp\/v2\/users\/2"}],"replies":[{"embeddable":true,"href":"https:\/\/www.europesays.com\/no\/wp-json\/wp\/v2\/comments?post=40081"}],"version-history":[{"count":0,"href":"https:\/\/www.europesays.com\/no\/wp-json\/wp\/v2\/posts\/40081\/revisions"}],"wp:featuredmedia":[{"embeddable":true,"href":"https:\/\/www.europesays.com\/no\/wp-json\/wp\/v2\/media\/40082"}],"wp:attachment":[{"href":"https:\/\/www.europesays.com\/no\/wp-json\/wp\/v2\/media?parent=40081"}],"wp:term":[{"taxonomy":"category","embeddable":true,"href":"https:\/\/www.europesays.com\/no\/wp-json\/wp\/v2\/categories?post=40081"},{"taxonomy":"post_tag","embeddable":true,"href":"https:\/\/www.europesays.com\/no\/wp-json\/wp\/v2\/tags?post=40081"}],"curies":[{"name":"wp","href":"https:\/\/api.w.org\/{rel}","templated":true}]}}