{"id":40093,"date":"2025-09-19T22:26:07","date_gmt":"2025-09-19T22:26:07","guid":{"rendered":"https:\/\/www.europesays.com\/no\/40093\/"},"modified":"2025-09-19T22:26:07","modified_gmt":"2025-09-19T22:26:07","slug":"en-hel-nasjon-tenker-i-slike-baner","status":"publish","type":"post","link":"https:\/\/www.europesays.com\/no\/40093\/","title":{"rendered":"\u2013 En hel nasjon tenker i slike baner"},"content":{"rendered":"<p><strong>Forfatter og lege Muhammad Usman Rana har de siste \u00e5rene v\u00e6rt kjent som en profilert samfunnsdebattant med r\u00f8tter p\u00e5 borgerlig side. N\u00e5 sier han at han har brutt med h\u00f8yresiden, fordi de ikke viser empati med palestinernes lidelser.<\/strong><\/p>\n<p> I en samtale med Ole Asbj\u00f8rn Ness forklarer han hvorfor Gaza etter hans mening er blitt et moralsk kompass \u2013 og en sak som skiller de som har et moralsk kompass, fra de som ikke har det.<\/p>\n<p>\u2013 Jeg tror norske muslimer er opptatt av Gaza fordi krisen og lidelsen der er eksepsjonelle. Det vi ser i verdenshistorien, og spesielt etter andre verdenskrig, er noe av det verste. Vi ser dette live, i sanntid. Rundt 20.000 barn er drept. Det tilsvarer en norsk skoleklasse med barn hver dag de siste to \u00e5rene. Alle med et moralsk kompass b\u00f8r v\u00e6re opptatt av dette, sier Rana.<\/p>\n<p><strong>Brudd med h\u00f8yresiden<\/strong><\/p>\n<p>Rana forteller at han nylig gikk ut i Klassekampen og sa at han hadde forlatt den borgerlige siden. Bakgrunnen er det han mener er en total mangel p\u00e5 empati for de palestinske lidelsene.<\/p>\n<p>\u2013 Jeg fikk en melding fra en kompis som lurte p\u00e5 om jeg hadde skiftet side fordi dette gjaldt mine muslimske br\u00f8dre og s\u00f8stre i Gaza. Jeg svarte at jeg ville sagt det samme hvis et politisk parti ikke tok avstand fra Putin eller fra IS. Da hadde jeg ikke stemt p\u00e5 dem heller. N\u00e5r partier ikke klarer \u00e5 vise moralsk kompass, er de uinteressante for meg.<\/p>\n<p>Han mener Israel driver en politikk som g\u00e5r langt utover vanlige krigshandlinger.<\/p>\n<p>\u2013 Her snakker vi ikke bare om landran. Regjeringsmedlemmer har \u00e5pent sagt at palestinerne i Gaza m\u00e5 drives ut, frivillig eller ufrivillig. N\u00e5r et lands ledelse snakker om \u00e5 utslette en befolkning, kan man ikke v\u00e6re taus.<\/p>\n<p><strong>Ukraina og Gaza \u2013 ulike m\u00e5lestokker<\/strong><\/p>\n<p>For Rana er sammenligningen med Ukraina \u00e5penbar.<\/p>\n<p>\u2013 Norge m\u00e5 st\u00e5 urokkelig bak Ukraina, det er i v\u00e5r egen interesse. Men prinsippene vi legger til grunn i m\u00f8te med Russland, m\u00e5 ogs\u00e5 gjelde i Midt\u00f8sten. B\u00e5de Israel og Russland hevder historisk tilh\u00f8righet og bare tar for seg, med krig og okkupasjon. Likevel ser vi at H\u00f8yre og KrF har h\u00f8y og riktig stemme mot Russland, men blir tause n\u00e5r det gjelder Israel. Det viser en dobbeltmoral.<\/p>\n<p>Han peker spesielt p\u00e5 KrF-leder Dag Inge Ulstein, som han mener snakker med to tunger.<\/p>\n<p>\u2013 Ulstein fronter kampanjer om \u00e5 \u00abst\u00e5 opp for menneskeverdet\u00bb, men klarer ikke vise empati for palestinerne. Det er verre enn Siv Jensen og Sylvi Listhaug. Da er KrF fullstendig diskvalifisert.<\/p>\n<p><strong>Hamas og ansvaret<\/strong><\/p>\n<p>Ole Asbj\u00f8rn Ness utfordrer Rana med at krigen startet 7. oktober 2023, da Hamas gjennomf\u00f8rte et barbarisk terrorangrep med 1200 drepte og over 250 gisler. Han mener Israel, som et demokrati, har rett til selvforsvar mot en totalit\u00e6r terrororganisasjon.<\/p>\n<p>\u2013 Jeg kan ikke se hva Israel skulle gjort annerledes, sier Ness, som viser til at ogs\u00e5 USA har beg\u00e5tt alvorlige brudd p\u00e5 folkeretten i tidligere kriger.<\/p>\n<p>Men Rana avviser at ansvaret kan legges ensidig p\u00e5 Hamas.<\/p>\n<p>\u2013 Det er ikke historiel\u00f8st \u00e5 si at verden ikke startet 7. oktober. Okkupasjonen og undertrykkelsen g\u00e5r tilbake til 1948. Mens jeg klarer \u00e5 ford\u00f8mme Hamas, klarer mange Israel-venner ikke \u00e5 ford\u00f8mme Israel. Det blir relativisering. Og vi m\u00e5 huske at forl\u00f8perne til Israels h\u00e6r selv var terrorgrupper som drepte b\u00e5de palestinere og briter.<\/p>\n<p><strong>Folkemord og radikalisering<\/strong><\/p>\n<p>Rana mener at Israel ikke lenger bare har et problem med ekstreme utskudd i regjeringen, men at landet som helhet er radikalisert.<\/p>\n<p>\u2013 Jeg viste til en studie av Penn State University, der 82 prosent av israelske j\u00f8der st\u00f8tter \u00e5 utvise alle palestinere fra Gaza. 47 prosent mener man kan utrydde alle innbyggere i en fiendtlig by. Selv 70 prosent av sekul\u00e6re israelere st\u00f8tter masseutvisning. Det er ikke bare regjeringen, men en hel nasjon som tenker i slike baner, sier han.<\/p>\n<p>Han viser ogs\u00e5 til uttalelser fra israelske politikere som direkte snakker om \u00e5 gj\u00f8re Gaza \u00abj\u00f8diske igjen\u00bb, og mener det dokumenterer en intensjon om folkemord.<\/p>\n<p>\u2013 Det handler ikke om tall, men om intensjon. Israels ledere sier \u00e5pent at palestinerne skal drives ut. Derfor tar Den internasjonale domstolen i Haag saken om folkemord p\u00e5 alvor.<\/p>\n<p><strong>Folkemord \u2013 ikke tatt ut av l\u00f8se luften<\/strong><\/p>\n<p>Et av de mest betente sp\u00f8rsm\u00e5lene er om Israels krigf\u00f8ring i Gaza kan defineres som folkemord. Rana mener svaret er ja.<\/p>\n<p>\u2013 Det handler ikke prim\u00e6rt om antallet drepte, men om intensjon. Israels forsvarsminister, statsminister og regjeringsmedlemmer har sagt at Gaza skal gj\u00f8res j\u00f8disk igjen, og at palestinerne skal drives ut \u2013 frivillig eller ufrivillig. N\u00e5r ledende politikere \u00e5pent snakker om etnisk rensning, er det folkemord, sier han.<\/p>\n<p>Han viser til at Den internasjonale domstolen i Haag har startet en sak om folkemord, og at flere fremtredende israelske forskere og tidligere statsledere har kommet med lignende vurderinger.<\/p>\n<p>\u2013 Vi snakker om holocaustforskere og folkemordsforskere som selv er israelske j\u00f8der, som Omer Bartov og Amos Goldberg. De sier klart at dette er et folkemord. N\u00e5r ogs\u00e5 tidligere statsministre som Ehud Barak og Ehud Olmert er sterkt kritiske, b\u00f8r verden lytte, sier Rana.<\/p>\n<p><strong>Sterke ord<\/strong><\/p>\n<p>\u2013 Mange vil kalle Israel et demokrati. Men for meg er Israel en apartheidstat. Folk har ulike rettigheter basert p\u00e5 hvem de er. Israel er en okkupant, de har stj\u00e5let andres land og bygger stadig flere bosettinger. Det lille som kunne v\u00e6rt grunnlaget for en palestinsk stat, pulveriseres bit for bit, sier Rana.<\/p>\n<p><strong>Vestens ansvar<\/strong><\/p>\n<p>Rana tror engasjementet rundt Gaza er sterkere enn i andre konflikter, fordi Vesten selv er direkte involvert.<\/p>\n<p>\u2013 Mange reagerer ekstra sterkt fordi dette folkemordet skjer finansiert av vestlige land. V\u00e5re egne stater, som skryter av menneskerettigheter og internasjonal rett, bidrar direkte til drapene. Det gj\u00f8r Gaza mer oppr\u00f8rende enn andre kriger.<\/p>\n<p>Han nevner at ogs\u00e5 profiler p\u00e5 h\u00f8yresiden i USA har begynt \u00e5 snu, som Tucker Carlson, Marjorie Taylor Greene og Candace Owens.<\/p>\n<p>\u2013 De stiller sp\u00f8rsm\u00e5l ved hvorfor amerikanske v\u00e5pen brukes til \u00e5 drepe barn i Gaza. Dette viser at det skjer et skifte, ogs\u00e5 p\u00e5 h\u00f8yresiden. Jeg tror Ness ogs\u00e5 vil snu til slutt, sier Rana.<\/p>\n<p><strong>Dobbeltmoral i norsk politikk<\/strong><\/p>\n<p>Rana vender stadig tilbake til det han oppfatter som en norsk dobbeltmoral.<\/p>\n<p>\u2013 N\u00e5r ukrainere blir drept, reagerer vi prinsipielt. N\u00e5r palestinere blir drept i enda st\u00f8rre antall, tier vi. Det er hykleri. Hvis man skal tolke KrF og Frp i verste mening, har de en annen moral for palestinske liv enn for ukrainske. Det er uakseptabelt.<\/p>\n<p><strong>En sak som avgj\u00f8r stemmegivning<\/strong><\/p>\n<p>For Rana er Gaza ikke en perifer sak, men et moralsk veiskille.<\/p>\n<p>\u2013 Dette er lakmustesten. For meg handler det om \u00e5 kunne se om et parti har et moralsk kompass eller ikke. Og jeg stemmer ikke p\u00e5 partier som viser at de mangler det, sier han.<\/p>\n","protected":false},"excerpt":{"rendered":"Forfatter og lege Muhammad Usman Rana har de siste \u00e5rene v\u00e6rt kjent som en profilert samfunnsdebattant med r\u00f8tter&hellip;\n","protected":false},"author":2,"featured_media":40094,"comment_status":"","ping_status":"","sticky":false,"template":"","format":"standard","meta":{"footnotes":""},"categories":[12],"tags":[20,21,24,25,53,15,52,22,23,6342,13,30,28,29,14,6343,16,261,26,27,42,43,44,45],"class_list":{"0":"post-40093","1":"post","2":"type-post","3":"status-publish","4":"format-standard","5":"has-post-thumbnail","7":"category-verden","8":"tag-breaking-news","9":"tag-breakingnews","10":"tag-featured-news","11":"tag-featurednews","12":"tag-gaza","13":"tag-headlines","14":"tag-israel","15":"tag-latest-news","16":"tag-latestnews","17":"tag-mohammed-usman-rana","18":"tag-news","19":"tag-no","20":"tag-norge","21":"tag-norway","22":"tag-nyheter","23":"tag-ole-asbjorn-ness","24":"tag-overskrifter","25":"tag-palestina","26":"tag-top-stories","27":"tag-topstories","28":"tag-verden","29":"tag-world","30":"tag-world-news","31":"tag-worldnews"},"share_on_mastodon":{"url":"","error":""},"_links":{"self":[{"href":"https:\/\/www.europesays.com\/no\/wp-json\/wp\/v2\/posts\/40093","targetHints":{"allow":["GET"]}}],"collection":[{"href":"https:\/\/www.europesays.com\/no\/wp-json\/wp\/v2\/posts"}],"about":[{"href":"https:\/\/www.europesays.com\/no\/wp-json\/wp\/v2\/types\/post"}],"author":[{"embeddable":true,"href":"https:\/\/www.europesays.com\/no\/wp-json\/wp\/v2\/users\/2"}],"replies":[{"embeddable":true,"href":"https:\/\/www.europesays.com\/no\/wp-json\/wp\/v2\/comments?post=40093"}],"version-history":[{"count":0,"href":"https:\/\/www.europesays.com\/no\/wp-json\/wp\/v2\/posts\/40093\/revisions"}],"wp:featuredmedia":[{"embeddable":true,"href":"https:\/\/www.europesays.com\/no\/wp-json\/wp\/v2\/media\/40094"}],"wp:attachment":[{"href":"https:\/\/www.europesays.com\/no\/wp-json\/wp\/v2\/media?parent=40093"}],"wp:term":[{"taxonomy":"category","embeddable":true,"href":"https:\/\/www.europesays.com\/no\/wp-json\/wp\/v2\/categories?post=40093"},{"taxonomy":"post_tag","embeddable":true,"href":"https:\/\/www.europesays.com\/no\/wp-json\/wp\/v2\/tags?post=40093"}],"curies":[{"name":"wp","href":"https:\/\/api.w.org\/{rel}","templated":true}]}}