{"id":40114,"date":"2025-09-19T23:09:08","date_gmt":"2025-09-19T23:09:08","guid":{"rendered":"https:\/\/www.europesays.com\/no\/40114\/"},"modified":"2025-09-19T23:09:08","modified_gmt":"2025-09-19T23:09:08","slug":"politi-savnet-leter-etter-savnet-mann-i-70-arene","status":"publish","type":"post","link":"https:\/\/www.europesays.com\/no\/40114\/","title":{"rendered":"Politi, Savnet | Leter etter savnet mann i 70-\u00e5rene"},"content":{"rendered":"\n<p>En mann i 70-\u00e5rene er meldt savnet.<\/p>\n<p>Letingen foreg\u00e5r i V\u00e5ler.<\/p>\n<p>\u2013 Politiet sammen med frivillige letemannskaper og politihelikopteret leter etter en savnet mann, melder operasjonsleder P\u00e5l Gjestvang klokka 18.09.<\/p>\n<p>Familiemedlemmer varslet politiet cirka klokka 16. <\/p>\n<p>Mannen ble sist sett ved egen bopel. <\/p>\n<p>\u2013 N\u00e5 gj\u00f8r vi et solid fors\u00f8k p\u00e5 \u00e5 finne ham, sier Gjestvang. <\/p>\n<p>Det er forel\u00f8pig usikkert hvordan mannen har blitt borte. Til HA sier operasjonslederen at siste kjente observasjon av mannen var p\u00e5 tirsdag. <\/p>\n<p><a href=\"https:\/\/www.ostlendingen.no\/leter-etter-savnet-mann\/s\/80-69-106269\" rel=\"Follow nofollow noopener\" target=\"_blank\">\u00d8stlendingen<\/a> skriver at hundepatrulje, politihund og drone blir anvendt i leteaksjonen, i tillegg til politihelikopter, og at omtrent 60 personer er til stede og bist\u00e5r i s\u00f8ket. <\/p>\n<p>Videre forteller innsatsleder Jane Brendhagen til avisen at de vil fortsette s\u00f8ket for fullt s\u00e5 lenge det er n\u00f8dvendig, til tross for m\u00f8rke og regn.<\/p>\n","protected":false},"excerpt":{"rendered":"En mann i 70-\u00e5rene er meldt savnet. Letingen foreg\u00e5r i V\u00e5ler. \u2013 Politiet sammen med frivillige letemannskaper og&hellip;\n","protected":false},"author":2,"featured_media":11810,"comment_status":"","ping_status":"","sticky":false,"template":"","format":"standard","meta":{"footnotes":""},"categories":[10],"tags":[36,20,21,24,25,15,22,23,4672,13,30,28,29,14,16,254,48,1510,26,27],"class_list":{"0":"post-40114","1":"post","2":"type-post","3":"status-publish","4":"format-standard","5":"has-post-thumbnail","7":"category-norge","8":"tag-art","9":"tag-breaking-news","10":"tag-breakingnews","11":"tag-featured-news","12":"tag-featurednews","13":"tag-headlines","14":"tag-latest-news","15":"tag-latestnews","16":"tag-mann","17":"tag-news","18":"tag-no","19":"tag-norge","20":"tag-norway","21":"tag-nyheter","22":"tag-overskrifter","23":"tag-politi","24":"tag-savnet","25":"tag-story","26":"tag-top-stories","27":"tag-topstories"},"share_on_mastodon":{"url":"","error":""},"_links":{"self":[{"href":"https:\/\/www.europesays.com\/no\/wp-json\/wp\/v2\/posts\/40114","targetHints":{"allow":["GET"]}}],"collection":[{"href":"https:\/\/www.europesays.com\/no\/wp-json\/wp\/v2\/posts"}],"about":[{"href":"https:\/\/www.europesays.com\/no\/wp-json\/wp\/v2\/types\/post"}],"author":[{"embeddable":true,"href":"https:\/\/www.europesays.com\/no\/wp-json\/wp\/v2\/users\/2"}],"replies":[{"embeddable":true,"href":"https:\/\/www.europesays.com\/no\/wp-json\/wp\/v2\/comments?post=40114"}],"version-history":[{"count":0,"href":"https:\/\/www.europesays.com\/no\/wp-json\/wp\/v2\/posts\/40114\/revisions"}],"wp:featuredmedia":[{"embeddable":true,"href":"https:\/\/www.europesays.com\/no\/wp-json\/wp\/v2\/media\/11810"}],"wp:attachment":[{"href":"https:\/\/www.europesays.com\/no\/wp-json\/wp\/v2\/media?parent=40114"}],"wp:term":[{"taxonomy":"category","embeddable":true,"href":"https:\/\/www.europesays.com\/no\/wp-json\/wp\/v2\/categories?post=40114"},{"taxonomy":"post_tag","embeddable":true,"href":"https:\/\/www.europesays.com\/no\/wp-json\/wp\/v2\/tags?post=40114"}],"curies":[{"name":"wp","href":"https:\/\/api.w.org\/{rel}","templated":true}]}}