{"id":40215,"date":"2025-09-20T06:13:07","date_gmt":"2025-09-20T06:13:07","guid":{"rendered":"https:\/\/www.europesays.com\/no\/40215\/"},"modified":"2025-09-20T06:13:07","modified_gmt":"2025-09-20T06:13:07","slug":"her-er-iphonene-apple-ikke-vil-vite-av-lenger-har-du-en-av-dem","status":"publish","type":"post","link":"https:\/\/www.europesays.com\/no\/40215\/","title":{"rendered":"Her er iPhonene Apple ikke vil vite av lenger &#8211; har du en av dem?"},"content":{"rendered":"<p>Apple har lansert fire nye iPhoner, men samtidig satt et endelig punktum for en hel rekke gamle modeller. Er din blant dem?<\/p>\n<p>\t\t\tAkkurat n\u00e5 leser andre<\/p>\n<p>\t\t\t\t\t<a :href=\"https:\/\/www.dagens.no\/forbruker\/post.link\"><br \/>\n\t\t\t\t\t\t<img class=\"my-0 aspect-square h-full max-h-16 w-auto rounded object-cover hidden sm:block\" :src=\"https:\/\/www.dagens.no\/forbruker\/post.featured_media_url\" alt=\"\"\/><br \/>\n\t\t\t\t\t<\/a><\/p>\n<p>\t\t\t\t\t\t<a class=\"text-body-text group-hover:text-body-accent font-normal\" :href=\"https:\/\/www.dagens.no\/forbruker\/post.link\" x-html=\"post.title\"\/><\/p>\n<p>Tirsdag kveld lanserte Apple fire nye iPhone 17-modeller med brask og bram. Men det techgiganten ikke ropte like h\u00f8yt om, var at en lang liste eldre iPhoner samtidig fikk \u00abd\u00f8dsdommen\u00bb.<\/p>\n<p>Apple har nemlig oppdatert oversikten over hva de selv kaller for \u201eobsolete\u201f \u2013 alts\u00e5 produkter som er for gamle til \u00e5 f\u00e5 service eller reservedeler.<\/p>\n<p>Hva betyr det for deg? Jo, hvis du har en av modellene p\u00e5 denne lista, kan du ikke lenger f\u00e5 den reparert hos Apple. De har rett og slett pensjonert den. Det skriver <a href=\"https:\/\/www.ladbible.com\/news\/technology\/iphone-17-apple-obsolete-new-model-technology-293166-20250911\" data-type=\"link\" data-id=\"https:\/\/www.ladbible.com\/news\/technology\/iphone-17-apple-obsolete-new-model-technology-293166-20250911\" target=\"_blank\" rel=\"noopener nofollow\">LadBible<\/a>.<\/p>\n<p>Apple definerer det slik: <\/p>\n<p>\u00abProdukter er regnet som obsolet n\u00e5r Apple har sluttet \u00e5 selge dem for over sju \u00e5r siden. Vi tilbyr ikke lenger service, og deler kan ikke bestilles.\u00bb<\/p>\n<p><strong>Her er hele lista over iPhoner Apple n\u00e5 regner som utdaterte:<\/strong><\/p>\n<ul class=\"wp-block-list\">\n<li>iPhone 3G (alle varianter)<\/li>\n<li>iPhone 3GS (alle varianter)<\/li>\n<li>iPhone 4 (GSM og CDMA)<\/li>\n<li>iPhone 4s<\/li>\n<li>iPhone 5c<\/li>\n<li>iPhone 5s<\/li>\n<li>iPhone 6 og 6 Plus<\/li>\n<li>iPhone 6s og 6s Plus (32 GB-versjoner)<\/li>\n<\/ul>\n<p>\t\t\tLes ogs\u00e5<\/p>\n<p>\t\t\t\t\t<a :href=\"https:\/\/www.dagens.no\/forbruker\/post.link\"><br \/>\n\t\t\t\t\t\t<img class=\"my-0 aspect-square h-full max-h-16 w-auto rounded object-cover hidden sm:block\" :src=\"https:\/\/www.dagens.no\/forbruker\/post.featured_media_url\" alt=\"\"\/><br \/>\n\t\t\t\t\t<\/a><\/p>\n<p>\t\t\t\t\t\t<a class=\"text-body-text group-hover:text-body-accent font-normal\" :href=\"https:\/\/www.dagens.no\/forbruker\/post.link\" x-html=\"post.title\"\/><\/p>\n<p>Hvis du fortsatt holder fast ved en iPhone 5c, s\u00e5 er det kanskje p\u00e5 tide \u00e5 gi slipp? Ikke bare mister du tilgang p\u00e5 sikkerhetsoppdateringer og apper, men telefonen kan alts\u00e5 heller ikke repareres hvis noe skulle skje.<\/p>\n<p>At Apple faser ut eldre modeller er ikke nytt. De fleste av oss har nok sett denne strategien f\u00f8r: Lanser ny telefon, oppdater programvaren, og plutselig fungerer ikke den gamle mobilen like bra lenger.<\/p>\n<p>Denne gangen kom \u00abnedleggelsen\u00bb samtidig med at iPhone 17 ble presentert. Og selv om de nye modellene kommer med avanserte funksjoner og saftige prislapper, f\u00f8les det litt vemodig \u00e5 se de gamle traverne bli sendt p\u00e5 teknologisk gamlehjem.<\/p>\n<p>Samtidig introduserte Apple ogs\u00e5 nye AirPods, med en oversettingsfunksjon som potensielt kan revolusjonere utenlandsreiser.<\/p>\n<p>Teknologien g\u00e5r fremover i rekordfart, men det betyr ogs\u00e5 at vi m\u00e5 ta farvel med trofaste dingser. Sitter du fortsatt p\u00e5 en iPhone fra 2013? Da er det kanskje p\u00e5 tide \u00e5 gi slipp og si hei til noe nytt. Eller hva med \u00e5 endelig bytte side i tech-krigen og teste en telefon som faktisk kan brettes?<\/p>\n","protected":false},"excerpt":{"rendered":"Apple har lansert fire nye iPhoner, men samtidig satt et endelig punktum for en hel rekke gamle modeller.&hellip;\n","protected":false},"author":2,"featured_media":40216,"comment_status":"","ping_status":"","sticky":false,"template":"","format":"standard","meta":{"footnotes":""},"categories":[57],"tags":[30,28,29,65,63,64,66,70,69,67,68],"class_list":{"0":"post-40215","1":"post","2":"type-post","3":"status-publish","4":"format-standard","5":"has-post-thumbnail","7":"category-vitenskap-og-teknologi","8":"tag-no","9":"tag-norge","10":"tag-norway","11":"tag-science","12":"tag-science-and-technology","13":"tag-scienceandtechnology","14":"tag-technology","15":"tag-teknologi","16":"tag-vitenskap","17":"tag-vitenskap-og-teknologi","18":"tag-vitenskapteknologi"},"share_on_mastodon":{"url":"","error":""},"_links":{"self":[{"href":"https:\/\/www.europesays.com\/no\/wp-json\/wp\/v2\/posts\/40215","targetHints":{"allow":["GET"]}}],"collection":[{"href":"https:\/\/www.europesays.com\/no\/wp-json\/wp\/v2\/posts"}],"about":[{"href":"https:\/\/www.europesays.com\/no\/wp-json\/wp\/v2\/types\/post"}],"author":[{"embeddable":true,"href":"https:\/\/www.europesays.com\/no\/wp-json\/wp\/v2\/users\/2"}],"replies":[{"embeddable":true,"href":"https:\/\/www.europesays.com\/no\/wp-json\/wp\/v2\/comments?post=40215"}],"version-history":[{"count":0,"href":"https:\/\/www.europesays.com\/no\/wp-json\/wp\/v2\/posts\/40215\/revisions"}],"wp:featuredmedia":[{"embeddable":true,"href":"https:\/\/www.europesays.com\/no\/wp-json\/wp\/v2\/media\/40216"}],"wp:attachment":[{"href":"https:\/\/www.europesays.com\/no\/wp-json\/wp\/v2\/media?parent=40215"}],"wp:term":[{"taxonomy":"category","embeddable":true,"href":"https:\/\/www.europesays.com\/no\/wp-json\/wp\/v2\/categories?post=40215"},{"taxonomy":"post_tag","embeddable":true,"href":"https:\/\/www.europesays.com\/no\/wp-json\/wp\/v2\/tags?post=40215"}],"curies":[{"name":"wp","href":"https:\/\/api.w.org\/{rel}","templated":true}]}}