{"id":40318,"date":"2025-09-20T08:58:20","date_gmt":"2025-09-20T08:58:20","guid":{"rendered":"https:\/\/www.europesays.com\/no\/40318\/"},"modified":"2025-09-20T08:58:20","modified_gmt":"2025-09-20T08:58:20","slug":"berlevag-lebesby-berlevag-i-vinden-fikk-9-millioner-pa-konto","status":"publish","type":"post","link":"https:\/\/www.europesays.com\/no\/40318\/","title":{"rendered":"Berlev\u00e5g, Lebesby | Berlev\u00e5g i vinden \u2013 fikk 9 millioner p\u00e5 konto"},"content":{"rendered":"\n<p>For \u00e5 sikre at kommuner som stiller areal til vindkraft f\u00e5r litt av kaka, betaler hvert landbaserte vindkraftverk, som er konsesjonspliktige etter energiloven, s\u00e5kalt produksjonsavgift.<\/p>\n<p>Kraftverkene betaler inn avgiften til Skatteetaten, som rapporterer dette videre til NVE. Det er NVE som videre fordeler pengene p\u00e5 vertskommunene.<\/p>\n<p>Nedetid til tross<\/p>\n<p>Inntektene fra produksjonsavgiften fordeles prosentvis mellom kommunene, ut fra deres andel av samlet norsk vindkraftproduksjon. For vindkraftverk som krysser kommunegrenser, fordeles produksjonen ut fra geografisk plassering av turbiner.<\/p>\n<p>\u2013 I \u00e5r utbetaler vi over 334 millioner kroner til vertskommunene, for kraften som ble produsert i 2024. Total produksjon i fjor ble 14,5 TWh, det er omtrent 0,5 TWh mer enn i 2023, sier fungerende seksjonssjef i NVE, Magnus Buvik i en pressemelding.<\/p>\n<p>Dette til tross for at flere vindkraftanlegg i fjor hadde utfordringer som ga en del nedetid. Den gode produksjonen forklares med gode vindressurser. <\/p>\n<p>Dette fikk kommunene i Finnmark<\/p>\n<p>\u2013 Utbetalingene til den enkelte kommune beregnes ut fra produksjonsavgiften og innrapportert vindkraftproduksjon fra Elhub, forteller Buvik.<\/p>\n<p>Opprinnelig var produksjonsavgiften, som ble innf\u00f8rt i 2022, p\u00e5 1 \u00f8re per kWh Denne har v\u00e6rt oppjustert \u00e5rlig, og for produksjon i 2024 var den p\u00e5 2,3 \u00f8re per kWh. For 2025 justeres den til 2,37 \u00f8re. <\/p>\n<p>  <a href=\"https:\/\/www.ifinnmark.no\/5-81-2310589\" class=\"related-teaser has-image default-story-teaser article--c-eRUmMG article--c-eRUmMG-jKCPdD-design-default\" rel=\"nofollow noopener\" target=\"_blank\"><\/p>\n<p>    <img decoding=\"async\" loading=\"lazy\"  src=\"https:\/\/www.europesays.com\/no\/wp-content\/uploads\/2025\/09\/1758358700_904_2023-06_Vindkraft_OdalVindkraftverk_Songkjlen_Engerfjellet_Drone-3.jpg\" alt=\"\" class=\"brick-c-cFOWSL\" style=\"\"\/><\/p>\n<p>\n            Les ogs\u00e5<\/p>\n<p>              Vanvittig bom: Vil gi deg dyrere nettleie\n        <\/p>\n<p>  <\/a><\/p>\n<p>  <a href=\"https:\/\/www.ifinnmark.no\/5-81-2303998\" class=\"related-teaser has-image default-story-teaser article--c-eRUmMG article--c-eRUmMG-jKCPdD-design-default\" rel=\"nofollow noopener\" target=\"_blank\"><\/p>\n<p>    <img decoding=\"async\" loading=\"lazy\"  src=\"https:\/\/www.europesays.com\/no\/wp-content\/uploads\/2025\/09\/Bilde+-+2025-09-01T185013.387.jpg\" alt=\"\" class=\"brick-c-cFOWSL\" style=\"\"\/><\/p>\n<p>\n            Les ogs\u00e5<\/p>\n<p>              \u2013 Arbeiderpartifolk kjenner seg rett og slett ikke igjen i Ap p\u00e5 Sametinget\n        <\/p>\n<p>  <\/a><\/p>\n","protected":false},"excerpt":{"rendered":"For \u00e5 sikre at kommuner som stiller areal til vindkraft f\u00e5r litt av kaka, betaler hvert landbaserte vindkraftverk,&hellip;\n","protected":false},"author":2,"featured_media":40319,"comment_status":"","ping_status":"","sticky":false,"template":"","format":"standard","meta":{"footnotes":"","_share_on_mastodon":"0"},"categories":[10],"tags":[36,5965,3838,20,21,24,25,5966,15,22,23,5046,6379,13,30,28,29,14,16,1510,26,27],"class_list":["post-40318","post","type-post","status-publish","format-standard","has-post-thumbnail","category-norge","tag-art","tag-batsfjord","tag-berlevag","tag-breaking-news","tag-breakingnews","tag-featured-news","tag-featurednews","tag-hasvik","tag-headlines","tag-latest-news","tag-latestnews","tag-lebesby","tag-masoy","tag-news","tag-no","tag-norge","tag-norway","tag-nyheter","tag-overskrifter","tag-story","tag-top-stories","tag-topstories"],"share_on_mastodon":{"url":"","error":""},"_links":{"self":[{"href":"https:\/\/www.europesays.com\/no\/wp-json\/wp\/v2\/posts\/40318","targetHints":{"allow":["GET"]}}],"collection":[{"href":"https:\/\/www.europesays.com\/no\/wp-json\/wp\/v2\/posts"}],"about":[{"href":"https:\/\/www.europesays.com\/no\/wp-json\/wp\/v2\/types\/post"}],"author":[{"embeddable":true,"href":"https:\/\/www.europesays.com\/no\/wp-json\/wp\/v2\/users\/2"}],"replies":[{"embeddable":true,"href":"https:\/\/www.europesays.com\/no\/wp-json\/wp\/v2\/comments?post=40318"}],"version-history":[{"count":0,"href":"https:\/\/www.europesays.com\/no\/wp-json\/wp\/v2\/posts\/40318\/revisions"}],"wp:featuredmedia":[{"embeddable":true,"href":"https:\/\/www.europesays.com\/no\/wp-json\/wp\/v2\/media\/40319"}],"wp:attachment":[{"href":"https:\/\/www.europesays.com\/no\/wp-json\/wp\/v2\/media?parent=40318"}],"wp:term":[{"taxonomy":"category","embeddable":true,"href":"https:\/\/www.europesays.com\/no\/wp-json\/wp\/v2\/categories?post=40318"},{"taxonomy":"post_tag","embeddable":true,"href":"https:\/\/www.europesays.com\/no\/wp-json\/wp\/v2\/tags?post=40318"}],"curies":[{"name":"wp","href":"https:\/\/api.w.org\/{rel}","templated":true}]}}