{"id":40330,"date":"2025-09-20T09:15:18","date_gmt":"2025-09-20T09:15:18","guid":{"rendered":"https:\/\/www.europesays.com\/no\/40330\/"},"modified":"2025-09-20T09:15:18","modified_gmt":"2025-09-20T09:15:18","slug":"morrissey-avlyser-konserter-etter-dodstrusler","status":"publish","type":"post","link":"https:\/\/www.europesays.com\/no\/40330\/","title":{"rendered":"Morrissey avlyser konserter etter d\u00f8dstrusler"},"content":{"rendered":"\n<p class=\"_lead_ew2ao_2 _lead_xtcu6_50 layout-component text-serif-m layout-normal text-serif-l layout-component layout-wide layout-padded _wide_17hqh_1 layout-padded\">Artisten Morrissey (66) avlyser flere konserter i USA og Canada etter at en 26 \u00e5r gammel mann har truet ham p\u00e5 livet p\u00e5 nett.<\/p>\n<p><img alt=\"Den britiske artisten Morrissey avlyser konserter etter \u00e5 ha mottatt d\u00f8dstrusler.  Foto: Marco Ugarte \/ AP \/ NTB\" class=\"_image_qp4xg_65 layout-component layout-wide\" data-fullscreen- data-track-element-type=\"Article image fullscreen\" data-track-name=\"ImageFullscreen\" fetchpriority=\"high\" decoding=\"sync\" loading=\"eager\" height=\"3457\" itemprop=\"image\"  src=\"https:\/\/www.europesays.com\/no\/wp-content\/uploads\/2025\/09\/770f7758-ccce-43a2-9969-9dd412d229df\"  style=\"object-position:0% 0%\" width=\"5186\"\/>Den britiske artisten Morrissey avlyser konserter etter \u00e5 ha mottatt d\u00f8dstrusler.  Foto: Marco Ugarte \/ AP \/ NTB<\/p>\n<ul aria-hidden=\"true\" class=\"_images_1y6fe_106\">\n<li><a class=\"_link_1y6fe_111\" href=\"https:\/\/www.vg.no\/forfatter\/ntb\" style=\"z-index:1\" title=\"NTB\" rel=\"nofollow noopener\" target=\"_blank\"><img alt=\"Bilde av NTB\" class=\"_image_1y6fe_88\" fetchpriority=\"low\" loading=\"lazy\" decoding=\"async\" itemprop=\"image\"  src=\"https:\/\/www.europesays.com\/no\/wp-content\/uploads\/2025\/09\/1758359718_340_c33980b0-5d07-4027-84a1-813f90a7c8d6\"  width=\"480\"\/><\/a><\/li>\n<\/ul>\n<p> Oppdatert l\u00f8rdag 20. september kl. 02:48     <\/p>\n<p class=\"_paragraph_ew2ao_4 _paragraph_xtcu6_10 layout-component text-serif-m layout-normal text-serif-m layout-padded\"> 26-\u00e5ringen skrev i sosiale medier om sine planer om \u00e5 skyte den britiske sangeren under hans konsert i Ottawa, skriver <a href=\"https:\/\/pitchfork.com\/news\/morrissey-cancels-concerts-as-canadian-man-is-charged-with-online-death-threats-against-him\/\" class=\"_link_ew2ao_39\" rel=\"nofollow noopener\" target=\"_blank\">Pitchfork<\/a>.<\/p>\n<p class=\"_paragraph_ew2ao_4 _paragraph_xtcu6_10 layout-component text-serif-m layout-normal text-serif-m layout-padded\">Der skrev han blant annet at han planla \u00e5 v\u00e6re til stede blant publikum og skyte <a href=\"https:\/\/www.vg.no\/tag\/morrissey?utm_source=vg-article&amp;utm_medium=auto-tagger&amp;utm_campaign=25EGjy\" class=\"_link_ew2ao_39\" rel=\"nofollow noopener\" target=\"_blank\">Morrissey<\/a> \u00abflere ganger med et sv\u00e6rt stort v\u00e5pen\u00bb under konserten 12. september. <\/p>\n<p class=\"_paragraph_ew2ao_4 _paragraph_xtcu6_10 layout-component text-serif-m layout-normal text-serif-m layout-padded\">Til tross for at konserten i Ottawa ble gjennomf\u00f8rt som planlagt, har de konsertene i Connecticut og Massachusetts blitt avlyst. \u00c5rsaken oppgis \u00e5 v\u00e6re \u00abde siste hendelser og av sikkerhetshensyn for b\u00e5de artisten og bandet\u00bb. Konsertene skulle holdes fredag og l\u00f8rdag.<\/p>\n<p class=\"_paragraph_ew2ao_4 _paragraph_xtcu6_10 layout-component text-serif-m layout-normal text-serif-m layout-padded\">66-\u00e5ringen skal etter planen spille konserter over hele USA den neste m\u00e5neden.<\/p>\n","protected":false},"excerpt":{"rendered":"Artisten Morrissey (66) avlyser flere konserter i USA og Canada etter at en 26 \u00e5r gammel mann har&hellip;\n","protected":false},"author":2,"featured_media":40331,"comment_status":"","ping_status":"","sticky":false,"template":"","format":"standard","meta":{"footnotes":""},"categories":[58],"tags":[71,6384,30,28,29,72],"class_list":{"0":"post-40330","1":"post","2":"type-post","3":"status-publish","4":"format-standard","5":"has-post-thumbnail","7":"category-underholdning","8":"tag-entertainment","9":"tag-morrissey","10":"tag-no","11":"tag-norge","12":"tag-norway","13":"tag-underholdning"},"share_on_mastodon":{"url":"","error":""},"_links":{"self":[{"href":"https:\/\/www.europesays.com\/no\/wp-json\/wp\/v2\/posts\/40330","targetHints":{"allow":["GET"]}}],"collection":[{"href":"https:\/\/www.europesays.com\/no\/wp-json\/wp\/v2\/posts"}],"about":[{"href":"https:\/\/www.europesays.com\/no\/wp-json\/wp\/v2\/types\/post"}],"author":[{"embeddable":true,"href":"https:\/\/www.europesays.com\/no\/wp-json\/wp\/v2\/users\/2"}],"replies":[{"embeddable":true,"href":"https:\/\/www.europesays.com\/no\/wp-json\/wp\/v2\/comments?post=40330"}],"version-history":[{"count":0,"href":"https:\/\/www.europesays.com\/no\/wp-json\/wp\/v2\/posts\/40330\/revisions"}],"wp:featuredmedia":[{"embeddable":true,"href":"https:\/\/www.europesays.com\/no\/wp-json\/wp\/v2\/media\/40331"}],"wp:attachment":[{"href":"https:\/\/www.europesays.com\/no\/wp-json\/wp\/v2\/media?parent=40330"}],"wp:term":[{"taxonomy":"category","embeddable":true,"href":"https:\/\/www.europesays.com\/no\/wp-json\/wp\/v2\/categories?post=40330"},{"taxonomy":"post_tag","embeddable":true,"href":"https:\/\/www.europesays.com\/no\/wp-json\/wp\/v2\/tags?post=40330"}],"curies":[{"name":"wp","href":"https:\/\/api.w.org\/{rel}","templated":true}]}}