{"id":40582,"date":"2025-09-20T15:04:10","date_gmt":"2025-09-20T15:04:10","guid":{"rendered":"https:\/\/www.europesays.com\/no\/40582\/"},"modified":"2025-09-20T15:04:10","modified_gmt":"2025-09-20T15:04:10","slug":"ambulansearbeider-dod-etter-overfall-i-sverige-mann-pagrepet-for-drap","status":"publish","type":"post","link":"https:\/\/www.europesays.com\/no\/40582\/","title":{"rendered":"Ambulansearbeider d\u00f8d etter overfall i Sverige \u2013 mann p\u00e5grepet for drap"},"content":{"rendered":"\n<p class=\"_lead_ew2ao_2 _lead_xtcu6_50 layout-component text-serif-m layout-normal text-serif-l layout-component layout-wide layout-padded _wide_17hqh_1 layout-padded\">L\u00f8rdag d\u00f8de en ambulansearbeider av skadene etter et overfall i Nordanstig i Sverige. <\/p>\n<p><img alt=\"Politiet p\u00e5 stedet hvor overfallet skjedde. Foto: Mats Andersson\/TT \/ TT Nyhetsbyr\u00e5n \/ NTB\" class=\"_image_qp4xg_65 layout-component layout-wide\" data-fullscreen- data-track-element-type=\"Article image fullscreen\" data-track-name=\"ImageFullscreen\" fetchpriority=\"high\" decoding=\"sync\" loading=\"eager\" height=\"4000\" itemprop=\"image\"  src=\"https:\/\/www.europesays.com\/no\/wp-content\/uploads\/2025\/09\/d1fb49f4-0223-49a4-b8e4-2fbfade11988\"  style=\"object-position:0% 0%\" width=\"6000\"\/>Politiet p\u00e5 stedet hvor overfallet skjedde. Foto: Mats Andersson\/TT \/ TT Nyhetsbyr\u00e5n \/ NTB<\/p>\n<ul aria-hidden=\"true\" class=\"_images_1y6fe_106\">\n<li><a class=\"_link_1y6fe_111\" href=\"https:\/\/www.vg.no\/forfatter\/harpreet-kaur-nijjer\" style=\"z-index:2\" title=\"Harpreet Kaur Nijjer\" rel=\"nofollow noopener\" target=\"_blank\"><img alt=\"Bilde av Harpreet Kaur Nijjer\" class=\"_image_1y6fe_88\" fetchpriority=\"low\" loading=\"lazy\" decoding=\"async\" itemprop=\"image\"  src=\"https:\/\/www.europesays.com\/no\/wp-content\/uploads\/2025\/09\/1758380648_78_9915841b-33cb-470f-8ab4-1d1650cff10e\"  width=\"480\"\/><\/a><\/li>\n<li><a class=\"_link_1y6fe_111\" href=\"https:\/\/www.vg.no\/forfatter\/ntb\" style=\"z-index:1\" title=\"NTB\" rel=\"nofollow noopener\" target=\"_blank\"><img alt=\"Bilde av NTB\" class=\"_image_1y6fe_88\" fetchpriority=\"low\" loading=\"lazy\" decoding=\"async\" itemprop=\"image\"  src=\"https:\/\/www.europesays.com\/no\/wp-content\/uploads\/2025\/09\/1758380649_95_c33980b0-5d07-4027-84a1-813f90a7c8d6\"  width=\"480\"\/><\/a><\/li>\n<\/ul>\n<p> Oppdatert l\u00f8rdag 20. september kl. 17:03     <\/p>\n<p class=\"_paragraph_ew2ao_4 _paragraph_xtcu6_10 layout-component text-serif-m layout-normal text-serif-m layout-padded\">En 25 \u00e5r gammel mann er mistenkt for drap og ble p\u00e5grepet i en bolig i n\u00e6rheten av \u00e5stedet. <\/p>\n<p class=\"_paragraph_ew2ao_4 _paragraph_xtcu6_10 layout-component text-serif-m layout-normal text-serif-m layout-padded\">Overfallet skjedde i Nordanstig kommune, nord for Stockholm. <\/p>\n<p class=\"_paragraph_ew2ao_4 _paragraph_xtcu6_10 layout-component text-serif-m layout-normal text-serif-m layout-padded\">Det ble brukt en skarp gjenstand under overfallet, som ble meldt om klokken 11.30 l\u00f8rdag formiddag, if\u00f8lge politiet. <\/p>\n<p class=\"_paragraph_ew2ao_4 _paragraph_xtcu6_10 layout-component text-serif-m layout-normal text-serif-m layout-padded\">Ambulansearbeideren ble fraktet til sykehus, men d\u00f8de som f\u00f8lge av skadene, skriver <a href=\"https:\/\/www.svt.se\/nyheter\/lokalt\/gavleborg\/grovt-valdsbrott-i-nordanstig\" class=\"_link_ew2ao_39\" rel=\"nofollow noopener\" target=\"_blank\">SVT Nyheter<\/a>.<\/p>\n<p class=\"_paragraph_ew2ao_4 _paragraph_xtcu6_10 layout-component text-serif-m layout-normal text-serif-m layout-padded\">De p\u00e5r\u00f8rende er varslet. <\/p>\n<p><img alt=\"Foto: Mats Andersson\/TT \/ TT Nyhetsbyr\u00e5n \/ NTB\" class=\"_image_qp4xg_65 layout-component layout-normal\" data-fullscreen- data-track-element-type=\"Article image fullscreen\" data-track-name=\"ImageFullscreen\" decoding=\"async\" loading=\"lazy\" height=\"3029\" itemprop=\"image\"  src=\"https:\/\/www.europesays.com\/no\/wp-content\/uploads\/2025\/09\/d495ee54-9dac-4d38-bfaa-55a3b8a36d8c\"  style=\"object-position:0% 0%\" width=\"3698\"\/>Foto: Mats Andersson\/TT \/ TT Nyhetsbyr\u00e5n \/ NTB<\/p>\n<p class=\"_paragraph_ew2ao_4 _paragraph_xtcu6_10 layout-component text-serif-m layout-normal text-serif-m layout-padded\">Politiet rykket ut til stedet med store ressurser, og beboere i omr\u00e5det ble bedt om \u00e5 holde seg innend\u00f8rs. <\/p>\n<p class=\"_paragraph_ew2ao_4 _paragraph_xtcu6_10 layout-component text-serif-m layout-normal text-serif-m layout-padded\">Ingen andre skal ha blitt skadet i hendelsen, if\u00f8lge den svenske kringkasteren. <\/p>\n<p class=\"_paragraph_ew2ao_4 _paragraph_xtcu6_10 layout-component text-serif-m layout-normal text-serif-m layout-padded\">I en kommentar til SVT sier den svenske helseministeren, Elisabet Lann, at regjeringen f\u00f8lger med p\u00e5 sakens utvikling. <\/p>\n<p><img alt=\"Foto: Nicklas Thegerstr\u00f6m\/TT \/ TT Nyhetsbyr\u00e5n \/ NTB\" class=\"_image_qp4xg_65 layout-component layout-normal\" data-fullscreen- data-track-element-type=\"Article image fullscreen\" data-track-name=\"ImageFullscreen\" decoding=\"async\" loading=\"lazy\" height=\"2656\" itemprop=\"image\"  src=\"https:\/\/www.europesays.com\/no\/wp-content\/uploads\/2025\/09\/bb6c4fec-4c71-4531-9f4f-5bd53d395456\"  style=\"object-position:0% 0%\" width=\"3984\"\/>Foto: Nicklas Thegerstr\u00f6m\/TT \/ TT Nyhetsbyr\u00e5n \/ NTB<\/p>\n<p class=\"_paragraph_ew2ao_4 _paragraph_xtcu6_10 layout-component text-serif-m layout-normal text-serif-m layout-padded\">\u2013 Mine tanker g\u00e5r f\u00f8rst og fremst til p\u00e5r\u00f8rende og kolleger. Politiet jobber n\u00e5 med \u00e5 etterforske hva som skjedde. Myndighetene har ingen ytterligere informasjon p\u00e5 dette tidspunktet, sier hun.<\/p>\n<p class=\"_paragraph_ew2ao_4 _paragraph_xtcu6_10 layout-component text-serif-m layout-normal text-serif-m layout-padded\">Pressetalsperson for det gjeldende politidistriktet, Maria Hall, sier at boligen som den p\u00e5grepne mannen ble funnet i er sperret av i p\u00e5vente av videre etterforskningstiltak. <\/p>\n<p class=\"_paragraph_ew2ao_4 _paragraph_xtcu6_10 layout-component text-serif-m layout-normal text-serif-m layout-padded\">Blant annet vil politiet se om det kan sikres spor. <\/p>\n<p><img alt=\"Foto: Mats Andersson\/TT \/ TT Nyhetsbyr\u00e5n \/ NTB\" class=\"_image_qp4xg_65 layout-component layout-normal\" data-fullscreen- data-track-element-type=\"Article image fullscreen\" data-track-name=\"ImageFullscreen\" decoding=\"async\" loading=\"lazy\" height=\"2428\" itemprop=\"image\"  src=\"https:\/\/www.europesays.com\/no\/wp-content\/uploads\/2025\/09\/55dfd430-c5b4-44ac-9ced-f6f388ae6922\"  style=\"object-position:0% 0%\" width=\"3689\"\/>Foto: Mats Andersson\/TT \/ TT Nyhetsbyr\u00e5n \/ NTB    <\/p>\n","protected":false},"excerpt":{"rendered":"L\u00f8rdag d\u00f8de en ambulansearbeider av skadene etter et overfall i Nordanstig i Sverige. Politiet p\u00e5 stedet hvor overfallet&hellip;\n","protected":false},"author":2,"featured_media":40583,"comment_status":"","ping_status":"","sticky":false,"template":"","format":"standard","meta":{"footnotes":""},"categories":[5],"tags":[20,21,377,24,25,15,19,22,23,17,18,13,30,28,29,14,16,468,1359,26,27],"class_list":{"0":"post-40582","1":"post","2":"type-post","3":"status-publish","4":"format-standard","5":"has-post-thumbnail","7":"category-overskrifter","8":"tag-breaking-news","9":"tag-breakingnews","10":"tag-drap","11":"tag-featured-news","12":"tag-featurednews","13":"tag-headlines","14":"tag-hovedoppslag","15":"tag-latest-news","16":"tag-latestnews","17":"tag-main-news","18":"tag-mainnews","19":"tag-news","20":"tag-no","21":"tag-norge","22":"tag-norway","23":"tag-nyheter","24":"tag-overskrifter","25":"tag-politiet","26":"tag-sverige","27":"tag-top-stories","28":"tag-topstories"},"share_on_mastodon":{"url":"","error":""},"_links":{"self":[{"href":"https:\/\/www.europesays.com\/no\/wp-json\/wp\/v2\/posts\/40582","targetHints":{"allow":["GET"]}}],"collection":[{"href":"https:\/\/www.europesays.com\/no\/wp-json\/wp\/v2\/posts"}],"about":[{"href":"https:\/\/www.europesays.com\/no\/wp-json\/wp\/v2\/types\/post"}],"author":[{"embeddable":true,"href":"https:\/\/www.europesays.com\/no\/wp-json\/wp\/v2\/users\/2"}],"replies":[{"embeddable":true,"href":"https:\/\/www.europesays.com\/no\/wp-json\/wp\/v2\/comments?post=40582"}],"version-history":[{"count":0,"href":"https:\/\/www.europesays.com\/no\/wp-json\/wp\/v2\/posts\/40582\/revisions"}],"wp:featuredmedia":[{"embeddable":true,"href":"https:\/\/www.europesays.com\/no\/wp-json\/wp\/v2\/media\/40583"}],"wp:attachment":[{"href":"https:\/\/www.europesays.com\/no\/wp-json\/wp\/v2\/media?parent=40582"}],"wp:term":[{"taxonomy":"category","embeddable":true,"href":"https:\/\/www.europesays.com\/no\/wp-json\/wp\/v2\/categories?post=40582"},{"taxonomy":"post_tag","embeddable":true,"href":"https:\/\/www.europesays.com\/no\/wp-json\/wp\/v2\/tags?post=40582"}],"curies":[{"name":"wp","href":"https:\/\/api.w.org\/{rel}","templated":true}]}}