{"id":40637,"date":"2025-09-20T16:14:23","date_gmt":"2025-09-20T16:14:23","guid":{"rendered":"https:\/\/www.europesays.com\/no\/40637\/"},"modified":"2025-09-20T16:14:23","modified_gmt":"2025-09-20T16:14:23","slug":"setter-kongelige-plikter-pa-vent","status":"publish","type":"post","link":"https:\/\/www.europesays.com\/no\/40637\/","title":{"rendered":"Setter kongelige plikter p\u00e5 vent"},"content":{"rendered":"<p class=\"kicker \" style=\"\">Kronprinsesse Mette-Marit:<\/p>\n<p>  Kronprinsessen setter de kongelige pliktene p\u00e5 vent.<\/p>\n<p>\n    SYK: Det var for sju \u00e5r siden kronprinsesse Mette-Marit fortalte at hun hadde f\u00e5tt p\u00e5vist den kroniske sykdommen lungefibrose. Foto: Andreas Fadum\n  <\/p>\n<p>Behandling\t<\/p>\n<p>Fra starten av oktober skal kronprinsesse Mette-Marit delta i et fire ukers lungerehabiliteringsopplegg i Norge.<\/p>\n<p>    <a itemprop=\"url\" href=\"https:\/\/www.seher.no\/kjendis\/dukket-opp-med-flyttebiler\/83614841\" rel=\"nofollow noopener\" target=\"_blank\"><\/p>\n<p>      <img loading=\"lazy\" decoding=\"async\" src=\"https:\/\/www.europesays.com\/no\/wp-content\/uploads\/2025\/09\/1758384862_780_83615411.webp\" width=\"980\" height=\"441\" title=\"Dukket opp med flyttebiler\" alt=\"\" class=\"lazyload\" style=\"--aspect-ratio-image: 2.22; \"\/><\/p>\n<p>        Dukket opp med flyttebiler<\/p>\n<p>    <\/a><\/p>\n<p>Som f\u00f8lge av dette vil hun ikke ha offisielle oppdrag i l\u00f8pet av oktober, med noen f\u00e5 unntak, blant annet stortingsmiddagen p\u00e5 Slottet 23. oktober.<\/p>\n<p>Etter planen vil kronprinsessen ta opp igjen sine offisielle plikter i november. Det kommer frem i en pressemelding fra Slottet.\u00a0<\/p>\n<p>          <img loading=\"lazy\" decoding=\"async\" src=\"https:\/\/www.europesays.com\/no\/wp-content\/uploads\/2025\/09\/83615789.webp\" width=\"686\" height=\"460\" title=\"PREGER KONGEUSET: Kronprinsesse Mette-Marits helsesituasjon p\u00e5virker hennes mulighet til \u00e5 utf\u00f8re offisielle plikter, noe som medf\u00f8rer at kronprinsen i st\u00f8rre grad overtar flere av oppgavene. Foto: Cornelius Poppe \/ NTB\" alt=\"\" class=\"\" style=\"--aspect-ratio-image: 1.49; \"\/><\/p>\n<p>\n          PREGER KONGEUSET: Kronprinsesse Mette-Marits helsesituasjon p\u00e5virker hennes mulighet til \u00e5 utf\u00f8re offisielle plikter, noe som medf\u00f8rer at kronprinsen i st\u00f8rre grad overtar flere av oppgavene. Foto: Cornelius Poppe \/ NTB\n      <\/p>\n<p> <a href=\"https:\/\/www.seher.no\/kongelig\/trosser-sykdommen\/83144270\" rel=\"nofollow noopener\" target=\"_blank\">Kronprinsesse Mette-Marit ble i 2018<\/a> diagnostisert med den kroniske lungesykdommen lungefibrose, som for\u00e5rsaker betennelse og arrdannelse i lungevevet, noe som gj\u00f8r det vanskeligere \u00e5 puste. <\/p>\n<p>  Caroline Vagle, kongehusekspert i Se og H\u00f8r, p\u00e5peker at kronprinsessens helsesituasjon har merkbar innvirkning p\u00e5 kongehuset. <\/p>\n<p>          <img loading=\"lazy\" decoding=\"async\" src=\"https:\/\/www.europesays.com\/no\/wp-content\/uploads\/2025\/09\/83615829.webp\" width=\"686\" height=\"460\" title=\"TROSSER SYKDOMMEN: Til tross for et forverret sykdomsbilde har kronprinsesse Mette-Marit v\u00e6rt ute p\u00e5 en rekke offisielle oppdrag den siste tiden. Foto: Silje Katrine Robinson \/ NTB\" alt=\"\" class=\"\" style=\"--aspect-ratio-image: 1.49; \"\/><\/p>\n<p>\n          TROSSER SYKDOMMEN: Til tross for et forverret sykdomsbilde har kronprinsesse Mette-Marit v\u00e6rt ute p\u00e5 en rekke offisielle oppdrag den siste tiden. Foto: Silje Katrine Robinson \/ NTB\n      <\/p>\n<p>    <a itemprop=\"url\" href=\"https:\/\/www.seher.no\/kjendis\/hva-skjedde-na\/83614903\" rel=\"nofollow noopener\" target=\"_blank\"><\/p>\n<p>      <img loading=\"lazy\" decoding=\"async\" src=\"https:\/\/www.europesays.com\/no\/wp-content\/uploads\/2025\/09\/1758384863_816_83614375.webp\" width=\"980\" height=\"441\" title=\"- Hva skjedde n\u00e5?\" alt=\"\" class=\"lazyload\" style=\"--aspect-ratio-image: 2.22; \"\/><\/p>\n<p>        &#8211; Hva skjedde n\u00e5?<\/p>\n<p>    <\/a><\/p>\n<p>Preger kongehuset\t<\/p>\n<p>&#8211; Kronprinsessen har hele veien v\u00e6rt \u00e5pen om sin sykdom, og det synes jeg er veldig bra. Da unng\u00e5r hun spekulasjoner , og hun er med p\u00e5 \u00e5 gj\u00f8re det lettere for andre \u00e5 snakke om helse. Meldingen om rehabilitering er i tr\u00e5d med hvordan hun hele tiden har oppdatert oss p\u00e5 sykdommen sin, sier Vagle.<\/p>\n<p>          <img loading=\"lazy\" decoding=\"async\" src=\"https:\/\/www.europesays.com\/no\/wp-content\/uploads\/2025\/09\/83615930.webp\" width=\"686\" height=\"913\" title=\"EKSPERT: Kongehusekspert Caroline Vagle mener Mette-Marits \u00e5penhet om sykdommen har gjort det lettere \u00e5 forst\u00e5 situasjonen, og peker p\u00e5 at kronprinsens rolle blir stadig viktigere. Foto: Caroline Vagle\" alt=\"\" class=\"\" style=\"--aspect-ratio-image: 0.75; \"\/><\/p>\n<p>\n          EKSPERT: Kongehusekspert Caroline Vagle mener Mette-Marits \u00e5penhet om sykdommen har gjort det lettere \u00e5 forst\u00e5 situasjonen, og peker p\u00e5 at kronprinsens rolle blir stadig viktigere. Foto: Caroline Vagle\n      <\/p>\n<p>Hun legger til:\u00a0<\/p>\n<p>&#8211; I mars kom nyheten om at sykdommen har forverret seg, s\u00e5 s\u00e5nn sett er det ikke s\u00e5 overraskende at hun skal i behandling. La oss h\u00e5pe det har god effekt! Det er ingen tvil om at sykdommen hennes, preger kongehuset.<\/p>\n<p>&#8211; Hun har ikke samme arbeidskapasitet, og det gj\u00f8r at det faller mye mer p\u00e5 ektemannen. Selv om han har stor kapasitet, kan han ikke jobbe for alle. Noe som kan f\u00f8re til at kongehuset blir mindre synlig, avslutter hun.<\/p>\n<p>    Dette er lungefibrose<\/p>\n<ul>\n<li class=\"lab-bodytext-line\">Lungefibrose er en kronisk sykdom som kan behandles, men ikke helbredes, og man m\u00e5 leve med den over tid.<\/li>\n<\/ul>\n<ul>\n<li class=\"lab-bodytext-line\">Sykdommen omfatter flere sjeldne lungesykdommer som gir \u00f8kt bindevevsdannelse og arrvev i lungene, noe som gj\u00f8r lungene stive og reduserer oksygenopptaket.<\/li>\n<\/ul>\n<ul>\n<li class=\"lab-bodytext-line\">Det finnes to hovedtyper: \u00e9n som skyldes kronisk betennelse med ulike \u00e5rsaker, og \u00e9n idiopatisk type uten kjent \u00e5rsak.<\/li>\n<\/ul>\n<ul>\n<li class=\"lab-bodytext-line\">Sykdomsutvikling og behandling varierer avhengig av hvilken type lungefibrose man har.<\/li>\n<p class=\"lab-bodytext-line\">Kilde: <a href=\"https:\/\/www.helsenorge.no\/sykdom\/lunger-og-luftveier\/lungefibrose\/\" rel=\"nofollow noopener\" target=\"_blank\">Helsenorge<\/a><\/p>\n<\/ul>\n<p>      Vis mer<br \/>\n      Vis mindre<\/p>\n<p>Rehabilitering\t<\/p>\n<p> Mette-Marit skal trolig f\u00e5 behandling ved lungeavdelingen p\u00e5 Rikshospitalet, hvor kongefamilien g\u00e5r.\u00a0<\/p>\n<p>Riskhospitalet ligger under Ullv\u00e5l sykehus, og p\u00e5 sine nettsider st\u00e5r det hva et lungerehabilietringskurs inneholder:<\/p>\n<p>          <img loading=\"lazy\" decoding=\"async\" src=\"https:\/\/www.europesays.com\/no\/wp-content\/uploads\/2025\/09\/83616129.webp\" width=\"686\" height=\"460\" title=\"P\u00c5 JOBB: Kronprinsesse Mette-Marit og prinsesse Ingrid Alexandra under minnemarkeringen p\u00e5 Ut\u00f8ya, 10 \u00e5r etter terrorangrepet 22. Juli 2011. Foto: Torstein B\u00f8e \/ NTB\" alt=\"\" class=\"\" style=\"--aspect-ratio-image: 1.49; \"\/><\/p>\n<p>\n          P\u00c5 JOBB: Kronprinsesse Mette-Marit og prinsesse Ingrid Alexandra under minnemarkeringen p\u00e5 Ut\u00f8ya, 10 \u00e5r etter terrorangrepet 22. Juli 2011. Foto: Torstein B\u00f8e \/ NTB\n      <\/p>\n<p>\u00abLungerehabiliteringskurs er et tilbud til voksne med kols og\/eller astma. M\u00e5let med rehabiliteringen er \u00e5 gi deg \u00f8kt kunnskap, bedre ditt funksjonsniv\u00e5 (fysisk, psykisk og sosialt) og bidra til at du kan mestre hverdagen best mulig med lungesykdom.\u00bb<\/p>\n<p>    <a itemprop=\"url\" href=\"https:\/\/www.seher.no\/kjendis\/hun-er-den-aggressive\/83600403\" rel=\"nofollow noopener\" target=\"_blank\"><\/p>\n<p>      <img loading=\"lazy\" decoding=\"async\" src=\"https:\/\/www.europesays.com\/no\/wp-content\/uploads\/2025\/09\/83600454.webp\" width=\"980\" height=\"441\" title=\"- Hun er den aggressive\" alt=\"\" class=\"lazyload\" style=\"--aspect-ratio-image: 2.22; \"\/><\/p>\n<p>        &#8211; Hun er den aggressive<\/p>\n<p>    <\/a><\/p>\n<p>Kurset g\u00e5r over seks uker med kursdager hver mandag og onsdag. <\/p>\n<p class=\"font-weight-bold m-font-weight-bold\" data-lab-font_weight=\"font-weight-bold\">Dette inng\u00e5r i kurset:\u00a0<\/p>\n<ul>\n<li>Individuell kartlegging.<\/li>\n<li>Undervisning i grupper p\u00e5 opptil \u00e5tte personer. Vi snakker om sykdomsl\u00e6re, medisinering, pust- og slimproblematikk, f\u00f8lelsesmessige reaksjoner, livsstilsendring, inneklima, ern\u00e6ring og mestring av hverdagen med lungesykdom.<\/li>\n<li>Trening tilpasset lungesyke hver kursdag.<\/li>\n<li>Individuell oppf\u00f8lging hos sosionom\/ ergoterapeut\/ sykepleier\/ fysioterapeut\/ r\u00f8ykesluttveileder ved behov.<\/li>\n<li>Alle kursdeltakere f\u00e5r time hos lungelege underveis i kurset med oppl\u00e6ring i egenmedisinering.<\/li>\n<\/ul>\n","protected":false},"excerpt":{"rendered":"Kronprinsesse Mette-Marit: Kronprinsessen setter de kongelige pliktene p\u00e5 vent. SYK: Det var for sju \u00e5r siden kronprinsesse Mette-Marit&hellip;\n","protected":false},"author":2,"featured_media":40638,"comment_status":"","ping_status":"","sticky":false,"template":"","format":"standard","meta":{"footnotes":""},"categories":[5],"tags":[20,21,24,25,15,19,479,76,2293,22,23,17,18,4072,13,30,28,29,14,16,26,27],"class_list":{"0":"post-40637","1":"post","2":"type-post","3":"status-publish","4":"format-standard","5":"has-post-thumbnail","7":"category-overskrifter","8":"tag-breaking-news","9":"tag-breakingnews","10":"tag-featured-news","11":"tag-featurednews","12":"tag-headlines","13":"tag-hovedoppslag","14":"tag-kjendis","15":"tag-kongelig","16":"tag-kronprinsesse-mette-marit","17":"tag-latest-news","18":"tag-latestnews","19":"tag-main-news","20":"tag-mainnews","21":"tag-mette-marit","22":"tag-news","23":"tag-no","24":"tag-norge","25":"tag-norway","26":"tag-nyheter","27":"tag-overskrifter","28":"tag-top-stories","29":"tag-topstories"},"share_on_mastodon":{"url":"","error":""},"_links":{"self":[{"href":"https:\/\/www.europesays.com\/no\/wp-json\/wp\/v2\/posts\/40637","targetHints":{"allow":["GET"]}}],"collection":[{"href":"https:\/\/www.europesays.com\/no\/wp-json\/wp\/v2\/posts"}],"about":[{"href":"https:\/\/www.europesays.com\/no\/wp-json\/wp\/v2\/types\/post"}],"author":[{"embeddable":true,"href":"https:\/\/www.europesays.com\/no\/wp-json\/wp\/v2\/users\/2"}],"replies":[{"embeddable":true,"href":"https:\/\/www.europesays.com\/no\/wp-json\/wp\/v2\/comments?post=40637"}],"version-history":[{"count":0,"href":"https:\/\/www.europesays.com\/no\/wp-json\/wp\/v2\/posts\/40637\/revisions"}],"wp:featuredmedia":[{"embeddable":true,"href":"https:\/\/www.europesays.com\/no\/wp-json\/wp\/v2\/media\/40638"}],"wp:attachment":[{"href":"https:\/\/www.europesays.com\/no\/wp-json\/wp\/v2\/media?parent=40637"}],"wp:term":[{"taxonomy":"category","embeddable":true,"href":"https:\/\/www.europesays.com\/no\/wp-json\/wp\/v2\/categories?post=40637"},{"taxonomy":"post_tag","embeddable":true,"href":"https:\/\/www.europesays.com\/no\/wp-json\/wp\/v2\/tags?post=40637"}],"curies":[{"name":"wp","href":"https:\/\/api.w.org\/{rel}","templated":true}]}}