{"id":40687,"date":"2025-09-20T17:38:20","date_gmt":"2025-09-20T17:38:20","guid":{"rendered":"https:\/\/www.europesays.com\/no\/40687\/"},"modified":"2025-09-20T17:38:20","modified_gmt":"2025-09-20T17:38:20","slug":"eksplosiv-pagang-etter-rentekuttet","status":"publish","type":"post","link":"https:\/\/www.europesays.com\/no\/40687\/","title":{"rendered":"Eksplosiv p\u00e5gang etter rentekuttet"},"content":{"rendered":"<p class=\"kicker \" style=\"\">Eksplosiv p\u00e5gang:<\/p>\n<p>  Ettersp\u00f8rselen etter finansieringsbevis \u00f8ker og flere vil flytte l\u00e5nene sine. Det er konsevenser av rentekuttet. Ogs\u00e5 boligmarkedet p\u00e5virkes.\u00a0<\/p>\n<p>\n    RENTEKUTT: Prisen p\u00e5 sm\u00e5 leiligheter i Oslo er trolig p\u00e5 vei oppover, tror Eiendom Norge. Foto: Lars Eivind Bones \/ Dagbladet.\n  <\/p>\n<p>    Kort fortalt<\/p>\n<p lang=\"nb-NO\">Norges Bank har kuttet styringsrenta med 25 basispunkter, noe som forventes \u00e5 gi mer fart i boligmarkedet.<\/p>\n<p lang=\"nb-NO\">Eiendom Norge-sjef Henning Lauridsen forventer en prisoppgang p\u00e5 2-2,5 prosent nasjonalt, i l\u00f8pet av et \u00e5r, med Oslo som en stor bidragsyter.<\/p>\n<p lang=\"nb-NO\">Nordea har opplevd en 25 prosent \u00f8kning i henvendelser etter rentekuttet, og oppbemanner for \u00e5 svare.<\/p>\n<p lang=\"nb-NO\">Ogs\u00e5 DNB og Sbanken har m\u00e5ttet \u00abjustere bemanningen\u00bb for \u00e5 ta unna k\u00f8ene.<\/p>\n<p lang=\"nb-NO\">Sparebank1 forventer \u00f8kt ettersp\u00f8rsel fremover.<\/p>\n<p class=\"italic ai-disclaimer\" data-lab-italic=\"italic\">Sammendraget er laget av ChatGPT og godkjent av B\u00f8rsen.<\/p>\n<p>      Vis mer<br \/>\n      Vis mindre<\/p>\n<p>Norges Bank kuttet torsdag styringsrenta (utl\u00e5nsrenta til bankene) med 25 basispunkter, eller et kvart prosentpoeng. Flere banker f\u00f8lger etter, noe som kan f\u00f8re til mer fart i boligmarkedet.<\/p>\n<p>    <a itemprop=\"url\" href=\"https:\/\/borsen.dagbladet.no\/video\/advarer-mot-bank-grep\/2Z7uabLm\" rel=\"nofollow noopener\" target=\"_blank\"><\/p>\n<p>      <img loading=\"lazy\" decoding=\"async\" src=\"https:\/\/www.europesays.com\/no\/wp-content\/uploads\/2025\/09\/83618074.webp\" width=\"980\" height=\"441\" title=\"Advarer mot bank-grep\" alt=\"\" class=\"lazyload\" style=\"--aspect-ratio-image: 2.22; \"\/><\/p>\n<p>        Advarer mot bank-grep<\/p>\n<p>    <\/a><\/p>\n<p>Eiendom Norge-sjef Henning Lauridsen bekrefter at det \u00abdefinitivt\u00bb er mer fart i boligmarkedet n\u00e5. Han tror rentekuttet isolert sett vil bety en ekstra prisoppgang p\u00e5 landsbasis p\u00e5 2-2,5 prosent i l\u00f8pet av et \u00e5r. Oslo kan ta mye av denne prisoppgangen, tror han, fordi \u00abOslo er mest rentef\u00f8lsomt\u00bb.<\/p>\n<p>&#8211; Vi skal huske p\u00e5 at vi er inne i en tid med historisk store forskjeller. P\u00e5 Vestlandet har det v\u00e6rt fart i boligmarkedet lenge. N\u00e5 kommer Oslo etter.<\/p>\n<p>Lauridsen tror markedet for sm\u00e5 leiligheter vil bevege seg mest oppover, mens eneboliger og dyre leiligheter vil ligge noks\u00e5 stille prismessig.<\/p>\n<p>          <img loading=\"lazy\" decoding=\"async\" src=\"https:\/\/www.europesays.com\/no\/wp-content\/uploads\/2025\/09\/83617678.webp\" width=\"686\" height=\"392\" title=\"SER \u00d8KNING: - Jeg tror vi vil se en \u00f8kning i ettersp\u00f8rselen etter finansieringsbevis, sier Eiendom Norge-sjef, Henning Lauridsen. Foto: Johnny Vaet Nordskog.\" alt=\"\" class=\"\" style=\"--aspect-ratio-image: 1.75; \"\/><\/p>\n<p>\n          SER \u00d8KNING: &#8211; Jeg tror vi vil se en \u00f8kning i ettersp\u00f8rselen etter finansieringsbevis, sier Eiendom Norge-sjef, Henning Lauridsen. Foto: Johnny Vaet Nordskog.\n      <\/p>\n<p>&#8211; Vi vil nok se en \u00f8kning i ettersp\u00f8rselen etter finansieringsbevis. Om det ikke kommer med det samme, vil den nok komme etterhvert, sier han, og minner samtidig om at renteniv\u00e5et fortsatt ligger over der det l\u00e5 i \u00e5ra etter finanskrisen.<\/p>\n<p>Ser \u00f8kt ettersp\u00f8rsel\t<\/p>\n<p>Nordea kom torsdag raskt p\u00e5 banen og varslet at banken kutter sine utl\u00e5nsrenter med 0,25 prosentpoeng.\u00a0Nyheten fikk bred dekning i media.\u00a0<\/p>\n<p>          <img loading=\"lazy\" decoding=\"async\" src=\"https:\/\/www.europesays.com\/no\/wp-content\/uploads\/2025\/09\/83617725.webp\" width=\"980\" height=\"559\" title=\"SER \u00d8KNING: Nordea var raskt ute med melding om rentekutt og fikk mange flere henvendelser om l\u00e5n, forteller pressesjef Cathrine Graff. Foto: Nordea\" alt=\"\" class=\"\" style=\"--aspect-ratio-image: 1.75; \"\/><\/p>\n<p>\n          SER \u00d8KNING: Nordea var raskt ute med melding om rentekutt og fikk mange flere henvendelser om l\u00e5n, forteller pressesjef Cathrine Graff. Foto: Nordea\n      <\/p>\n<p>&#8211; Siden rentekuttet ble kjent i g\u00e5r har vi hatt rundt 25 prosent flere henvendelser enn vanlig. Dette er b\u00e5de kunder i andre banker som \u00f8nsker en prat om \u00e5 flytte l\u00e5net til Nordea og betingelser de kan f\u00e5, og eksisterende kunder som vil vite hva rentekuttet vil bety for dem, sier pressesjef Cathrine Graff til Dagbladet B\u00f8rsen.\u00a0<\/p>\n<p>Hun legger til:<\/p>\n<p>&#8211; Av kunder som vurderer \u00e5 flytte l\u00e5net til Nordea, er det tre ganger flere henvendelser enn p\u00e5 en vanlig dag.\u00a0<\/p>\n<p>    <a itemprop=\"url\" href=\"https:\/\/borsen.dagbladet.no\/nyheter\/renta-kuttes\/83609696\" rel=\"nofollow noopener\" target=\"_blank\"><\/p>\n<p>      <img loading=\"lazy\" decoding=\"async\" src=\"https:\/\/www.europesays.com\/no\/wp-content\/uploads\/2025\/09\/83591339.webp\" width=\"980\" height=\"441\" title=\"Renta kuttes\" alt=\"\" class=\"lazyload\" style=\"--aspect-ratio-image: 2.22; \"\/><\/p>\n<p>        Renta kuttes<\/p>\n<p>    <\/a><\/p>\n<p>Graff forventer ogs\u00e5 at antall henvendelser om boligl\u00e5n vil \u00f8ke framover, og har i f\u00f8rste omgang oppbemannet Nordea i helgen og kommende uke for \u00e5 ta unna alle henvendelsene.<\/p>\n<p>&#8211; I ukene etter rentekuttet i juni hadde vi en dobling av nye kunder inn fra andre banker, og 25 prosent \u00f8kning i nye finansieringsbevis, hevder Graff.<\/p>\n<p>DnB ogs\u00e5\t<\/p>\n<p>Storbanken DNB, inkludert den oppkj\u00f8pte Sbanken, istemmer utviklingen p\u00e5 boligmarkedet. Ogs\u00e5 de har \u00f8kt bemanningen for \u00e5 ta unna k\u00f8ene.<\/p>\n<p>          <img loading=\"lazy\" decoding=\"async\" src=\"https:\/\/www.europesays.com\/no\/wp-content\/uploads\/2025\/09\/83618478.webp\" width=\"980\" height=\"559\" title=\"VENTETID: Ogs\u00e5 DNB og Sbanken har \u00f8kt p\u00e5gang n\u00e5, og jobber iherdig for \u00e5 f\u00e5 ned ventetida, forteller kommunikasjonsr\u00e5dgiver Julia C. Stelzer Norberg i DNB. Foto: Stig B. Fiksdal\" alt=\"\" class=\"\" style=\"--aspect-ratio-image: 1.75; \"\/><\/p>\n<p>\n          VENTETID: Ogs\u00e5 DNB og Sbanken har \u00f8kt p\u00e5gang n\u00e5, og jobber iherdig for \u00e5 f\u00e5 ned ventetida, forteller kommunikasjonsr\u00e5dgiver Julia C. Stelzer Norberg i DNB. Foto: Stig B. Fiksdal\n      <\/p>\n<p>&#8211;\u00a0Vi merker absolutt \u00f8kt p\u00e5gang til b\u00e5de DNB og Sbanken. Selv om vi har justert p\u00e5 bemanningen for \u00e5 ta unna k\u00f8ene, ser vi at det dessverre kan bli noe ventetid, som vi jobber iherdig for \u00e5 f\u00e5 ned, sier kommunikasjonsr\u00e5dgiver Julia C. Stelzer Norberg i DNB, til Dagbladet B\u00f8rsen.<\/p>\n<p>Tr\u00f8kk i vest\t<\/p>\n<p>Sparebank1, som ogs\u00e5 kuttet renta i g\u00e5r, opplever ingen markant \u00f8kning i ettersp\u00f8rselen etter finansieringsbevis akkurat n\u00e5.<\/p>\n<p>          <img loading=\"lazy\" decoding=\"async\" src=\"https:\/\/www.europesays.com\/no\/wp-content\/uploads\/2025\/09\/83617768.webp\" width=\"686\" height=\"508\" title=\"POSITIVT FOR BOLIG: - Vi tror at rentenedgangen vil v\u00e6re positiv for boligmarkedet, sier kommunikasjonssjef Anita Svanes i Sparebanken 1 S\u00f8r-Norge. Ogs\u00e5 denne banken varslet rentekutt torsdag. Foto: Sparebanken 1\" alt=\"\" class=\"\" style=\"--aspect-ratio-image: 1.35; \"\/><\/p>\n<p>\n          POSITIVT FOR BOLIG: &#8211; Vi tror at rentenedgangen vil v\u00e6re positiv for boligmarkedet, sier kommunikasjonssjef Anita Svanes i Sparebanken 1 S\u00f8r-Norge. Ogs\u00e5 denne banken varslet rentekutt torsdag. Foto: Sparebanken 1\n      <\/p>\n<p>&#8211; Vi har hatt h\u00f8yt \u00abtr\u00f8kk\u00bb p\u00e5 finansieringsbevis i hele \u00e5r og spesielt p\u00e5 S\u00f8rlandet og Vestlandet, i Bergen, Stavanger og Kristiansand, der boligmarkedet har hatt en sterk utvikling den siste tida, sier kommunikasjonssjef Anita Svanes i Sparebank 1 S\u00f8r-Norge, til Dagbladet B\u00f8rsen.<\/p>\n<p>    <a itemprop=\"url\" href=\"https:\/\/borsen.dagbladet.no\/nyheter\/fornuftig\/83609892\" rel=\"nofollow noopener\" target=\"_blank\"><\/p>\n<p>      <img loading=\"lazy\" decoding=\"async\" src=\"https:\/\/www.europesays.com\/no\/wp-content\/uploads\/2025\/09\/82658665.webp\" width=\"980\" height=\"441\" title=\"- Fornuftig\" alt=\"\" class=\"lazyload\" style=\"--aspect-ratio-image: 2.22; \"\/><\/p>\n<p>         &#8211; Fornuftig<\/p>\n<p>    <\/a><\/p>\n<p>Hun legger til:<\/p>\n<p>&#8211; Vi tror at rentenedgangen vil v\u00e6re positivt for boligmarkedet og at det vil f\u00f8re til en \u00f8kning i s\u00f8knader om finansieringsbevis til banken i hele S\u00f8r-Norge.<\/p>\n<p>\u00a0<\/p>\n","protected":false},"excerpt":{"rendered":"Eksplosiv p\u00e5gang: Ettersp\u00f8rselen etter finansieringsbevis \u00f8ker og flere vil flytte l\u00e5nene sine. Det er konsevenser av rentekuttet. Ogs\u00e5&hellip;\n","protected":false},"author":2,"featured_media":40688,"comment_status":"","ping_status":"","sticky":false,"template":"","format":"standard","meta":{"footnotes":""},"categories":[5],"tags":[1320,1259,20,21,24,25,15,19,22,23,17,18,13,30,28,29,14,16,1795,26,27],"class_list":{"0":"post-40687","1":"post","2":"type-post","3":"status-publish","4":"format-standard","5":"has-post-thumbnail","7":"category-overskrifter","8":"tag-banker","9":"tag-boligmarkedet","10":"tag-breaking-news","11":"tag-breakingnews","12":"tag-featured-news","13":"tag-featurednews","14":"tag-headlines","15":"tag-hovedoppslag","16":"tag-latest-news","17":"tag-latestnews","18":"tag-main-news","19":"tag-mainnews","20":"tag-news","21":"tag-no","22":"tag-norge","23":"tag-norway","24":"tag-nyheter","25":"tag-overskrifter","26":"tag-rente","27":"tag-top-stories","28":"tag-topstories"},"share_on_mastodon":{"url":"","error":""},"_links":{"self":[{"href":"https:\/\/www.europesays.com\/no\/wp-json\/wp\/v2\/posts\/40687","targetHints":{"allow":["GET"]}}],"collection":[{"href":"https:\/\/www.europesays.com\/no\/wp-json\/wp\/v2\/posts"}],"about":[{"href":"https:\/\/www.europesays.com\/no\/wp-json\/wp\/v2\/types\/post"}],"author":[{"embeddable":true,"href":"https:\/\/www.europesays.com\/no\/wp-json\/wp\/v2\/users\/2"}],"replies":[{"embeddable":true,"href":"https:\/\/www.europesays.com\/no\/wp-json\/wp\/v2\/comments?post=40687"}],"version-history":[{"count":0,"href":"https:\/\/www.europesays.com\/no\/wp-json\/wp\/v2\/posts\/40687\/revisions"}],"wp:featuredmedia":[{"embeddable":true,"href":"https:\/\/www.europesays.com\/no\/wp-json\/wp\/v2\/media\/40688"}],"wp:attachment":[{"href":"https:\/\/www.europesays.com\/no\/wp-json\/wp\/v2\/media?parent=40687"}],"wp:term":[{"taxonomy":"category","embeddable":true,"href":"https:\/\/www.europesays.com\/no\/wp-json\/wp\/v2\/categories?post=40687"},{"taxonomy":"post_tag","embeddable":true,"href":"https:\/\/www.europesays.com\/no\/wp-json\/wp\/v2\/tags?post=40687"}],"curies":[{"name":"wp","href":"https:\/\/api.w.org\/{rel}","templated":true}]}}