{"id":40759,"date":"2025-09-20T19:32:12","date_gmt":"2025-09-20T19:32:12","guid":{"rendered":"https:\/\/www.europesays.com\/no\/40759\/"},"modified":"2025-09-20T19:32:12","modified_gmt":"2025-09-20T19:32:12","slug":"filip-thorvaldsen-berget-poeng-for-valerenga-syv-minutter-pa-overtid-1-1-mot-kfum","status":"publish","type":"post","link":"https:\/\/www.europesays.com\/no\/40759\/","title":{"rendered":"Filip Thorvaldsen berget poeng for V\u00e5lerenga syv minutter p\u00e5 overtid \u2013 1-1 mot KFUM"},"content":{"rendered":"\n<p class=\"_paragraph_ew2ao_4 _paragraph_xtcu6_10 layout-component text-serif-m layout-normal text-serif-m layout-padded\">I etterd\u00f8nningene av en corner banket Filip Thorvaldsen inn utligningen og sendte hjemmepublikummet til himmels.<\/p>\n<p class=\"_paragraph_ew2ao_4 _paragraph_xtcu6_10 layout-component text-serif-m layout-normal text-serif-m layout-padded\">\u2013 Jeg ser at ballen er fri og \u00e5pen, s\u00e5 jeg tenkte bare f\u00f8rstemann til ballen og bare \u00e5 score. Det var veldig viktig, vi var ikke helt p\u00e5skrudde i dag, sa Thorvaldsen til TV 2.<\/p>\n<p class=\"_paragraph_ew2ao_4 _paragraph_xtcu6_10 layout-component text-serif-m layout-normal text-serif-m layout-padded\">KFUM-keeper Emil \u00d8degaard s\u00e5 ut som en matchvinner da han seks minutter p\u00e5 overtid reagerte lynraskt p\u00e5 en avslutning som endret retning. Den p\u00e5f\u00f8lgende corneren ble klarert, men ikke langt nok, og Thorvaldsen sendte ballen i krysset.<\/p>\n<p class=\"_paragraph_ew2ao_4 _paragraph_xtcu6_10 layout-component text-serif-m layout-normal text-serif-m layout-padded\">Lenge s\u00e5 det ut til at KFUM skulle stikke av med alle tre poengene.<\/p>\n<p class=\"_paragraph_ew2ao_4 _paragraph_xtcu6_10 layout-component text-serif-m layout-normal text-serif-m layout-padded\">Timen var spilt da dommeren pekte p\u00e5 straffemerket. Elias S\u00f8rensen felte David Hickson og s\u00f8rget for at Sverre Sandal kunne sette 1-0.<\/p>\n<p>Hendelsesfattig<\/p>\n<p class=\"_paragraph_ew2ao_4 _paragraph_xtcu6_10 layout-component text-serif-m layout-normal text-serif-m layout-padded\">F\u00f8r det var det blitt spilt en hendelsesfattig f\u00f8rsteomgang mellom de to Oslo-klubbene. Det tok heller ikke fyr etter m\u00e5let, og det var f\u00f8rst helt, helt p\u00e5 tampen at V\u00e5lerenga fikk den forl\u00f8sende scoringen.<\/p>\n<p class=\"_paragraph_ew2ao_4 _paragraph_xtcu6_10 layout-component text-serif-m layout-normal text-serif-m layout-padded\">\u2013 Jeg begynner \u00e5 bli bra drillet p\u00e5 det her. Vi har kontroll p\u00e5 Viking-kampen og gj\u00f8r det samme der, i HamKam-matchen gj\u00f8r vi det, og n\u00e5 gj\u00f8r vi det igjen. Det er et symptom som g\u00e5r igjen. Det g\u00e5r p\u00e5 kvalitet i egen boks, sa KFUM-trener Johannes Moesgaard.<\/p>\n<p class=\"_paragraph_ew2ao_4 _paragraph_xtcu6_10 layout-component text-serif-m layout-normal text-serif-m layout-padded\">Scoringen har likevel ikke all verdens \u00e5 si for eliteseriesesongen. Som nummer sju og \u00e5tte p\u00e5 tabellen er det lite fare for \u00e5 blande seg inn i nedrykkskampen, samtidig som det ser ut til \u00e5 v\u00e6re litt for langt opp til europacupplassene.<\/p>\n<p>Supporter-retur<\/p>\n<p class=\"_paragraph_ew2ao_4 _paragraph_xtcu6_10 layout-component text-serif-m layout-normal text-serif-m layout-padded\">L\u00f8rdag var ogs\u00e5 hjemmesupporterne tilbake for bl\u00e5tr\u00f8yene. V\u00e5lerenga m\u00e5tte spille for tomme hjemmetribuner da de m\u00f8tte Bryne i forrige hjemmekamp. Klubben ble da straffet for at supportere sende opp fyrverkeri mot Sarpsborg.<\/p>\n<p class=\"_paragraph_ew2ao_4 _paragraph_xtcu6_10 layout-component text-serif-m layout-normal text-serif-m layout-padded\">V\u00e5lerenga m\u00f8ter Molde p\u00e5 bortebane neste runde. KFUM m\u00f8ter Fredrikstad hjemme.<\/p>\n","protected":false},"excerpt":{"rendered":"I etterd\u00f8nningene av en corner banket Filip Thorvaldsen inn utligningen og sendte hjemmepublikummet til himmels. \u2013 Jeg ser&hellip;\n","protected":false},"author":2,"featured_media":40760,"comment_status":"","ping_status":"","sticky":false,"template":"","format":"standard","meta":{"footnotes":""},"categories":[59],"tags":[134,2928,30,28,29,83,82,2215],"class_list":{"0":"post-40759","1":"post","2":"type-post","3":"status-publish","4":"format-standard","5":"has-post-thumbnail","7":"category-sport","8":"tag-eliteserien","9":"tag-kfum-oslo","10":"tag-no","11":"tag-norge","12":"tag-norway","13":"tag-sport","14":"tag-sports","15":"tag-valerenga-fotball"},"share_on_mastodon":{"url":"","error":""},"_links":{"self":[{"href":"https:\/\/www.europesays.com\/no\/wp-json\/wp\/v2\/posts\/40759","targetHints":{"allow":["GET"]}}],"collection":[{"href":"https:\/\/www.europesays.com\/no\/wp-json\/wp\/v2\/posts"}],"about":[{"href":"https:\/\/www.europesays.com\/no\/wp-json\/wp\/v2\/types\/post"}],"author":[{"embeddable":true,"href":"https:\/\/www.europesays.com\/no\/wp-json\/wp\/v2\/users\/2"}],"replies":[{"embeddable":true,"href":"https:\/\/www.europesays.com\/no\/wp-json\/wp\/v2\/comments?post=40759"}],"version-history":[{"count":0,"href":"https:\/\/www.europesays.com\/no\/wp-json\/wp\/v2\/posts\/40759\/revisions"}],"wp:featuredmedia":[{"embeddable":true,"href":"https:\/\/www.europesays.com\/no\/wp-json\/wp\/v2\/media\/40760"}],"wp:attachment":[{"href":"https:\/\/www.europesays.com\/no\/wp-json\/wp\/v2\/media?parent=40759"}],"wp:term":[{"taxonomy":"category","embeddable":true,"href":"https:\/\/www.europesays.com\/no\/wp-json\/wp\/v2\/categories?post=40759"},{"taxonomy":"post_tag","embeddable":true,"href":"https:\/\/www.europesays.com\/no\/wp-json\/wp\/v2\/tags?post=40759"}],"curies":[{"name":"wp","href":"https:\/\/api.w.org\/{rel}","templated":true}]}}