{"id":40843,"date":"2025-09-20T21:31:34","date_gmt":"2025-09-20T21:31:34","guid":{"rendered":"https:\/\/www.europesays.com\/no\/40843\/"},"modified":"2025-09-20T21:31:34","modified_gmt":"2025-09-20T21:31:34","slug":"vaterland-gronland-gronland-og-vaterland-er-mer-enn-bare-en-arena-for-store-byggeprosjekter-dette-er-hjemmene-vare","status":"publish","type":"post","link":"https:\/\/www.europesays.com\/no\/40843\/","title":{"rendered":"Vaterland, Gr\u00f8nland | Gr\u00f8nland og Vaterland er mer enn bare en arena for store byggeprosjekter. Dette er hjemmene v\u00e5re"},"content":{"rendered":"\n<p><b>Gr\u00f8nland<\/b> og Vaterland st\u00e5r foran en omfattende transformasjon. Vi som bor her kjenner konsekvensene av politiske vedtak p\u00e5 kroppen \u2013 i v\u00e5re hjem og i barnas oppvekstmilj\u00f8.<\/p>\n<p>P\u00e5 den siste dagen av Oslo Urban Week ble jeg invitert til panelsamtalen: <a rel=\"Follow nofollow noopener\" href=\"https:\/\/oslourbanweek.no\/program\/pbe-tirsdag\" target=\"_blank\">\u00abHvem sin by? Barn og unges oppvekstsvilk\u00e5r p\u00e5 Gr\u00f8nland\u00bb<\/a>, arrangert av Plan- og bygningsetaten (PBE).<\/p>\n<p>   <img decoding=\"async\" width=\"972\" height=\"1296\" fetchpriority=\"low\"  loading=\"lazy\"  src=\"https:\/\/www.europesays.com\/no\/wp-content\/uploads\/2025\/09\/4300e496-d72b-4975-905e-260183780248+%281%29.jpeg\" alt=\"\" class=\"brick-c-cFOWSL\" style=\"--brick-image-ratio: 972 \/ 1296;\"\/><\/p>\n<p>    Abdi Sheikh<br \/>\n    Foto: Nordic Black Theatre\n  <\/p>\n<p>Jeg valgte \u00e5 ikke delta i panelet \u2013 ikke av mangel p\u00e5 engasjement men fordi jeg, i likhet med mange andre beboere, opplever at v\u00e5re stemmer i praksis ikke blir h\u00f8rt.<\/p>\n<p>Ingen svar, som vanlig<\/p>\n<p>P\u00e5 scenen deltok representanter fra Politiet i Oslo, Utdanningsetaten og Bydel Gamle Oslo. I samtalen stilte PBE blant annet sp\u00f8rsm\u00e5let: Hva som er godt og utfordrende med \u00e5 vokse opp p\u00e5 Gr\u00f8nland og hvordan rusmilj\u00f8ene og oppvekstmilj\u00f8ene kan eksistere side om side.<\/p>\n<p>Som beboer m\u00f8tte jeg opp for \u00e5 stille sp\u00f8rsm\u00e5l om hvilke konkrete l\u00f8sninger de kan tilby oss som lever med utrygghet i v\u00e5re egne hjem, p\u00e5 grunn av rusmilj\u00f8ene rett utenfor d\u00f8rene v\u00e5re. Svarene uteble \u2013 som s\u00e5 ofte f\u00f8r.<\/p>\n<p>Hvem beskytter oss?<\/p>\n<p>Samtidig ser vi hvordan utviklingen allerede har endret lokalmilj\u00f8et v\u00e5rt. Bruktbutikkene forsvinner. Rusmilj\u00f8et og narkotikasalget er flyttet fra Vaterlandsbrua og inn i g\u00e5rdsrom, garasjer og oppganger.<\/p>\n<p>Jeg bor selv i Gr\u00f8nlandsleiret 27, i en byg\u00e5rd eid av Thon Eiendom. Konsekvensene ser vi hver dag: Utenfor inngangene v\u00e5re og i garasjene foreg\u00e5r \u00e5penlys rusbruk og narkotikasalg,<\/p>\n<p>Barna v\u00e5re t\u00f8r ikke hente sykkelen sin eller kaste s\u00f8pla alene. Eiendomsakt\u00f8rer setter inn sikkerhetsvakter for \u00e5 beskytte byggene sine.<\/p>\n<p>Hvem beskytter oss som bor her?<\/p>\n<p><b>Likevel er det<\/b> feststemning. Oslo Urban Week mottok 400.000 kroner i bylivstilskudd og omtaler seg selv som en <a href=\"https:\/\/www.ao.no\/det-er-ikke-kyniske-utviklere-som-presser-frem-byutviklingen-gronland-kan-utvikles-uten-a-miste-sjela-si\/o\/5-128-995361\" rel=\"Follow nofollow noopener\" target=\"_blank\">\u00abgave til Gr\u00f8nland\u00bb.<\/a> Men vi som bor her opplever verken \u00e5 v\u00e6re invitert i prosessen eller inkludert i feiringen.<\/p>\n<p>Samtidig som penger brukes p\u00e5 arrangementer og fasadeprosjekter sliter ildsjeler og sm\u00e5 akt\u00f8rer \u2013 de som i \u00e5revis har jobbet for trygghet og fellesskap \u2013 med \u00e5 finne lokaler og st\u00f8tte.<\/p>\n<p>M\u00e5 bli nabolag for alle<\/p>\n<p>Utvikles Gr\u00f8nland og Vaterland for oss som bor her, driver n\u00e6ringsliv her og engasjerer oss frivillig? Eller er det for store eiendomsselskaper og investorer som ser raske gevinster, men ikke menneskene som lever med konsekvensene?<\/p>\n<p>B\u00e6rekraftig byutvikling handler ikke bare om arkitektur og nye fasader. Det handler om mennesker. Om \u00e5 bygge trygge og inkluderende lokalsamfunn der barn kan vokse opp uten frykt, der sm\u00e5 akt\u00f8rer kan bidra med n\u00e6ringsliv og kultur, og der frivillige ressurser tas p\u00e5 alvor.<\/p>\n<p>            Hele debatten om Gr\u00f8nlands fremtid<\/p>\n<p><b>Gr\u00f8nland og Vaterland<\/b> er mer enn bare en arena for store byggeprosjekter. Dette er hjemmene v\u00e5re, fellesskapet v\u00e5rt og barnas oppvekstmilj\u00f8. Vi st\u00e5r ved et veiskille. Skal utviklingen styres av kapital og investorer, eller av menneskene som faktisk bor her?<\/p>\n<p>Vi vet hva som fungerer, fordi vi lever her hver dag. Vi m\u00e5 n\u00e5 st\u00e5 sammen mot en utvikling som presser oss ut av Gr\u00f8nland.<\/p>\n<p>Derfor inviterer vi alle beboere, familier, foreninger og lokale akt\u00f8rer til gatefest mot gentrifisering p\u00e5 Gr\u00f8nland p\u00e5 l\u00f8rdag.<\/p>\n<p><b>Les flere kommentarer, debattinnlegg og <a href=\"https:\/\/www.oslodebatten.no\/oslohistorier\" rel=\"Follow nofollow noopener\" target=\"_blank\">Oslo-historier<\/a> p\u00e5 Avisa Oslos debattside <a href=\"https:\/\/www.oslodebatten.no\/\" rel=\"Follow nofollow noopener\" target=\"_blank\">Oslodebatten<\/a><\/b><\/p>\n<p>  <a href=\"https:\/\/www.ao.no\/5-128-1145180\" class=\"related-teaser has-image default-story-teaser article--c-eRUmMG article--c-eRUmMG-jKCPdD-design-default\" rel=\"nofollow noopener\" target=\"_blank\"><\/p>\n<p>    <img decoding=\"async\" loading=\"lazy\"  src=\"https:\/\/www.europesays.com\/no\/wp-content\/uploads\/2025\/09\/IMG_2643.JPG\" alt=\"\" class=\"brick-c-cFOWSL\" style=\"\"\/><\/p>\n<p>\n            Les ogs\u00e5<\/p>\n<p>              Snart stenger d\u00f8rene i n\u00e6rmere fem uker: \u2013 Mange kunder har spurt etter det\n        <\/p>\n<p>  <\/a><\/p>\n<p>  <a href=\"https:\/\/www.ao.no\/5-128-1012640\" class=\"related-teaser has-image default-opinion-teaser article--c-eRUmMG article--c-eRUmMG-jKCPdD-design-default\" rel=\"nofollow noopener\" target=\"_blank\"><\/p>\n<p>    <img decoding=\"async\" loading=\"lazy\"  src=\"https:\/\/www.europesays.com\/no\/wp-content\/uploads\/2025\/09\/Design+uten+navn+-+2025-03-20T140940.575.jpg\" alt=\"\" class=\"brick-c-cFOWSL\" style=\"\"\/><\/p>\n<p>\n            Les ogs\u00e5<\/p>\n<p>              Motstand mot \u00abny byutvikling\u00bb har noe med identitet \u00e5 gj\u00f8re\n        <\/p>\n<p>  <\/a><\/p>\n<p>  <a href=\"https:\/\/www.ao.no\/5-128-1131314\" class=\"related-teaser has-image default-opinion-teaser article--c-eRUmMG article--c-eRUmMG-jKCPdD-design-default\" rel=\"nofollow noopener\" target=\"_blank\"><\/p>\n<p>    <img decoding=\"async\" loading=\"lazy\"  src=\"https:\/\/www.europesays.com\/no\/wp-content\/uploads\/2025\/09\/NTB_iu3eVZKrNTk.jpg\" alt=\"\" class=\"brick-c-cFOWSL\" style=\"\"\/><\/p>\n<p>\n            Les ogs\u00e5<\/p>\n<p>              \u00c5 selge Ullev\u00e5l sykehus er d\u00e5rlig butikk\n        <\/p>\n<p>  <\/a><\/p>\n<p>  <a href=\"https:\/\/www.ao.no\/5-128-1109949\" class=\"related-teaser has-image default-opinion-teaser article--c-eRUmMG article--c-eRUmMG-jKCPdD-design-default\" rel=\"nofollow noopener\" target=\"_blank\"><\/p>\n<p>    <img decoding=\"async\" loading=\"lazy\"  src=\"https:\/\/www.europesays.com\/no\/wp-content\/uploads\/2025\/09\/NTB_W1HwQU7wQZ0.jpg\" alt=\"\" class=\"brick-c-cFOWSL\" style=\"\"\/><\/p>\n<p>\n            Les ogs\u00e5<\/p>\n<p>              Bydelen har udekkede behov. Likevel st\u00e5r portene stengt\n        <\/p>\n<p>  <\/a><\/p>\n","protected":false},"excerpt":{"rendered":"Gr\u00f8nland og Vaterland st\u00e5r foran en omfattende transformasjon. Vi som bor her kjenner konsekvensene av politiske vedtak p\u00e5&hellip;\n","protected":false},"author":2,"featured_media":40844,"comment_status":"","ping_status":"","sticky":false,"template":"","format":"standard","meta":{"footnotes":""},"categories":[10],"tags":[36,20,21,2341,24,25,6461,2112,15,22,23,13,30,28,29,14,1533,16,26,27,6460],"class_list":{"0":"post-40843","1":"post","2":"type-post","3":"status-publish","4":"format-standard","5":"has-post-thumbnail","7":"category-norge","8":"tag-art","9":"tag-breaking-news","10":"tag-breakingnews","11":"tag-byutvikling","12":"tag-featured-news","13":"tag-featurednews","14":"tag-gentrifisering","15":"tag-gronland","16":"tag-headlines","17":"tag-latest-news","18":"tag-latestnews","19":"tag-news","20":"tag-no","21":"tag-norge","22":"tag-norway","23":"tag-nyheter","24":"tag-opinion","25":"tag-overskrifter","26":"tag-top-stories","27":"tag-topstories","28":"tag-vaterland"},"share_on_mastodon":{"url":"","error":""},"_links":{"self":[{"href":"https:\/\/www.europesays.com\/no\/wp-json\/wp\/v2\/posts\/40843","targetHints":{"allow":["GET"]}}],"collection":[{"href":"https:\/\/www.europesays.com\/no\/wp-json\/wp\/v2\/posts"}],"about":[{"href":"https:\/\/www.europesays.com\/no\/wp-json\/wp\/v2\/types\/post"}],"author":[{"embeddable":true,"href":"https:\/\/www.europesays.com\/no\/wp-json\/wp\/v2\/users\/2"}],"replies":[{"embeddable":true,"href":"https:\/\/www.europesays.com\/no\/wp-json\/wp\/v2\/comments?post=40843"}],"version-history":[{"count":0,"href":"https:\/\/www.europesays.com\/no\/wp-json\/wp\/v2\/posts\/40843\/revisions"}],"wp:featuredmedia":[{"embeddable":true,"href":"https:\/\/www.europesays.com\/no\/wp-json\/wp\/v2\/media\/40844"}],"wp:attachment":[{"href":"https:\/\/www.europesays.com\/no\/wp-json\/wp\/v2\/media?parent=40843"}],"wp:term":[{"taxonomy":"category","embeddable":true,"href":"https:\/\/www.europesays.com\/no\/wp-json\/wp\/v2\/categories?post=40843"},{"taxonomy":"post_tag","embeddable":true,"href":"https:\/\/www.europesays.com\/no\/wp-json\/wp\/v2\/tags?post=40843"}],"curies":[{"name":"wp","href":"https:\/\/api.w.org\/{rel}","templated":true}]}}