{"id":40851,"date":"2025-09-20T21:52:15","date_gmt":"2025-09-20T21:52:15","guid":{"rendered":"https:\/\/www.europesays.com\/no\/40851\/"},"modified":"2025-09-20T21:52:15","modified_gmt":"2025-09-20T21:52:15","slug":"vindkraft-vefsn-vefsn-far-258-millioner-kroner-fra-oyfjellet-wind-tredje-mest-i-landet","status":"publish","type":"post","link":"https:\/\/www.europesays.com\/no\/40851\/","title":{"rendered":"Vindkraft, Vefsn | Vefsn f\u00e5r 25,8 millioner kroner fra \u00d8yfjellet Wind \u2013 tredje mest i landet"},"content":{"rendered":"\n<p>Norges vassdrags- og energidirektorat (NVE) opplyser i en pressemelding at norske vertskommuner samlet f\u00e5r over 334 millioner kroner for produksjons\u00e5ret 2024. Avgiften ble innf\u00f8rt i 2022, og skal sikre at kommuner som stiller areal til r\u00e5dighet for vindkraft, f\u00e5r en andel av inntektene.<\/p>\n<p>\u2013 I \u00e5r utbetaler vi over 334 millioner kroner til vertskommunene, for kraften som ble produsert i 2024, sier fungerende seksjonssjef Magnus Buvik i NVE.<\/p>\n<p><b>Totalt ble det produsert 14,5 TWh vindkraft i Norge i fjor, en \u00f8kning p\u00e5 rundt 0,5 TWh fra 2023.<\/b><\/p>\n<p>Tredje mest i Norge<\/p>\n<p>Av alle landets vindkraftkommuner er det \u00c5fjord i Tr\u00f8ndelag som topper listen med 46,3 millioner kroner. <\/p>\n<p>Deretter f\u00f8lger Vefsn (25,8 millioner) og Bjerkreim i Rogaland (23,7 millioner). Troms\u00f8 kommune f\u00e5r 18,1 millioner, mens Bremanger i Vestland ligger p\u00e5 femteplass med 14,4 millioner.<\/p>\n<p>Produksjonsavgiften har \u00f8kt gradvis siden den ble innf\u00f8rt i 2022. I 2024 ble satsen satt til 2,3 \u00f8re per kWh. For 2025 er den justert til 2,37 \u00f8re.<\/p>\n<p>\u00d8kt avgift<\/p>\n<p>If\u00f8lge NVE skyldes \u00f8kningen i \u00e5r b\u00e5de h\u00f8yere produksjon og at avgiften har blitt justert opp. Flere vindkraftverk hadde riktignok nedetid i fjor, men gode vindressurser bidro til at den samlede produksjonen likevel ble st\u00f8rre enn \u00e5ret f\u00f8r. <\/p>\n<p>\u2013 Utbetalingene til den enkelte kommune beregnes ut fra innrapportert produksjon fra Elhub og hvor turbinene er plassert, forklarer Buvik i pressemeldingen.<\/p>\n<p>Pengene g\u00e5r uavkortet til vertskommunene, og fordeles etter hvor turbinene st\u00e5r plassert.<\/p>\n","protected":false},"excerpt":{"rendered":"Norges vassdrags- og energidirektorat (NVE) opplyser i en pressemelding at norske vertskommuner samlet f\u00e5r over 334 millioner kroner&hellip;\n","protected":false},"author":2,"featured_media":40852,"comment_status":"","ping_status":"","sticky":false,"template":"","format":"standard","meta":{"footnotes":""},"categories":[10],"tags":[36,20,21,24,25,15,22,23,13,30,28,29,14,16,6462,1510,26,27,1203,1454],"class_list":{"0":"post-40851","1":"post","2":"type-post","3":"status-publish","4":"format-standard","5":"has-post-thumbnail","7":"category-norge","8":"tag-art","9":"tag-breaking-news","10":"tag-breakingnews","11":"tag-featured-news","12":"tag-featurednews","13":"tag-headlines","14":"tag-latest-news","15":"tag-latestnews","16":"tag-news","17":"tag-no","18":"tag-norge","19":"tag-norway","20":"tag-nyheter","21":"tag-overskrifter","22":"tag-oyfjellet-wind","23":"tag-story","24":"tag-top-stories","25":"tag-topstories","26":"tag-vefsn","27":"tag-vindkraft"},"share_on_mastodon":{"url":"","error":""},"_links":{"self":[{"href":"https:\/\/www.europesays.com\/no\/wp-json\/wp\/v2\/posts\/40851","targetHints":{"allow":["GET"]}}],"collection":[{"href":"https:\/\/www.europesays.com\/no\/wp-json\/wp\/v2\/posts"}],"about":[{"href":"https:\/\/www.europesays.com\/no\/wp-json\/wp\/v2\/types\/post"}],"author":[{"embeddable":true,"href":"https:\/\/www.europesays.com\/no\/wp-json\/wp\/v2\/users\/2"}],"replies":[{"embeddable":true,"href":"https:\/\/www.europesays.com\/no\/wp-json\/wp\/v2\/comments?post=40851"}],"version-history":[{"count":0,"href":"https:\/\/www.europesays.com\/no\/wp-json\/wp\/v2\/posts\/40851\/revisions"}],"wp:featuredmedia":[{"embeddable":true,"href":"https:\/\/www.europesays.com\/no\/wp-json\/wp\/v2\/media\/40852"}],"wp:attachment":[{"href":"https:\/\/www.europesays.com\/no\/wp-json\/wp\/v2\/media?parent=40851"}],"wp:term":[{"taxonomy":"category","embeddable":true,"href":"https:\/\/www.europesays.com\/no\/wp-json\/wp\/v2\/categories?post=40851"},{"taxonomy":"post_tag","embeddable":true,"href":"https:\/\/www.europesays.com\/no\/wp-json\/wp\/v2\/tags?post=40851"}],"curies":[{"name":"wp","href":"https:\/\/api.w.org\/{rel}","templated":true}]}}