{"id":40888,"date":"2025-09-21T00:04:08","date_gmt":"2025-09-21T00:04:08","guid":{"rendered":"https:\/\/www.europesays.com\/no\/40888\/"},"modified":"2025-09-21T00:04:08","modified_gmt":"2025-09-21T00:04:08","slug":"har-fatt-kreft","status":"publish","type":"post","link":"https:\/\/www.europesays.com\/no\/40888\/","title":{"rendered":"Har f\u00e5tt kreft"},"content":{"rendered":"<p>  Den 18-\u00e5r gamle briten trekker seg fra alle konkurranser.<\/p>\n<p>\n    KJIP MELDING: Will Macintyre deler en trist nyhet. Foto: Instagram\/willmac.7\n  <\/p>\n<p>I et Instagram-innlegg deler racerf\u00f8rer Will Macintyre (18) at han har f\u00e5tt hjerne- og lungekreft.<\/p>\n<p class=\"font-weight-bold m-font-weight-bold\" data-lab-font_weight=\"font-weight-bold\">&#8211; Dette er et veldig annerledes innlegg enn vanlig, men jeg f\u00e5r bare si det rett ut. De siste m\u00e5nedene har jeg ikke f\u00f8lt meg helt som meg selv, og n\u00e5 begynner det \u00e5 gi litt mer mening hvorfor. Jeg har f\u00e5tt p\u00e5vist b\u00e5de hjerne- og lungekreft. Dessverre er det like alvorlig som det h\u00f8res ut!<\/p>\n<p>18-\u00e5ringen blir behandlet ved Milton Keynes Hospital i England.<\/p>\n<p>&#8211; Dette betyr dessverre at jeg ikke kommer til \u00e5 kj\u00f8re l\u00f8p i overskuelig fremtid. Men v\u00e6r trygg p\u00e5 at i det \u00f8yeblikket jeg kan, er jeg tilbake bak rattet der jeg h\u00f8rer hjemme. En stor takk g\u00e5r til familien og vennene mine for st\u00f8tten, og til alle som fortsetter \u00e5 st\u00f8tte meg gjennom denne uventede omveien.<\/p>\n<p>    <a itemprop=\"url\" href=\"https:\/\/www.dagbladet.no\/sport\/tragedie-dode-pa-banen\/83607332\" rel=\"nofollow noopener\" target=\"_blank\"><\/p>\n<p>      <img loading=\"lazy\" decoding=\"async\" src=\"https:\/\/www.europesays.com\/no\/wp-content\/uploads\/2025\/09\/83608654.webp\" width=\"980\" height=\"441\" title=\"Tragedie: D\u00f8de p\u00e5 banen\" alt=\"\" class=\"lazyload\" style=\"--aspect-ratio-image: 2.22; \"\/><\/p>\n<p>        Tragedie: D\u00f8de p\u00e5 banen <\/p>\n<p>    <\/a><\/p>\n<p>Macintyre har hatt en vellykket karriere siden han gikk fra karting til bilsport i 2022. Han ble nummer to i Ginetta Junior i sin f\u00f8rste sesong, og gjentok den plasseringen i det p\u00e5f\u00f8lgende \u00e5rets britiske Formel 4-mesterskap.<\/p>\n<p>Denne sesongen ligger Elite Motorsport-f\u00f8reren p\u00e5 femteplass i GB3-sammendraget med to l\u00f8p igjen, men m\u00e5 trekke seg som f\u00f8lge av diagnosen.<\/p>\n<p>\u00abLykke til, kompis \ud83d\ude4f\u00bb skriver racerf\u00f8rer Jak Crawford under Instagram-innlegget.<\/p>\n<p class=\"font-weight-bold m-font-weight-bold\" data-lab-font_weight=\"font-weight-bold\">\u00abGod bedring, bror, vi heier alle p\u00e5 deg \u2764\ufe0f\u00bb kommenterer den irske racerf\u00f8reren Alex Dunne.<\/p>\n","protected":false},"excerpt":{"rendered":"Den 18-\u00e5r gamle briten trekker seg fra alle konkurranser. KJIP MELDING: Will Macintyre deler en trist nyhet. Foto:&hellip;\n","protected":false},"author":2,"featured_media":40889,"comment_status":"","ping_status":"","sticky":false,"template":"","format":"standard","meta":{"footnotes":""},"categories":[12],"tags":[20,21,24,25,15,1401,22,23,1120,13,30,28,29,14,16,83,26,27,42,43,44,45],"class_list":{"0":"post-40888","1":"post","2":"type-post","3":"status-publish","4":"format-standard","5":"has-post-thumbnail","7":"category-verden","8":"tag-breaking-news","9":"tag-breakingnews","10":"tag-featured-news","11":"tag-featurednews","12":"tag-headlines","13":"tag-kreft","14":"tag-latest-news","15":"tag-latestnews","16":"tag-motorsport","17":"tag-news","18":"tag-no","19":"tag-norge","20":"tag-norway","21":"tag-nyheter","22":"tag-overskrifter","23":"tag-sport","24":"tag-top-stories","25":"tag-topstories","26":"tag-verden","27":"tag-world","28":"tag-world-news","29":"tag-worldnews"},"share_on_mastodon":{"url":"","error":""},"_links":{"self":[{"href":"https:\/\/www.europesays.com\/no\/wp-json\/wp\/v2\/posts\/40888","targetHints":{"allow":["GET"]}}],"collection":[{"href":"https:\/\/www.europesays.com\/no\/wp-json\/wp\/v2\/posts"}],"about":[{"href":"https:\/\/www.europesays.com\/no\/wp-json\/wp\/v2\/types\/post"}],"author":[{"embeddable":true,"href":"https:\/\/www.europesays.com\/no\/wp-json\/wp\/v2\/users\/2"}],"replies":[{"embeddable":true,"href":"https:\/\/www.europesays.com\/no\/wp-json\/wp\/v2\/comments?post=40888"}],"version-history":[{"count":0,"href":"https:\/\/www.europesays.com\/no\/wp-json\/wp\/v2\/posts\/40888\/revisions"}],"wp:featuredmedia":[{"embeddable":true,"href":"https:\/\/www.europesays.com\/no\/wp-json\/wp\/v2\/media\/40889"}],"wp:attachment":[{"href":"https:\/\/www.europesays.com\/no\/wp-json\/wp\/v2\/media?parent=40888"}],"wp:term":[{"taxonomy":"category","embeddable":true,"href":"https:\/\/www.europesays.com\/no\/wp-json\/wp\/v2\/categories?post=40888"},{"taxonomy":"post_tag","embeddable":true,"href":"https:\/\/www.europesays.com\/no\/wp-json\/wp\/v2\/tags?post=40888"}],"curies":[{"name":"wp","href":"https:\/\/api.w.org\/{rel}","templated":true}]}}