{"id":40921,"date":"2025-09-21T02:07:12","date_gmt":"2025-09-21T02:07:12","guid":{"rendered":"https:\/\/www.europesays.com\/no\/40921\/"},"modified":"2025-09-21T02:07:12","modified_gmt":"2025-09-21T02:07:12","slug":"supermodell-david-gandy-kraftig-ut-mot-ai-modeller","status":"publish","type":"post","link":"https:\/\/www.europesays.com\/no\/40921\/","title":{"rendered":"Supermodell David Gandy kraftig ut mot AI-modeller"},"content":{"rendered":"\n<p class=\"_lead_ew2ao_2 _lead_xtcu6_50 layout-component text-serif-m layout-normal text-serif-l layout-component layout-wide layout-padded _wide_17hqh_1 layout-padded\">Den britiske modellveteranen (45) frykter at AI skal \u00f8delegge bransjen.<\/p>\n<p><img alt=\"David Gandy, her avbildet i London i fjor. Foto: David Parry Media Assignments \/ Pa Photos \/ NTB\" class=\"_image_qp4xg_65 layout-component layout-wide\" data-fullscreen- data-track-element-type=\"Article image fullscreen\" data-track-name=\"ImageFullscreen\" fetchpriority=\"high\" decoding=\"sync\" loading=\"eager\" height=\"1099\" itemprop=\"image\"  src=\"https:\/\/www.europesays.com\/no\/wp-content\/uploads\/2025\/09\/be21568f-3369-417d-9c14-237fac89fd8f\"  style=\"object-position:0% 0%\" width=\"1438\"\/>David Gandy, her avbildet i London i fjor. Foto: David Parry Media Assignments \/ Pa Photos \/ NTB<\/p>\n<ul aria-hidden=\"true\" class=\"_images_1y6fe_106\">\n<li><a class=\"_link_1y6fe_111\" href=\"https:\/\/www.vg.no\/forfatter\/catherine-gonsholt-ighanian\" style=\"z-index:1\" title=\"Catherine Gonsholt Ighanian\" rel=\"nofollow noopener\" target=\"_blank\"><img alt=\"Bilde av Catherine Gonsholt Ighanian\" class=\"_image_1y6fe_88\" fetchpriority=\"low\" loading=\"lazy\" decoding=\"async\" itemprop=\"image\"  src=\"https:\/\/www.europesays.com\/no\/wp-content\/uploads\/2025\/09\/1758420431_971_72dca32d-ee6f-474c-a50e-72a9bb49f38a\"  width=\"480\"\/><\/a><\/li>\n<\/ul>\n<p> Oppdatert s\u00f8ndag 21. september kl. 03:32    <\/p>\n<ul class=\"_list_ew2ao_3 _list_64s2r_85 _unordered_ew2ao_99 text-sans-m\">\n<li class=\"_item_ew2ao_30\">Den kjente modellen David Gandy frykter at AI vil \u00f8delegge motebransjen.<\/li>\n<li class=\"_item_ew2ao_30\">Gandy og andre modeller ber den britiske regjeringen om \u00e5 beskytte deres rettigheter.<\/li>\n<li class=\"_item_ew2ao_30\">Han er bekymret for AI-skapt innhold som gj\u00f8r kreative jobber overfl\u00f8dige.<\/li>\n<li class=\"_item_ew2ao_30\">Gandy er ogs\u00e5 bekymret for AI-bilders p\u00e5virkning p\u00e5 unges mentale helse.<\/li>\n<\/ul>\n<p>Vis mer <\/p>\n<p class=\"_paragraph_ew2ao_4 _paragraph_xtcu6_10 layout-component text-serif-m layout-normal text-serif-m layout-padded\">David Gandy, mest kjent for sine Dolce &amp; Gabbana-kampanjer gjennom 20 \u00e5r, har sammen med andre modeller bedt den britiske regjeringen om \u00e5 ta grep for \u00e5 beskytte folks rettigheter.<\/p>\n<p class=\"_paragraph_ew2ao_4 _paragraph_xtcu6_10 layout-component text-serif-m layout-normal text-serif-m layout-padded\">45-\u00e5ringen \u2013 som har figurert i reklamer med supermodeller som Kate Moss, Gisele B\u00fcndchen og Naomi Campbell \u2013 forklarer til <a href=\"https:\/\/www.bbc.com\/news\/articles\/ceq2rz75xypo\" class=\"_link_ew2ao_39\" rel=\"nofollow noopener\" target=\"_blank\">BBC<\/a> at AIAIkunstig intelligens \u00abskraper\u00bb sm\u00e5 biter av bilder fra forskjellige modeller \u2013 og skaper nye bilder basert p\u00e5 dette.<\/p>\n<p class=\"_paragraph_ew2ao_4 _paragraph_xtcu6_10 layout-component text-serif-m layout-normal text-serif-m layout-padded\">Det synes han er problematisk.<\/p>\n<p class=\"_paragraph_ew2ao_4 _paragraph_xtcu6_10 layout-component text-serif-m layout-normal text-serif-m layout-padded\">\u2013 Vi ser n\u00e5 kampanjer laget av merker som Guess, hvor modellen ikke eksisterer i det hele tatt, sier Gandy.<\/p>\n<p><img alt=\"EKTE MODELLER: Lily Cole, Karen Elson, Stella Tennant, Kate Moss, Lily Donaldson, Naomi Campbell, Jourdan Dunn, Georgia May Jagger og David Gandy under avslutningsseremonien til sommer-OL i London i 2012.  Foto: Alastair Grant \/ AP \/ NTB\" class=\"_image_qp4xg_65 layout-component layout-normal\" data-fullscreen- data-track-element-type=\"Article image fullscreen\" data-track-name=\"ImageFullscreen\" decoding=\"async\" loading=\"lazy\" height=\"2175\" itemprop=\"image\"  src=\"https:\/\/www.europesays.com\/no\/wp-content\/uploads\/2025\/09\/729d6d1a-133c-4880-ad81-1adf6ab3b353\"  style=\"object-position:0% 0%\" width=\"3633\"\/>EKTE MODELLER: Lily Cole, Karen Elson, Stella Tennant, Kate Moss, Lily Donaldson, Naomi Campbell, Jourdan Dunn, Georgia May Jagger og David Gandy under avslutningsseremonien til sommer-OL i London i 2012.  Foto: Alastair Grant \/ AP \/ NTB<\/p>\n<p class=\"_paragraph_ew2ao_4 _paragraph_xtcu6_10 layout-component text-serif-m layout-normal text-serif-m layout-padded\">\u2013 Storbritannia produserer noen av verdens beste modeller, og vi \u00f8nsker \u00e5 holde den tradisjonen i live, sier 45-\u00e5ringen, som i tillegg frykter at AI vil gj\u00f8re mange andre jobber overfl\u00f8dige.<\/p>\n<p class=\"_paragraph_ew2ao_4 _paragraph_xtcu6_10 layout-component text-serif-m layout-normal text-serif-m layout-padded\">Guess har ikke besvart BBCs henvendelse.<\/p>\n<p class=\"_paragraph_ew2ao_4 _paragraph_xtcu6_10 layout-component text-serif-m layout-normal text-serif-m layout-padded\"><strong class=\"_strong_ew2ao_25\">Disse kunstige modellene provoserer \u2013 se VGTV:<\/strong><\/p>\n<p class=\"_paragraph_ew2ao_4 _paragraph_xtcu6_10 layout-component text-serif-m layout-normal text-serif-m layout-padded\">Det er ikke bare modellene Gandy er bekymret for, men ogs\u00e5 alle som er involvert i produksjonen av motebilder \u2013 inkludert fotografer. <\/p>\n<p class=\"_paragraph_ew2ao_4 _paragraph_xtcu6_10 layout-component text-serif-m layout-normal text-serif-m layout-padded\">\u2013 Fris\u00f8rene, makeup-artistene, alle assistentene, til og med selve lokasjonen. Man tar bort det kunstneriske og kreative.<\/p>\n<p><img alt=\"David Gandy i London i 2014.  Foto: Jonathan Short \/ AP \/ NTB\" class=\"_image_qp4xg_65 layout-component layout-normal\" data-fullscreen- data-track-element-type=\"Article image fullscreen\" data-track-name=\"ImageFullscreen\" decoding=\"async\" loading=\"lazy\" height=\"3005\" itemprop=\"image\"  src=\"https:\/\/www.europesays.com\/no\/wp-content\/uploads\/2025\/09\/a2ef22f2-fc19-4b08-852c-9f3efbb7ea12\"  style=\"object-position:0% 0%\" width=\"4789\"\/>David Gandy i London i 2014.  Foto: Jonathan Short \/ AP \/ NTB<\/p>\n<p class=\"_paragraph_ew2ao_4 _paragraph_xtcu6_10 layout-component text-serif-m layout-normal text-serif-m layout-padded\">Som far til to sm\u00e5 d\u00f8tre er 45-\u00e5ringen ogs\u00e5 bekymret for hvordan AI-genererte bilder p\u00e5virker unge menneskers mentale helse.<\/p>\n<p class=\"_paragraph_ew2ao_4 _paragraph_xtcu6_10 layout-component text-serif-m layout-normal text-serif-m layout-padded\">\u2013 Vi vet ikke hvilken p\u00e5virkning det har enn\u00e5, det \u00e5 se p\u00e5 noe som ikke engang er ekte, hvor personen faktisk ikke eksisterer, sier Gandy.<\/p>\n<p class=\"_paragraph_ew2ao_4 _paragraph_xtcu6_10 layout-component text-serif-m layout-normal text-serif-m layout-padded\">Modellen erkjenner imidlertid at ogs\u00e5 motebransjen m\u00e5 omfavne AI p\u00e5 et vis, men han etterlyser en regulering.<\/p>\n<p>Myndighetene vurderer<\/p>\n<p class=\"_paragraph_ew2ao_4 _paragraph_xtcu6_10 layout-component text-serif-m layout-normal text-serif-m layout-padded\">En talsperson for den britiske regjeringen sier til <a href=\"https:\/\/www.bbc.com\/news\/articles\/ceq2rz75xypo\" class=\"_link_ew2ao_39\" rel=\"nofollow noopener\" target=\"_blank\">BBC<\/a> at raskt utviklende teknologier som kunstig intelligens, gir store muligheter, men ogs\u00e5 komplekse utfordringer. <\/p>\n<p class=\"_paragraph_ew2ao_4 _paragraph_xtcu6_10 layout-component text-serif-m layout-normal text-serif-m layout-padded\">\u2013 Vi vet at enkelte er bekymret for hvordan de kan beskytte sitt eget utseende og identitet. Britisk lovgivning gir allerede en viss beskyttelse av ulike sider ved en persons identitet, og vi fortsetter \u00e5 innhente synspunkter p\u00e5 hvordan disse reglene fungerer, og om det er behov for endringer, heter det i uttalelsen.<\/p>\n<p class=\"_paragraph_ew2ao_4 _paragraph_xtcu6_10 layout-component text-serif-m layout-normal text-serif-m layout-padded\">For ti \u00e5r siden <a href=\"https:\/\/www.vg.no\/rampelys\/i\/5xLGm\/david-gandy-takket-nei-til-fifty-shades\" data-track-element-type=\"Link\" data-track-id=\"link:5xLGm\" class=\"_link_ew2ao_39\" rel=\"nofollow noopener\" target=\"_blank\">fikk Gandy tilbud<\/a> om \u00e5 spille rollen som Christian Grey i \u00abFifty Shades\u00bb-filmene. <\/p>\n<p class=\"_paragraph_ew2ao_4 _paragraph_xtcu6_10 layout-component text-serif-m layout-normal text-serif-m layout-padded\">Det takket han nei til. Han har aldri latt seg lokke til \u00e5 bli skuespiller. N\u00e5r han ikke jobber, lever han tilbaketrukket med samboer Stephanie Mendoros og barna.<\/p>\n<p class=\"_paragraph_ew2ao_4 _paragraph_xtcu6_10 layout-component text-serif-m layout-normal text-serif-m layout-padded\">\u2013 Jeg har alltid holdt privatlivet og jobben atskilt, sier han. <\/p>\n<p class=\"_paragraph_ew2ao_4 _paragraph_xtcu6_10 layout-component text-serif-m layout-normal text-serif-m layout-padded\">\u2013 Ingen vet hvordan barna mine ser ut. Det finnes ingen bilder av dem p\u00e5 nettet. Og jeg kommer heller ikke til \u00e5 legge ut hva jeg spiste til frokost, sier han til BBC.<\/p>\n<p>Les ogs\u00e5<\/p>\n","protected":false},"excerpt":{"rendered":"Den britiske modellveteranen (45) frykter at AI skal \u00f8delegge bransjen. David Gandy, her avbildet i London i fjor.&hellip;\n","protected":false},"author":2,"featured_media":40922,"comment_status":"","ping_status":"","sticky":false,"template":"","format":"standard","meta":{"footnotes":""},"categories":[58],"tags":[71,6470,6469,30,28,29,72],"class_list":{"0":"post-40921","1":"post","2":"type-post","3":"status-publish","4":"format-standard","5":"has-post-thumbnail","7":"category-underholdning","8":"tag-entertainment","9":"tag-kunstig-intelligens-ai","10":"tag-moter-og-modeller","11":"tag-no","12":"tag-norge","13":"tag-norway","14":"tag-underholdning"},"share_on_mastodon":{"url":"","error":""},"_links":{"self":[{"href":"https:\/\/www.europesays.com\/no\/wp-json\/wp\/v2\/posts\/40921","targetHints":{"allow":["GET"]}}],"collection":[{"href":"https:\/\/www.europesays.com\/no\/wp-json\/wp\/v2\/posts"}],"about":[{"href":"https:\/\/www.europesays.com\/no\/wp-json\/wp\/v2\/types\/post"}],"author":[{"embeddable":true,"href":"https:\/\/www.europesays.com\/no\/wp-json\/wp\/v2\/users\/2"}],"replies":[{"embeddable":true,"href":"https:\/\/www.europesays.com\/no\/wp-json\/wp\/v2\/comments?post=40921"}],"version-history":[{"count":0,"href":"https:\/\/www.europesays.com\/no\/wp-json\/wp\/v2\/posts\/40921\/revisions"}],"wp:featuredmedia":[{"embeddable":true,"href":"https:\/\/www.europesays.com\/no\/wp-json\/wp\/v2\/media\/40922"}],"wp:attachment":[{"href":"https:\/\/www.europesays.com\/no\/wp-json\/wp\/v2\/media?parent=40921"}],"wp:term":[{"taxonomy":"category","embeddable":true,"href":"https:\/\/www.europesays.com\/no\/wp-json\/wp\/v2\/categories?post=40921"},{"taxonomy":"post_tag","embeddable":true,"href":"https:\/\/www.europesays.com\/no\/wp-json\/wp\/v2\/tags?post=40921"}],"curies":[{"name":"wp","href":"https:\/\/api.w.org\/{rel}","templated":true}]}}