{"id":40998,"date":"2025-09-21T06:58:09","date_gmt":"2025-09-21T06:58:09","guid":{"rendered":"https:\/\/www.europesays.com\/no\/40998\/"},"modified":"2025-09-21T06:58:09","modified_gmt":"2025-09-21T06:58:09","slug":"morgenrapport-vaer-innlagt-pa-sykehus-etter-voldshendelse-mellom-flere-personer","status":"publish","type":"post","link":"https:\/\/www.europesays.com\/no\/40998\/","title":{"rendered":"Morgenrapport, V\u00e6r | Innlagt p\u00e5 sykehus etter voldshendelse mellom flere personer"},"content":{"rendered":"\n<p>En innringer ringte natt til s\u00f8ndag til politiet etter \u00e5 ha observert en dame som kj\u00f8rte p\u00e5 to biler i Verdal sentrum. En dame i 40-\u00e5rene ble innbrakt til legevakt for bevissikring etter mistanke om ruskj\u00f8ring.<\/p>\n<p>Klokken 00.10 rykket en politipatrulje ut til et utested i Stj\u00f8rdal sentrum. Der oppsto det en diskusjon mellom to parter p\u00e5 byen, hvor en mann i 40-\u00e5rene var kranglete og utagerte mot politiet.<\/p>\n<p>\u2013 Han spyttet blant annet p\u00e5 politiet, opplyser politiets operasjonsleder Kirsten Haugen Bergstr\u00f8m s\u00f8ndag morgen.<\/p>\n<p>Voldshendelse med flere personer<\/p>\n<p>Politiet rykket klokken 02.49 ut til en voldshendelse mellom flere personer i Verdal sentrum \u2013 hvor politiet kj\u00f8rte en skadet mann i 20-\u00e5rene til legevakta.<\/p>\n<p>\u2013 Det var snakk om b\u00e5de slag og spark, sier Bergstr\u00f8m \u2013 som legger til at skadegraden forel\u00f8pig er ukjent.<\/p>\n<p>Forn\u00e6rmede ble lagt inn p\u00e5 sykehuset for observasjon og saken blir anmeldt.<\/p>\n<p>\u2013 Vi jobber videre med hvem som var involvert, legger Bergstr\u00f8m til.<\/p>\n<p>\u2013 Mer enn noen gang f\u00f8r<\/p>\n<p>Klokken 02.21 kom en patrulje over en bil som hadde snedig kj\u00f8reatferd i Levanger. En mann i 20-\u00e5rene ble innbrakt til legevakta for bevissikring etter mistanke om ruskj\u00f8ring. Saken anmeldes.<\/p>\n<p>Politiet har f\u00e5tt sv\u00e6rt mange meldinger om ruskj\u00f8ring denne helga.<\/p>\n<p>\u2013 Det har v\u00e6rt mer enn jeg har v\u00e6rt borti noen gang f\u00f8r. Det liker vi ikke, sier Bergstr\u00f8m.<\/p>\n<p>Tordenv\u00e6r<\/p>\n<p>Helga avsluttes med overskyet v\u00e6r, noe nedb\u00f8r og fare for torden, opplyser meteorologene. Her er Yr sitt tekstvarsel for dagen:<\/p>\n<p>\u00abOpptil frisk bris av skiftende retning, tidlig p\u00e5 dagen \u00f8kning til vest eller nordvest liten kuling, p\u00e5 kysten perioder med stiv kuling, fra i ettermiddag kan hende sterk kuling. Skyet eller delvis skyet. Regnbyger, i kveld sn\u00f8byger over ca. 1000 m. I kveld utrygt for torden.\u00bb<\/p>\n<p>P\u00e5 T-A.no<\/p>\n<p>P\u00e5 Tr\u00f8nder-Avisas nettutgave kan du i dag lese om hvilke omr\u00e5der som er mest utsatt for kvikkleire. Tallet er \u00f8kende. \u2013 Hadde jeg visst det da jeg kj\u00f8pte huset, hadde jeg unders\u00f8kt mer, sier Johan Gomo:<\/p>\n<p>  <a href=\"https:\/\/www.t-a.no\/5-116-2220425\" class=\"related-teaser has-image default-story-teaser article--c-eRUmMG article--c-eRUmMG-jKCPdD-design-default\" rel=\"nofollow noopener\" target=\"_blank\"><\/p>\n<p>    <img decoding=\"async\" loading=\"lazy\"  src=\"https:\/\/www.europesays.com\/no\/wp-content\/uploads\/2025\/09\/Skjermbilde+2025-09-16+131054.jpg\" alt=\"\" class=\"brick-c-cFOWSL\" style=\"\"\/><\/p>\n<p>\n            Les ogs\u00e5<\/p>\n<p>              Flere tusen bor p\u00e5 kvikkleire: Her er det mest utsatt\n        <\/p>\n<p>  <\/a><\/p>\n<p>Du kan ogs\u00e5 lese om Mina, som fortsatt har vondt etter den suspenderte legens inngrep. \u2013 Helt ufattelig, sier mamma Lene Lyng\u00e5s:<\/p>\n<p>  <a href=\"https:\/\/www.t-a.no\/5-116-2218891\" class=\"related-teaser has-image default-feature-teaser article--c-eRUmMG article--c-eRUmMG-jKCPdD-design-default\" rel=\"nofollow noopener\" target=\"_blank\"><\/p>\n<p>    <img decoding=\"async\" loading=\"lazy\"  src=\"https:\/\/www.europesays.com\/no\/wp-content\/uploads\/2025\/09\/Mina_front.jpg\" alt=\"\" class=\"brick-c-cFOWSL\" style=\"\"\/><\/p>\n<p>\n            Les ogs\u00e5<\/p>\n<p>              Legen suspendert \u2013 Mina (14) har fortsatt smerter etter inngrepet\n        <\/p>\n<p>  <\/a><br \/>\n  Andre nyheter<\/p>\n<p>Her er nattens viktigste nyheter, if\u00f8lge NTB:<\/p>\n<p><b>Flere skutt ved golfklubb i Nashua<\/b><\/p>\n<p>En er d\u00f8d etter at en skyteepisode ved en golfklubb i New Hampshire, USA. I tillegg er flere personer skadet. Politiet i New Hampshire opplyser at en voksen mann tok seg inn p\u00e5 Sky Meadow Country Club i Nashua og avfyrte flere skudd.<\/p>\n<p>\u2013 \u00c9n voksen mann ble skutt og drept, og flere andre s\u00e5ret, opplyser politiet i New Hampshire i en uttalelse.<\/p>\n<p>Det har s\u00e5 langt ikke kommet informasjon om tilstanden til ofrene, men if\u00f8lge avisen Patch er minst tre personer er fraktet til sykehus. Det ble f\u00f8rst meldt om at det var to personer som skal ha skutt, men politiet i Nashua opplyser at videooverv\u00e5king bekrefter at det kun var \u00e9n skytter \u2013 og at vedkommende er p\u00e5grepet.<\/p>\n<p><b>Skotheim bryter VM-tikampen etter hekkedrama<\/b><\/p>\n<p>Sander Skotheim br\u00f8t tikampen under friidretts-VM i Tokyo etter \u00e5 ha blitt diskvalifisert p\u00e5 110 meter hekk. 23-\u00e5ringen, som l\u00e5 p\u00e5 andreplass i sammendraget, fikk problemer og m\u00e5tte sl\u00e5 ned en hekk, noe som f\u00f8rte til diskvalifikasjon.<\/p>\n<p>Dette er andre gang p\u00e5 kort tid at Skotheim opplever VM-drama, etter at han i fjor endte uten resultat i stav under OL. Tidligere i \u00e5r tok han gull i sjukamp under innend\u00f8rs-VM i Kina.<\/p>\n<p><b>Ras stenger E16 i Hole<\/b><\/p>\n<p>E16 i Hole kommune er stengt i begge retninger etter at et mindre ras med jord, steinmasser og tr\u00e6r gikk over veien ved Garntangen kiosk l\u00f8rdag kveld.<\/p>\n<p>Massene dekker begge kj\u00f8refeltene, og veien vil ikke \u00e5pnes f\u00f8r en geolog har vurdert rasstedet. Ved 1-tiden kunne mannskaper fortsatt h\u00f8re lyder fra skr\u00e5ningen der raset kom fra.<\/p>\n<p>Personbiler kan kj\u00f8re om \u00c5sa\/\u00c5saveien, mens tyngre kj\u00f8ret\u00f8y m\u00e5 benytte FV350. Ingen personer er skadet i hendelsen.<\/p>\n<p><b>Vietnams Duc Phuc vant Intervision<\/b><\/p>\n<p>Vietnams Duc Phuc vant l\u00f8rdag kveld Intervision, det russiske alternativet til Eurovision Song Contest (ESC). Duc Phucs \u00abPhu Dong Thien Vuong\u00bb fikk 422 poeng av en internasjonal jury sammensatt av representanter fra de 23 landene som deltok.<\/p>\n<p>I motsetning til ESC fikk ikke publikum stemme. Russland har v\u00e6rt utestengt fra \u00e5 delta i Eurovision Song Contest siden 2022, etter sin fullskala invasjon av Ukraina.<\/p>\n<p><b>Maduros YouTube-konto fjernet uten forklaring<\/b><\/p>\n<p>Venezuelas president Nicol\u00e1s Maduro har mistet sin YouTube-konto med over 200 000 f\u00f8lgere. Kontoen, som inneholdt presidentens taler og TV-opptredener, forsvant fredag kveld uten forklaring.<\/p>\n<p>Google har ikke kommentert saken, men fjerner vanligvis kontoer som bryter mot regler om feilinformasjon, hatefulle ytringer eller innhold som skader demokratiske prosesser.<\/p>\n<p>Hendelsen skjer mens spenningen \u00f8ker mellom USA og Venezuela, og etter at Maduro er anklaget for valgfusk ved presidentvalget i juli. EU, USA og FN har uttrykt tvil om valgresultatet.<\/p>\n","protected":false},"excerpt":{"rendered":"En innringer ringte natt til s\u00f8ndag til politiet etter \u00e5 ha observert en dame som kj\u00f8rte p\u00e5 to&hellip;\n","protected":false},"author":2,"featured_media":3842,"comment_status":"","ping_status":"","sticky":false,"template":"","format":"standard","meta":{"footnotes":""},"categories":[10],"tags":[36,20,21,24,25,15,22,23,492,739,13,30,28,29,14,16,756,1510,26,27,941,553,2133],"class_list":{"0":"post-40998","1":"post","2":"type-post","3":"status-publish","4":"format-standard","5":"has-post-thumbnail","7":"category-norge","8":"tag-art","9":"tag-breaking-news","10":"tag-breakingnews","11":"tag-featured-news","12":"tag-featurednews","13":"tag-headlines","14":"tag-latest-news","15":"tag-latestnews","16":"tag-levanger","17":"tag-morgenrapport","18":"tag-news","19":"tag-no","20":"tag-norge","21":"tag-norway","22":"tag-nyheter","23":"tag-overskrifter","24":"tag-stjordal","25":"tag-story","26":"tag-top-stories","27":"tag-topstories","28":"tag-ulykker-og-hendelser","29":"tag-vaer","30":"tag-verdal"},"share_on_mastodon":{"url":"","error":""},"_links":{"self":[{"href":"https:\/\/www.europesays.com\/no\/wp-json\/wp\/v2\/posts\/40998","targetHints":{"allow":["GET"]}}],"collection":[{"href":"https:\/\/www.europesays.com\/no\/wp-json\/wp\/v2\/posts"}],"about":[{"href":"https:\/\/www.europesays.com\/no\/wp-json\/wp\/v2\/types\/post"}],"author":[{"embeddable":true,"href":"https:\/\/www.europesays.com\/no\/wp-json\/wp\/v2\/users\/2"}],"replies":[{"embeddable":true,"href":"https:\/\/www.europesays.com\/no\/wp-json\/wp\/v2\/comments?post=40998"}],"version-history":[{"count":0,"href":"https:\/\/www.europesays.com\/no\/wp-json\/wp\/v2\/posts\/40998\/revisions"}],"wp:featuredmedia":[{"embeddable":true,"href":"https:\/\/www.europesays.com\/no\/wp-json\/wp\/v2\/media\/3842"}],"wp:attachment":[{"href":"https:\/\/www.europesays.com\/no\/wp-json\/wp\/v2\/media?parent=40998"}],"wp:term":[{"taxonomy":"category","embeddable":true,"href":"https:\/\/www.europesays.com\/no\/wp-json\/wp\/v2\/categories?post=40998"},{"taxonomy":"post_tag","embeddable":true,"href":"https:\/\/www.europesays.com\/no\/wp-json\/wp\/v2\/tags?post=40998"}],"curies":[{"name":"wp","href":"https:\/\/api.w.org\/{rel}","templated":true}]}}