{"id":40999,"date":"2025-09-21T07:01:20","date_gmt":"2025-09-21T07:01:20","guid":{"rendered":"https:\/\/www.europesays.com\/no\/40999\/"},"modified":"2025-09-21T07:01:20","modified_gmt":"2025-09-21T07:01:20","slug":"dagens-horoskop-for-sondag-21-september","status":"publish","type":"post","link":"https:\/\/www.europesays.com\/no\/40999\/","title":{"rendered":"Dagens horoskop for s\u00f8ndag 21. september"},"content":{"rendered":"<p>Hver dag vil v\u00e5r astrolog Sol gi deg et innblikk i fremtiden. Er du nysgjerrig p\u00e5 kj\u00e6rlighet, jobb, \u00f8konomi, venner eller kanskje familie? La stjernetegnet ditt vise vei. Pssst, <a href=\"https:\/\/www.kk.no\/horoskop\" rel=\"nofollow noopener\" target=\"_blank\">her finner du v\u00e5rt ukeshoroskop<\/a>.<\/p>\n<p class=\"font-weight-bold m-font-weight-bold\" data-lab-font_weight=\"font-weight-bold\">Nedenfor finner du horoskopet for s\u00f8ndag 21. september.<\/p>\n<p>    KKs Astrolog<\/p>\n<ul>\n<li>Sol W. Jonassen (46).<\/li>\n<li>Utdannet Evolusjon\u00e6r Astrolog, Soulflow terapeut og meditasjonsinstrukt\u00f8r.<\/li>\n<li>Har jobbet internasjonalt med \u00e5 holde foredrag og undervise i 20 \u00e5r.<\/li>\n<\/ul>\n<p>      Vis mer<br \/>\n      Vis mindre<\/p>\n<p>V\u00c6REN\t<\/p>\n<p>F\u00f8dt: 21. mars\u201320. april<\/p>\n<p> Dagens<br \/>\nnym\u00e5ne er ekstra kraftfull siden den ogs\u00e5 sammenfaller med en eklipse. Eklipser<br \/>\nfungerer ofte som sterke triggere for vekst, gjerne ved \u00e5 tromme sammen en<br \/>\nstorm du ikke kan gjemme deg fra. Denne nym\u00e5nen aktiverer din sektor for helse,<br \/>\nrutiner og arbeid. Det kan vekke et sterkt behov for \u00e5 skape en positiv<br \/>\nendring, selv om du enn\u00e5 ikke helt vet hvor du skal begynne. V\u00e6r oppmerksom,<br \/>\nfor det er godt mulig at du i disse dager f\u00e5r en tydelig pekepinn p\u00e5 nettopp<br \/>\nhvor du b\u00f8r rette fokuset ditt s\u00e5 du kan komme deg videre. <\/p>\n<p>TYREN\t<\/p>\n<p>F\u00f8dt: 21. april\u201321. mai<\/p>\n<p> Det<br \/>\ner nym\u00e5ne og eklipse, og ingen slipper helt unna intensiteten denne kosmiske<br \/>\nkraften bringer med seg. Dersom du tidligere har v\u00e6rt lei av noe, vil du n\u00e5<br \/>\nkjenne deg s\u00e5 mettet at du ikke lenger er i tvil om hva du egentlig f\u00f8ler og<br \/>\n\u00f8nsker. Det du p\u00e5 mange m\u00e5ter har visst lenge, men manglet mot til \u00e5 ta tak i,<br \/>\nkan ikke lenger benektes. Et vanskelig, men viktig valg kan rette blikket ditt<br \/>\nmot en ny horisont. Og n\u00e5r tvilen f\u00f8rst slipper taket, st\u00e5r du igjen uten annet<br \/>\nvalg enn \u00e5 \u00e5pne deg for det ukjente. Ta imot, og la livet lede deg videre. <\/p>\n<p>    <a itemprop=\"url\" href=\"https:\/\/www.kk.no\/helse\/nye-funn-om-slankesproyter-kan-gi-bedre-resultater\/83583492\" rel=\"nofollow noopener\" target=\"_blank\"><\/p>\n<p>      <img loading=\"lazy\" decoding=\"async\" src=\"https:\/\/www.europesays.com\/no\/wp-content\/uploads\/2025\/09\/1758438070_13_76633707.webp\" width=\"980\" height=\"441\" title=\"Nye funn om slankespr\u00f8yter: - Kan gi bedre resultater\" alt=\"\" class=\"lazyload\" style=\"--aspect-ratio-image: 2.22; \"\/><\/p>\n<p>        Nye funn om slankespr\u00f8yter: &#8211; Kan gi bedre resultater<\/p>\n<p>    <\/a><\/p>\n<p>TVILLINGENE\t<\/p>\n<p>F\u00f8dt: 22. mai\u201321. juni<\/p>\n<p> Det<br \/>\ner ikke det du gjorde f\u00f8r som teller n\u00e5, det er handlingene dine i dag som<br \/>\nformer fremtiden. En kraftfull nym\u00e5ne er p\u00e5 vei, og b\u00e5de Saturn og Neptun<br \/>\nspiller med, noe som gj\u00f8r det ekstra viktig \u00e5 v\u00e6re bevisst hvor du retter<br \/>\noppmerksomheten. Ikke la tankene drive tilbake til fortiden. Gjort er gjort, og<br \/>\nspist er spist. Anger endrer ingenting, men l\u00e6rdommen du tar med deg kan bli en<br \/>\nverdifull rettesnor videre. Fokuser p\u00e5 veien fremover, og vit at det du tar i<br \/>\nakkurat n\u00e5, er essensielt og meningsfullt. Du st\u00e5r n\u00e5 midt i en prosess som kan<br \/>\nl\u00e6re deg noe veldig viktig. <\/p>\n<p>    <a itemprop=\"url\" href=\"https:\/\/www.kk.no\/samliv\/alle-parforhold-er-et-tapsprosjekt-1\/83594125\" rel=\"nofollow noopener\" target=\"_blank\"><\/p>\n<p>      <img loading=\"lazy\" decoding=\"async\" src=\"https:\/\/www.europesays.com\/no\/wp-content\/uploads\/2025\/09\/1758438071_493_81316290.webp\" width=\"980\" height=\"441\" title=\"- Alle parforhold er et tapsprosjekt\" alt=\"\" class=\"lazyload\" style=\"--aspect-ratio-image: 2.22; \"\/><\/p>\n<p>        &#8211; Alle parforhold er et tapsprosjekt<\/p>\n<p>    <\/a><\/p>\n<p>KREPSEN\t<\/p>\n<p>F\u00f8dt: 22. juni\u201322. juli<\/p>\n<p> Dagens<br \/>\nnym\u00e5ne b\u00e6rer et seri\u00f8st preg, ettersom Saturn, planeten for ansvar og plikt, er<br \/>\nsterkt til stede. Som om ikke det var nok, er det ogs\u00e5 en eklipse, og i kjent<br \/>\nstil trekker den frem essensielle temaer som blir umulige \u00e5 overse. Et forhold,<br \/>\nenten vennskapelig eller romantisk, kan n\u00e5 tre i bakgrunnen til fordel for en<br \/>\ndypere prosess: ditt eget forhold til deg selv. Hvordan du verdsetter deg selv,<br \/>\nspeiles ofte i hvordan andre m\u00f8ter deg med respekt. Dersom du f\u00f8ler at ting<br \/>\nikke er slik de burde, f\u00e5r du n\u00e5 muligheten til \u00e5 forst\u00e5 hvorfor og til \u00e5 se<br \/>\nhva du kan gj\u00f8re med det. <\/p>\n<p>    <a itemprop=\"url\" href=\"https:\/\/www.kk.no\/kultur\/disse-stjernetegnene-passer-best-sammen\/67984373\" rel=\"nofollow noopener\" target=\"_blank\"><\/p>\n<p>      <img loading=\"lazy\" decoding=\"async\" src=\"https:\/\/www.europesays.com\/no\/wp-content\/uploads\/2025\/09\/1758438072_253_67984383.webp\" width=\"980\" height=\"441\" title=\"Disse stjernetegnene passer best sammen\" alt=\"\" class=\"lazyload\" style=\"--aspect-ratio-image: 2.22; \"\/><\/p>\n<p>        Disse stjernetegnene passer best sammen<\/p>\n<p>    <\/a><\/p>\n<p>L\u00d8VEN\t<\/p>\n<p>F\u00f8dt: 23. juli\u201323. august<\/p>\n<p> \u00c5rets<br \/>\nkanskje viktigste og mest betydningsfulle nym\u00e5ne dannes i kveld, og den kan<br \/>\nvekke opp en rastl\u00f8s energi, en f\u00f8lelse av \u00e5 ville noe, uten helt \u00e5 vite hva.<br \/>\nKanskje har du til og med mistet motet og lagt et kreativt prosjekt til side<br \/>\nf\u00f8r du egentlig har fors\u00f8kt, nettopp fordi m\u00e5let f\u00f8les s\u00e5 langt unna at du ikke<br \/>\nser hvordan du skal komme dit. Svaret er enklere enn du tror: Ta ett skritt av<br \/>\ngangen. Ikke forvent at alt skal falle p\u00e5 plass p\u00e5 en dag. Dette er en<br \/>\nl\u00e6reprosess, og hver lille seier bringer deg n\u00e6rmere m\u00e5let. <\/p>\n<p>    <a itemprop=\"url\" href=\"https:\/\/www.kk.no\/helse\/dette-er-oreplagene-du-bor-vaere-obs-pa\/83594107\" rel=\"nofollow noopener\" target=\"_blank\"><\/p>\n<p>      <img loading=\"lazy\" decoding=\"async\" src=\"https:\/\/www.europesays.com\/no\/wp-content\/uploads\/2025\/09\/1758438073_14_83594172.webp\" width=\"980\" height=\"441\" title=\"- Dette er \u00f8replagene du b\u00f8r v\u00e6re obs p\u00e5\" alt=\"\" class=\"lazyload\" style=\"--aspect-ratio-image: 2.22; \"\/><\/p>\n<p>        &#8211; Dette er \u00f8replagene du b\u00f8r v\u00e6re obs p\u00e5<\/p>\n<p>    <\/a><\/p>\n<p>JOMFRUEN\t<\/p>\n<p>F\u00f8dt: 24. august\u201323. september<\/p>\n<p> Det<br \/>\nkoster \u00e5 opprettholde en krevende standard. Selv om du er b\u00e5de kreativ, kapabel<br \/>\nog presis, kan du ha tatt p\u00e5 deg mer enn du egentlig klarer \u00e5 b\u00e6re. N\u00e5 kan du<br \/>\nst\u00e5 i en situasjon hvor du innser at du ikke kan strekke deg lenger, og at du<br \/>\nkanskje m\u00e5 g\u00e5 tilbake p\u00e5 et l\u00f8fte eller justere prioriteringene dine. Det kan<br \/>\nf\u00f8les som et nederlag dersom du velger \u00e5 se det slik, men egentlig er det bare<br \/>\net uttrykk for din menneskelighet. Selv om det kan v\u00e6re litt ydmykende \u00e5<br \/>\nerkjenne at du ikke klarte \u00e5 sjonglere alt uten at det ble kaotisk, kan det<br \/>\nsamtidig v\u00e6re en stor lettelse \u00e5 slippe presset og gi deg selv mer rom til \u00e5<br \/>\npuste. <\/p>\n<p>    <a itemprop=\"url\" href=\"https:\/\/www.kk.no\/mote\/er-det-en-farge-du-bor-ga-for-i-host-sa-er-det-denne\/83536686\" rel=\"nofollow noopener\" target=\"_blank\"><\/p>\n<p>      <img loading=\"lazy\" decoding=\"async\" src=\"https:\/\/www.europesays.com\/no\/wp-content\/uploads\/2025\/09\/1758438074_386_83536867.webp\" width=\"980\" height=\"441\" title=\"Er det \u00e9n farge du b\u00f8r g\u00e5 for i h\u00f8st, s\u00e5 er det denne\" alt=\"\" class=\"lazyload\" style=\"--aspect-ratio-image: 2.22; \"\/><\/p>\n<p>        Er det \u00e9n farge du b\u00f8r g\u00e5 for i h\u00f8st, s\u00e5 er det denne<\/p>\n<p>    <\/a><\/p>\n<p>VEKTEN\t<\/p>\n<p>F\u00f8dt: 24. september\u201323. oktober<\/p>\n<p> En<br \/>\nintens og mektig nym\u00e5ne er i ferd med \u00e5 dannes, og det klokeste du kan gj\u00f8re<br \/>\nn\u00e5, er \u00e5 trekke deg litt tilbake og ta vare p\u00e5 deg selv. Det er det tid for<br \/>\npledd, sofa og den hvilen b\u00e5de hodet og kroppen trenger. Legg bort alt du<br \/>\nuansett ikke kan gj\u00f8re noe med her og n\u00e5, og gi deg selv rom til \u00e5 lade<br \/>\nbatteriene. Om du kjenner p\u00e5 skuffelse, la f\u00f8lelsene f\u00e5 tid og plass til \u00e5<br \/>\nbearbeides. Livet blir ikke alltid som forventet, men du kan finne fred med<br \/>\ndet, og \u00e5pne opp for en ny begynnelse n\u00e5r energien vender tilbake. <\/p>\n<p>    <a itemprop=\"url\" href=\"https:\/\/www.kk.no\/mote\/denne-enkle-frisyren-trender-na\/83593605\" rel=\"nofollow noopener\" target=\"_blank\"><\/p>\n<p>      <img loading=\"lazy\" decoding=\"async\" src=\"https:\/\/www.europesays.com\/no\/wp-content\/uploads\/2025\/09\/83593612.webp\" width=\"980\" height=\"441\" title=\"Denne enkle frisyren trender n\u00e5\" alt=\"\" class=\"lazyload\" style=\"--aspect-ratio-image: 2.22; \"\/><\/p>\n<p>        Denne enkle frisyren trender n\u00e5<\/p>\n<p>    <\/a><\/p>\n<p>SKORPIONEN\t<\/p>\n<p>F\u00f8dt: 24. oktober\u201322. november<\/p>\n<p> En<br \/>\nro har senket seg over deg, et speil p\u00e5 at du har gjort jobben din, og gjort<br \/>\nden godt. Har du st\u00e5tt i en konflikt, kan den n\u00e5 gli i bakgrunnen, og du og den<br \/>\nandre parten har kanskje funnet frem til en enighet dere begge kan leve med.<br \/>\nKanskje har du ogs\u00e5 valgt \u00e5 kutte b\u00e5nd som ikke lenger ga mening, og nettopp<br \/>\nderfor kjenner du n\u00e5 en dyp fred med det som har utspilt seg den siste tiden.<br \/>\nMed nym\u00e5nen i luften er oppgaven din i dag \u00e5 slippe taket. Len deg inn i livet<br \/>\nslik det er, uten \u00e5 bruke energi p\u00e5 alt som kunne v\u00e6rt annerledes. <\/p>\n<p>    <a itemprop=\"url\" href=\"https:\/\/www.kk.no\/underholdning\/det-var-deilig-a-gi-litt-blanke-1\/83600145\" rel=\"nofollow noopener\" target=\"_blank\"><\/p>\n<p>      <img loading=\"lazy\" decoding=\"async\" src=\"https:\/\/www.europesays.com\/no\/wp-content\/uploads\/2025\/09\/83078803.webp\" width=\"980\" height=\"441\" title=\"- Det var deilig \u00e5 gi litt blanke\" alt=\"\" class=\"lazyload\" style=\"--aspect-ratio-image: 2.22; \"\/><\/p>\n<p>        &#8211; Det var deilig \u00e5 gi litt blanke<\/p>\n<p>    <\/a><\/p>\n<p>SKYTTEN<\/p>\n<p>F\u00f8dt: 23. november\u201321. desember<\/p>\n<p> Sent<br \/>\ni kveld er det nym\u00e5ne og dagens kosmos kan b\u00e6re preg av det som ofte skjer rett<br \/>\nf\u00f8r m\u00e5nen er ny. Du kan f\u00f8le deg mettet av noe som har en tendens til \u00e5 skje<br \/>\nigjen og igjen, og selv om du enda ikke vet helt hva du skal gj\u00f8re med<br \/>\nsituasjonen, f\u00e5r du n\u00e5 en liten p\u00e5minner om at det ikke lenger g\u00e5r \u00e5 feie<br \/>\nproblemet under teppet. Det er godt mulig du sp\u00f8r deg selv om det er du som<br \/>\noverreagerer eller om din reaksjon er berettiget, og mest sannsynlig vil du<br \/>\nkomme frem til at du b\u00f8r si ifra og vise at du har en tydelig grense, uansett<br \/>\nhvor forst\u00e5elsesfull du er. <\/p>\n<p>    <a itemprop=\"url\" href=\"https:\/\/www.kk.no\/livet\/pensjonsradgiver-mange-kvinner-far-sjokk-nar-de-innser-dette-etter-skilsmissen\/83595156\" rel=\"nofollow noopener\" target=\"_blank\"><\/p>\n<p>      <img loading=\"lazy\" decoding=\"async\" src=\"https:\/\/www.europesays.com\/no\/wp-content\/uploads\/2025\/09\/83600136.webp\" width=\"980\" height=\"441\" title=\"Pensjonsr\u00e5dgiver: - Mange kvinner f\u00e5r sjokk n\u00e5r de innser dette etter skilsmissen\" alt=\"\" class=\"lazyload\" style=\"--aspect-ratio-image: 2.22; \"\/><\/p>\n<p>        Pensjonsr\u00e5dgiver: &#8211; Mange kvinner f\u00e5r sjokk n\u00e5r de innser dette etter skilsmissen<\/p>\n<p>    <\/a><\/p>\n<p>STEINBUKKEN<\/p>\n<p>F\u00f8dt: 22. desember\u201320. januar<\/p>\n<p> Dagens<br \/>\nkosmos kan v\u00e6re en smule vanskelig \u00e5 navigere. Det er nym\u00e5ne i luften, en som<br \/>\nvekker opp planeten for fantasi, Neptun, og som drar med seg Steinbukkens<br \/>\nplanet, Saturn, i samme slengen, og du kan ende opp med \u00e5 sp\u00f8rre deg selv om<br \/>\nhva som er virkelig og hva du finner p\u00e5 oppe i hodet ditt. Usikkerhet i<br \/>\nforbindelse med fremtiden og utydelige visjoner krever at du ikke tenker s\u00e5<br \/>\nlangt frem i tid. Sett en fot foran den andre og hold bekymringene i sjakk med<br \/>\n\u00e5 vende fokuset over p\u00e5 det du vet, og det du kan forholde deg til. <\/p>\n<p>    <a itemprop=\"url\" href=\"https:\/\/www.kk.no\/samliv\/opplever-du-at-menn-gradvis-mister-interessen-prov-dette\/82077616\" rel=\"nofollow noopener\" target=\"_blank\"><\/p>\n<p>      <img loading=\"lazy\" decoding=\"async\" src=\"https:\/\/www.europesays.com\/no\/wp-content\/uploads\/2025\/09\/82133063.webp\" width=\"980\" height=\"441\" title=\"Opplever du at menn gradvis mister interessen? - Pr\u00f8v dette!\" alt=\"\" class=\"lazyload\" style=\"--aspect-ratio-image: 2.22; \"\/><\/p>\n<p>        Opplever du at menn gradvis mister interessen? &#8211; Pr\u00f8v dette!<\/p>\n<p>    <\/a><\/p>\n<p>VANNMANNEN<\/p>\n<p>F\u00f8dt: 21. januar\u201318. februar<\/p>\n<p> Du<br \/>\ner p\u00e5 god vei mot fremtiden, og de dr\u00f8mmer og visjoner du har er innen<br \/>\nrekkevidde, men du m\u00e5 sm\u00f8re deg med t\u00e5lmodighet og roe ned hastverket. Saturn,<br \/>\nplaneten for ansvar og plikt, trekker i dagens nym\u00e5ne og viser deg at du<br \/>\nfremdeles har en jobb \u00e5 gj\u00f8re, en som tar den tiden den tar. Du vil ikke finne<br \/>\nfrihet f\u00f8r du har gjort deg helt ferdig med det du st\u00e5r i, og selv om det er<br \/>\nfristende \u00e5 ta en snarvei eller hoppe over ett trinn, vet du at du ikke er<br \/>\ns\u00e6rlig god p\u00e5 \u00e5 lure deg selv. Kommer det opp sterke f\u00f8lelser i dag, ta deg tid<br \/>\ntil \u00e5 bearbeide de. <\/p>\n<p>    <a itemprop=\"url\" href=\"https:\/\/www.kk.no\/tema\/superovelsen-for-korsryggen-mange-tror-de-ma-trene-hardt-for-a-fa-effekt\/83600414\" rel=\"nofollow noopener\" target=\"_blank\"><\/p>\n<p>      <img loading=\"lazy\" decoding=\"async\" src=\"https:\/\/www.europesays.com\/no\/wp-content\/uploads\/2025\/09\/1758438079_357_83600596.webp\" width=\"980\" height=\"441\" title=\"Super\u00f8velsen for korsryggen: \u2013 Mange tror de m\u00e5 trene hardt for \u00e5 f\u00e5 effekt\" alt=\"\" class=\"lazyload\" style=\"--aspect-ratio-image: 2.22; \"\/><\/p>\n<p>        Super\u00f8velsen for korsryggen: \u2013 Mange tror de m\u00e5 trene hardt for \u00e5 f\u00e5 effekt<\/p>\n<p>    <\/a><\/p>\n<p>FISKENE<\/p>\n<p>F\u00f8dt: 19. februar\u201320. mars<\/p>\n<p> Saturn<br \/>\nhar n\u00e5 gjort sitt inntog og er tilbake i ditt tegn. Dette minner deg om \u00e5 tre<br \/>\ninn i din egen autoritet og sette tydelige grenser \u2013 formidlet p\u00e5 en moden og<br \/>\nrespektfull m\u00e5te. Samtidig er det b\u00e5de nym\u00e5ne og eklipse, og kosmos spiller p\u00e5<br \/>\nde store trommene. Det kan gj\u00f8re det ekstra krevende \u00e5 holde f\u00f8lelsesmessige<br \/>\nreaksjoner i balanse. F\u00f8r du sier eller gj\u00f8r noe du senere kan angre p\u00e5, ta et<br \/>\nskritt tilbake og vurder hvilke kamper som faktisk er verdt \u00e5 ta. N\u00e5r du velger<br \/>\nden konstruktive veien, vil du st\u00e5 sterkere i deg selv og bruke kreftene der de<br \/>\nvirkelig gj\u00f8r en forskjell. <\/p>\n<p>    <a itemprop=\"url\" href=\"https:\/\/www.kk.no\/kultur\/denne-treningen-passer-for-deg\/67987682\" rel=\"nofollow noopener\" target=\"_blank\"><\/p>\n<p>      <img loading=\"lazy\" decoding=\"async\" src=\"https:\/\/www.europesays.com\/no\/wp-content\/uploads\/2025\/09\/1758438080_614_67987690.webp\" width=\"980\" height=\"441\" title=\"Denne treningen passer for deg\" alt=\"\" class=\"lazyload\" style=\"--aspect-ratio-image: 2.22; \"\/><\/p>\n<p>        Denne treningen passer for deg<\/p>\n<p>    <\/a><\/p>\n","protected":false},"excerpt":{"rendered":"Hver dag vil v\u00e5r astrolog Sol gi deg et innblikk i fremtiden. Er du nysgjerrig p\u00e5 kj\u00e6rlighet, jobb,&hellip;\n","protected":false},"author":2,"featured_media":2150,"comment_status":"","ping_status":"","sticky":false,"template":"","format":"standard","meta":{"footnotes":""},"categories":[58],"tags":[4065,4064,71,4063,30,28,29,4066,72],"class_list":{"0":"post-40999","1":"post","2":"type-post","3":"status-publish","4":"format-standard","5":"has-post-thumbnail","7":"category-underholdning","8":"tag-astrologi","9":"tag-dagens_horoskop","10":"tag-entertainment","11":"tag-horoskop","12":"tag-no","13":"tag-norge","14":"tag-norway","15":"tag-stjernetegn","16":"tag-underholdning"},"share_on_mastodon":{"url":"","error":""},"_links":{"self":[{"href":"https:\/\/www.europesays.com\/no\/wp-json\/wp\/v2\/posts\/40999","targetHints":{"allow":["GET"]}}],"collection":[{"href":"https:\/\/www.europesays.com\/no\/wp-json\/wp\/v2\/posts"}],"about":[{"href":"https:\/\/www.europesays.com\/no\/wp-json\/wp\/v2\/types\/post"}],"author":[{"embeddable":true,"href":"https:\/\/www.europesays.com\/no\/wp-json\/wp\/v2\/users\/2"}],"replies":[{"embeddable":true,"href":"https:\/\/www.europesays.com\/no\/wp-json\/wp\/v2\/comments?post=40999"}],"version-history":[{"count":0,"href":"https:\/\/www.europesays.com\/no\/wp-json\/wp\/v2\/posts\/40999\/revisions"}],"wp:featuredmedia":[{"embeddable":true,"href":"https:\/\/www.europesays.com\/no\/wp-json\/wp\/v2\/media\/2150"}],"wp:attachment":[{"href":"https:\/\/www.europesays.com\/no\/wp-json\/wp\/v2\/media?parent=40999"}],"wp:term":[{"taxonomy":"category","embeddable":true,"href":"https:\/\/www.europesays.com\/no\/wp-json\/wp\/v2\/categories?post=40999"},{"taxonomy":"post_tag","embeddable":true,"href":"https:\/\/www.europesays.com\/no\/wp-json\/wp\/v2\/tags?post=40999"}],"curies":[{"name":"wp","href":"https:\/\/api.w.org\/{rel}","templated":true}]}}