{"id":41027,"date":"2025-09-21T08:04:09","date_gmt":"2025-09-21T08:04:09","guid":{"rendered":"https:\/\/www.europesays.com\/no\/41027\/"},"modified":"2025-09-21T08:04:09","modified_gmt":"2025-09-21T08:04:09","slug":"mark-harmon-fra-ncis-stjerne-til-ny-look-2","status":"publish","type":"post","link":"https:\/\/www.europesays.com\/no\/41027\/","title":{"rendered":"Mark Harmon: Fra NCIS-stjerne til ny look"},"content":{"rendered":"<p class=\"kicker \" style=\"\">Mark Harmon:\u00a0<\/p>\n<p>  Han var den kjekke og beinharde agenten med st\u00e5lblikk som trollbandt seerne, men s\u00e5 trakk han seg tilbake.\u00a0<\/p>\n<p>\n    KJENT FJES: Skuespiller Mark Harmon er et kjent fjes for mange nordmenn. Foto: Nico Tyler \/ Backgrid via NTB\n  <\/p>\n<p>Han var elsket av millioner som den t\u00f8ffe agent Gibbs i \u00abNCIS\u00bb, men i 2021 trakk Mark Harmon (73) seg tilbake fra rampelyset.\u00a0<\/p>\n<p>Serien gikk over hele 20 sesonger og ble en av verdens mest popul\u00e6re krimserier.\u00a0<\/p>\n<p>Seersuksess\t<\/p>\n<p>H\u00f8ydepunktet kom i 2009, da serien samlet over 20 millioner amerikanske seere hver uke. I 2014 ble den k\u00e5ret til verdens mest sette dramaserie med 57,6 millioner seere globalt, skriver nettstedet <a href=\"https:\/\/screenrant.com\/ncis-show-most-watched-tv-record-broken\/?utm_source=chatgpt.com\" rel=\"nofollow noopener\" target=\"_blank\">Screenrant<\/a>. En rekord de for\u00f8vrig hadde frem til i fjor, da de ble sl\u00e5tt av serien \u00abTracker\u00bb.<\/p>\n<p>          <img loading=\"lazy\" decoding=\"async\" src=\"https:\/\/www.europesays.com\/no\/wp-content\/uploads\/2025\/09\/1758441848_572_83612866.webp\" width=\"686\" height=\"467\" title=\"STJERNE: Mark Harmon som president James Foster i storfilmen \u00abChasing Liberty\u00bb fra 2004. Foto: Jaap Buitendijk\/Alcon\/Kobal\/REX via NTB\" alt=\"\" class=\"\" style=\"--aspect-ratio-image: 1.47; \"\/><\/p>\n<p>\n          STJERNE: Mark Harmon som president James Foster i storfilmen \u00abChasing Liberty\u00bb fra 2004. Foto: Jaap Buitendijk\/Alcon\/Kobal\/REX via NTB\n      <\/p>\n<p class=\"font-weight-bold m-font-weight-bold\" data-lab-font_weight=\"font-weight-bold\">Over 20 \u00e5r senere holder den fortsatt stand i toppen, med i snitt 9,7 millioner ukentlige seere i deres siste sesong.\u00a0<\/p>\n<p>          <img loading=\"lazy\" decoding=\"async\" src=\"https:\/\/www.europesays.com\/no\/wp-content\/uploads\/2025\/09\/1758441848_454_83511898.webp\" width=\"686\" height=\"611\" title=\"HEDRET: For sin potrettering av agent \u00abGibbs\u00bb ble Harmon tildelt en stjerne p\u00e5 \u00abHollywood walk of fame\u00bb. Foto: Jim Ruymen\/UPI\/Shutterstock \/ NTB\" alt=\"\" class=\"\" style=\"--aspect-ratio-image: 1.12; \"\/><\/p>\n<p>\n          HEDRET: For sin potrettering av agent \u00abGibbs\u00bb ble Harmon tildelt en stjerne p\u00e5 \u00abHollywood walk of fame\u00bb. Foto: Jim Ruymen\/UPI\/Shutterstock \/ NTB\n      <\/p>\n<p>I sentrum av \u00abNCIS\u00bb sto Mark Harmon som agent \u00abLeroy Jethro Gibbs\u00bb &#8211; en rolle som gjorde ham til et kjent ansikt i hjem verden over.<\/p>\n<p>    <a itemprop=\"url\" href=\"https:\/\/www.seher.no\/kjendis\/hva-skjedde-na\/83614903\" rel=\"nofollow noopener\" target=\"_blank\"><\/p>\n<p>      <img loading=\"lazy\" decoding=\"async\" src=\"https:\/\/www.europesays.com\/no\/wp-content\/uploads\/2025\/09\/1758441848_582_83614375.webp\" width=\"980\" height=\"441\" title=\"- Hva skjedde n\u00e5?\" alt=\"\" class=\"lazyload\" style=\"--aspect-ratio-image: 2.22; \"\/><\/p>\n<p>        &#8211; Hva skjedde n\u00e5?<\/p>\n<p>    <\/a><\/p>\n<p>Serien oppstod som en spinoff av kriminalserien JAG og har per dags dato holdt det g\u00e5ende i 22 sesonger. Den har i Norge v\u00e6rt vist p\u00e5 b\u00e5de NRK og TV 3.<\/p>\n<p>Offentlig opptreden\t<\/p>\n<p>I august ble han for f\u00f8rste gang p\u00e5 lenge observert offentlig sammen med kona gjennom 38 \u00e5r, skuespiller Pam Dawber (73), da paret h\u00e5nd i h\u00e5nd n\u00f8t en iskremdate i Los Angeles, det skriver <a href=\"https:\/\/www.the-sun.com\/entertainment\/15041714\/ncis-mark-harmon-rare-outing-date-wife-pam-dawber\/\" rel=\"nofollow noopener\" target=\"_blank\">The Sun<\/a>. Den britiske tabloiden skriver ogs\u00e5 at han \u00abser ugjenkjennelig ut\u00bb.\u00a0<\/p>\n<p>Harmon, som forlot \u00abNCIS\u00bb i 2021 etter hele 18 \u00e5r, str\u00e5lte fra \u00f8re til \u00f8re.\u00a0\u00a0<\/p>\n<p>          <img loading=\"lazy\" decoding=\"async\" src=\"https:\/\/www.europesays.com\/no\/wp-content\/uploads\/2025\/09\/1758441849_649_83511919.webp\" width=\"686\" height=\"577\" title=\"ISKREMDATE: Harmon og kona s\u00e5 ut til \u00e5 nyte Los Angeles sin sommervarme - og kj\u00f8lte seg ned med en kald is. Foto: Niko Tyler \/ BackGrid via NTB\" alt=\"\" class=\"\" style=\"--aspect-ratio-image: 1.19; \"\/><\/p>\n<p>\n          ISKREMDATE: Harmon og kona s\u00e5 ut til \u00e5 nyte Los Angeles sin sommervarme &#8211; og kj\u00f8lte seg ned med en kald is. Foto: Niko Tyler \/ BackGrid via NTB\n      <\/p>\n<p>Med hvitt h\u00e5r og matchende \u00f8yenbryn, if\u00f8rt avslappede shorts og rutete skjorte, s\u00e5 TV-helten ut til \u00e5 nyte spaserturen med kona.\u00a0<\/p>\n<p>        STOPPER IKKE: Tiktok-kanalen til TV 2-programleder og journalist, Julie Thorsen, rennes ned av kommentarer om rumpa hennes. Det har f\u00e5tt programlederen til \u00e5 ta grep. Video: Tiktok@ektejulie\/ Kine Falch\/ Thea Hope\/ R\u00f8d L\u00f8per<\/p>\n<p>Til tross for at paret har holdt en lav profil etter at Harmon sa farvel til rollen som \u00abGibbs\u00bb, dukket han nylig opp i \u00abFreakier Friday\u00bb, oppf\u00f8lgeren til kultklassikeren \u00abFreaky Friday\u00bb med Jamie Lee Curtis (66) og Lindsay Lohan (39) i ledende roller.<\/p>\n<p>          <img loading=\"lazy\" decoding=\"async\" src=\"https:\/\/www.europesays.com\/no\/wp-content\/uploads\/2025\/09\/1758441849_751_83511943.webp\" width=\"686\" height=\"686\" title=\"TRUKKET SEG TILBAKE: Harmon og kona har holdt seg unna rampelyset siden han trakk seg fra serien. Foto: Niko Tyler \/ BackGrid\" alt=\"\" class=\"\" style=\"--aspect-ratio-image: 1.00; \"\/><\/p>\n<p>\n          TRUKKET SEG TILBAKE: Harmon og kona har holdt seg unna rampelyset siden han trakk seg fra serien. Foto: Niko Tyler \/ BackGrid\n      <\/p>\n<p>Tilbake i serien\t<\/p>\n<p>Harmon returnerte ogs\u00e5 til \u00abNCIS\u00bb-konseptet\u00a0 i 2024, men p\u00e5 en annen m\u00e5te enn folk kanskje hadde forestilt seg.\u00a0<\/p>\n<p>    <a itemprop=\"url\" href=\"https:\/\/www.dagbladet.no\/kjendis\/revet-vekk\/83609196\" rel=\"nofollow noopener\" target=\"_blank\"><\/p>\n<p>      <img loading=\"lazy\" decoding=\"async\" src=\"https:\/\/www.europesays.com\/no\/wp-content\/uploads\/2025\/09\/83609275.webp\" width=\"980\" height=\"441\" title=\"Revet vekk\" alt=\"\" class=\"lazyload\" style=\"--aspect-ratio-image: 2.22; \"\/><\/p>\n<p>        Revet vekk<\/p>\n<p>    <\/a><\/p>\n<p>Serien, som skildrer de tidlige \u00e5rene av Leroy Jethro Gibbs etterforskningskarriere, \u00abNCIS: Origin\u00bb, har Austin Stowell (40) i hovedrollen som den unge Gibbs, mens Harmon gj\u00f8r jobben som fortellerstemme.<\/p>\n<p>          <img loading=\"lazy\" decoding=\"async\" src=\"https:\/\/www.europesays.com\/no\/wp-content\/uploads\/2025\/09\/83612730.webp\" width=\"686\" height=\"467\" title=\"NYE GIBBS: Austin Stonewell skal fylle skoene til Mark Harmon som den unge leroy Gibbs. Foto: Michael Tran \/ NTB\" alt=\"\" class=\"\" style=\"--aspect-ratio-image: 1.47; \"\/><\/p>\n<p>\n          NYE GIBBS: Austin Stonewell skal fylle skoene til Mark Harmon som den unge leroy Gibbs. Foto: Michael Tran \/ NTB\n      <\/p>\n","protected":false},"excerpt":{"rendered":"Mark Harmon:\u00a0 Han var den kjekke og beinharde agenten med st\u00e5lblikk som trollbandt seerne, men s\u00e5 trakk han&hellip;\n","protected":false},"author":2,"featured_media":40748,"comment_status":"","ping_status":"","sticky":false,"template":"","format":"standard","meta":{"footnotes":""},"categories":[58],"tags":[71,479,6445,30,28,29,72],"class_list":{"0":"post-41027","1":"post","2":"type-post","3":"status-publish","4":"format-standard","5":"has-post-thumbnail","7":"category-underholdning","8":"tag-entertainment","9":"tag-kjendis","10":"tag-mark-harmon","11":"tag-no","12":"tag-norge","13":"tag-norway","14":"tag-underholdning"},"share_on_mastodon":{"url":"","error":""},"_links":{"self":[{"href":"https:\/\/www.europesays.com\/no\/wp-json\/wp\/v2\/posts\/41027","targetHints":{"allow":["GET"]}}],"collection":[{"href":"https:\/\/www.europesays.com\/no\/wp-json\/wp\/v2\/posts"}],"about":[{"href":"https:\/\/www.europesays.com\/no\/wp-json\/wp\/v2\/types\/post"}],"author":[{"embeddable":true,"href":"https:\/\/www.europesays.com\/no\/wp-json\/wp\/v2\/users\/2"}],"replies":[{"embeddable":true,"href":"https:\/\/www.europesays.com\/no\/wp-json\/wp\/v2\/comments?post=41027"}],"version-history":[{"count":0,"href":"https:\/\/www.europesays.com\/no\/wp-json\/wp\/v2\/posts\/41027\/revisions"}],"wp:featuredmedia":[{"embeddable":true,"href":"https:\/\/www.europesays.com\/no\/wp-json\/wp\/v2\/media\/40748"}],"wp:attachment":[{"href":"https:\/\/www.europesays.com\/no\/wp-json\/wp\/v2\/media?parent=41027"}],"wp:term":[{"taxonomy":"category","embeddable":true,"href":"https:\/\/www.europesays.com\/no\/wp-json\/wp\/v2\/categories?post=41027"},{"taxonomy":"post_tag","embeddable":true,"href":"https:\/\/www.europesays.com\/no\/wp-json\/wp\/v2\/tags?post=41027"}],"curies":[{"name":"wp","href":"https:\/\/api.w.org\/{rel}","templated":true}]}}