{"id":41031,"date":"2025-09-21T08:12:07","date_gmt":"2025-09-21T08:12:07","guid":{"rendered":"https:\/\/www.europesays.com\/no\/41031\/"},"modified":"2025-09-21T08:12:07","modified_gmt":"2025-09-21T08:12:07","slug":"samfunnet-bodo-utsolgt-da-studentene-flokket-til-samfunnet-litt-rart-men-veldig-goy","status":"publish","type":"post","link":"https:\/\/www.europesays.com\/no\/41031\/","title":{"rendered":"Samfunnet, Bod\u00f8 | Utsolgt da studentene flokket til Samfunnet: \u2013 Litt rart, men veldig g\u00f8y!"},"content":{"rendered":"<p>\n    Av <\/p>\n<p>  Jamal Khawaja<\/p>\n<p>Oppdatert: 21.09.25 08:44<\/p>\n<p>Publisert: 21.09.25 08:42<\/p>\n<p data-content=\"lead-text\" class=\"lead-text story&#10;        brick-c-SOGIC\">\n<p>        For fjerde gang ble Samfunnet i Bod\u00f8 fylt av dansende studenter med blinkende hodetelefoner. Rundt 350 billetter var solgt p\u00e5 forh\u00e5nd, og fra klokken 22:00 til 03:00 var det fullt hus med sang og dans.\n    <\/p>\n<p>    Plussmerking. Denne artikkelen kan bare leses av abonenter<\/p>\n<p>  For abonnenter<\/p>\n","protected":false},"excerpt":{"rendered":"Av Jamal Khawaja Oppdatert: 21.09.25 08:44 Publisert: 21.09.25 08:42 For fjerde gang ble Samfunnet i Bod\u00f8 fylt av&hellip;\n","protected":false},"author":2,"featured_media":41032,"comment_status":"","ping_status":"","sticky":false,"template":"","format":"standard","meta":{"footnotes":""},"categories":[58],"tags":[71,30,28,29,72],"class_list":{"0":"post-41031","1":"post","2":"type-post","3":"status-publish","4":"format-standard","5":"has-post-thumbnail","7":"category-underholdning","8":"tag-entertainment","9":"tag-no","10":"tag-norge","11":"tag-norway","12":"tag-underholdning"},"share_on_mastodon":{"url":"","error":""},"_links":{"self":[{"href":"https:\/\/www.europesays.com\/no\/wp-json\/wp\/v2\/posts\/41031","targetHints":{"allow":["GET"]}}],"collection":[{"href":"https:\/\/www.europesays.com\/no\/wp-json\/wp\/v2\/posts"}],"about":[{"href":"https:\/\/www.europesays.com\/no\/wp-json\/wp\/v2\/types\/post"}],"author":[{"embeddable":true,"href":"https:\/\/www.europesays.com\/no\/wp-json\/wp\/v2\/users\/2"}],"replies":[{"embeddable":true,"href":"https:\/\/www.europesays.com\/no\/wp-json\/wp\/v2\/comments?post=41031"}],"version-history":[{"count":0,"href":"https:\/\/www.europesays.com\/no\/wp-json\/wp\/v2\/posts\/41031\/revisions"}],"wp:featuredmedia":[{"embeddable":true,"href":"https:\/\/www.europesays.com\/no\/wp-json\/wp\/v2\/media\/41032"}],"wp:attachment":[{"href":"https:\/\/www.europesays.com\/no\/wp-json\/wp\/v2\/media?parent=41031"}],"wp:term":[{"taxonomy":"category","embeddable":true,"href":"https:\/\/www.europesays.com\/no\/wp-json\/wp\/v2\/categories?post=41031"},{"taxonomy":"post_tag","embeddable":true,"href":"https:\/\/www.europesays.com\/no\/wp-json\/wp\/v2\/tags?post=41031"}],"curies":[{"name":"wp","href":"https:\/\/api.w.org\/{rel}","templated":true}]}}