{"id":41035,"date":"2025-09-21T08:19:29","date_gmt":"2025-09-21T08:19:29","guid":{"rendered":"https:\/\/www.europesays.com\/no\/41035\/"},"modified":"2025-09-21T08:19:29","modified_gmt":"2025-09-21T08:19:29","slug":"ivar-boksle-78-er-dod","status":"publish","type":"post","link":"https:\/\/www.europesays.com\/no\/41035\/","title":{"rendered":"Ivar B\u00f8ksle (78) er d\u00f8d"},"content":{"rendered":"<p>\n        I SORG: Artisten og datteren Helene B\u00f8ksle melder om sin fars d\u00f8d l\u00f8rdag.<br \/>\n        Javad Parsa \/ NTB\n    <\/p>\n<p>    Den kjente og kj\u00e6re visesangeren Ivar B\u00f8ksle gikk bort l\u00f8rdag etter \u00e5 ha lidd av Alzheimers i lengre tid. \u2013 Et stort musikalsk forbilde, sier datteren Helene B\u00f8ksle.<\/p>\n<p>Det melder <a href=\"https:\/\/www.krs.no\/visesanger-ivar-boksle-er-gatt-bort\/s\/5-157-514465?utm_source=sdrn%3Avg%3Aarticle%3Ao34Av7\" target=\"_blank\" rel=\"nofollow noopener\">Avisen Kristiansand<\/a>.<\/p>\n<p>\u2013 Min far, Ivar B\u00f8ksle, har betydd sv\u00e6rt mye for meg p\u00e5 mange m\u00e5ter. Han har v\u00e6rt et stort musikalsk forbilde, og gitt meg en forankring til S\u00f8rlandet og visekunsten som alltid vil ligge i meg, sier datteren Helene B\u00f8ksle, selv er en profilert artist og skuespiller, til avisen.<\/p>\n<p>If\u00f8lge Avisen Kristiansand ble Ivar B\u00f8ksle f\u00f8dt 29. april 1947 i Kristiansand, men bodde store deler av livet utenfor Mandal.\u00a0<\/p>\n","protected":false},"excerpt":{"rendered":"I SORG: Artisten og datteren Helene B\u00f8ksle melder om sin fars d\u00f8d l\u00f8rdag. Javad Parsa \/ NTB Den&hellip;\n","protected":false},"author":2,"featured_media":41036,"comment_status":"","ping_status":"","sticky":false,"template":"","format":"standard","meta":{"footnotes":""},"categories":[58],"tags":[71,30,28,29,72],"class_list":{"0":"post-41035","1":"post","2":"type-post","3":"status-publish","4":"format-standard","5":"has-post-thumbnail","7":"category-underholdning","8":"tag-entertainment","9":"tag-no","10":"tag-norge","11":"tag-norway","12":"tag-underholdning"},"share_on_mastodon":{"url":"","error":""},"_links":{"self":[{"href":"https:\/\/www.europesays.com\/no\/wp-json\/wp\/v2\/posts\/41035","targetHints":{"allow":["GET"]}}],"collection":[{"href":"https:\/\/www.europesays.com\/no\/wp-json\/wp\/v2\/posts"}],"about":[{"href":"https:\/\/www.europesays.com\/no\/wp-json\/wp\/v2\/types\/post"}],"author":[{"embeddable":true,"href":"https:\/\/www.europesays.com\/no\/wp-json\/wp\/v2\/users\/2"}],"replies":[{"embeddable":true,"href":"https:\/\/www.europesays.com\/no\/wp-json\/wp\/v2\/comments?post=41035"}],"version-history":[{"count":0,"href":"https:\/\/www.europesays.com\/no\/wp-json\/wp\/v2\/posts\/41035\/revisions"}],"wp:featuredmedia":[{"embeddable":true,"href":"https:\/\/www.europesays.com\/no\/wp-json\/wp\/v2\/media\/41036"}],"wp:attachment":[{"href":"https:\/\/www.europesays.com\/no\/wp-json\/wp\/v2\/media?parent=41035"}],"wp:term":[{"taxonomy":"category","embeddable":true,"href":"https:\/\/www.europesays.com\/no\/wp-json\/wp\/v2\/categories?post=41035"},{"taxonomy":"post_tag","embeddable":true,"href":"https:\/\/www.europesays.com\/no\/wp-json\/wp\/v2\/tags?post=41035"}],"curies":[{"name":"wp","href":"https:\/\/api.w.org\/{rel}","templated":true}]}}