{"id":41043,"date":"2025-09-21T08:30:34","date_gmt":"2025-09-21T08:30:34","guid":{"rendered":"https:\/\/www.europesays.com\/no\/41043\/"},"modified":"2025-09-21T08:30:34","modified_gmt":"2025-09-21T08:30:34","slug":"debatt-villrein-med-tukt-skal-reinen-berges","status":"publish","type":"post","link":"https:\/\/www.europesays.com\/no\/41043\/","title":{"rendered":"Debatt, Villrein | Med tukt skal reinen berges"},"content":{"rendered":"\n<p>Klima- og milj\u00f8minister Andreas Bjelland Eriksen (Ap) skrur til. Mens andre tiltak skal gjennomf\u00f8res med lokal forankring og st\u00f8tte, fjernes parkeringsplassen p\u00e5 Spranget mot Sel kommunestyres vilje.<\/p>\n<p>Statsr\u00e5den overrasker. Forsiktigheten fra sist vinter og v\u00e5r er fortsatt der. Det meste av det som n\u00e5 ligger inne av tiltak, er forankret gjennom h\u00f8ring og folkem\u00f8ter. Lite er l\u00e5st. Egentlig er tiltaksplanen mest et arbeidsdokument for fortsatt dialog mellom stat, kommuner og lokale interesser. Kall det gjerne en fortsettelse av den store samtalen om hvordan bedre kvaliteten p\u00e5 villreinens leveomr\u00e5de. Det gjenst\u00e5r \u00e5 se hva det ender med.<\/p>\n<p>  <a href=\"https:\/\/www.gd.no\/5-18-2365033\" class=\"related-teaser has-image default-story-teaser article--c-eRUmMG article--c-eRUmMG-jKCPdD-design-default\" rel=\"nofollow noopener\" target=\"_blank\"><\/p>\n<p>    <img decoding=\"async\" loading=\"lazy\"  src=\"https:\/\/www.europesays.com\/no\/wp-content\/uploads\/2025\/09\/TO-SPRANGET+8.jpg\" alt=\"\" class=\"brick-c-cFOWSL\" style=\"\"\/><\/p>\n<p>\n            Les ogs\u00e5<\/p>\n<p>              Noen jubler \u2013 andre raser: \u2013 Statlig overkj\u00f8ring, mener varaordf\u00f8rer\n        <\/p>\n<p>  <\/a><\/p>\n<p>Regjeringen har m\u00e5l om at tiltakene i planen skal gjennomf\u00f8res raskest mulig, og senest i l\u00f8pet av den f\u00f8rste fire\u00e5rsperioden av tiltaksplanen. Enkle og lite konfliktfylte tiltak vil bli realisert raskt. Mer kompliserte og konfliktfylte tiltak, er i praksis satt p\u00e5 vent. Dels fordi gjennomf\u00f8ring m\u00e5 finansieres, dels p\u00e5 grunn av forsinkende byr\u00e5krati, og ogs\u00e5 fordi Regjeringen mener det er avgj\u00f8rende at planene har aksept b\u00e5de lokalt og hos ber\u00f8rte akt\u00f8rer. Bortsett fra i Sel. Bortsett fra den mest brukte innfallsporten til Rondane: Spranget.<\/p>\n<p>Regjeringen skrur til der motviljen har v\u00e6rt st\u00f8rst, og trosser det lokale kommunestyret. Nabolaget har gjort det mulig. I h\u00f8ring og p\u00e5 m\u00f8ter har mange pekt p\u00e5 Spranget og ferdselen herfra som den st\u00f8rste barrieren for villreinen. Det har blitt gitt tydelige beskjed om at hvis regjeringen ikke gj\u00f8r noe der, kan den glemme frivillige l\u00f8sninger andre steder.<\/p>\n<p>Med Spranget viser regjeringen at grunneier Statskog er verkt\u00f8yet den vil bruke for \u00e5 n\u00e5 m\u00e5let.<\/p>\n<p>Statskog SF f\u00e5r oppdraget med \u00e5 fjerne parkeringsplassen p\u00e5 Spranget. Departementet skaffer pengene. Statskog f\u00e5r med det en helt spesiell rolle i fors\u00f8ket p\u00e5 \u00e5 bedre kvaliteten p\u00e5 leveomr\u00e5det. Kanskje ogs\u00e5 som et slags ris bak speilet. For Rondanes del, er Statskog grunneier p\u00e5 store deler av villreinomr\u00e5det. Der fors\u00f8k p\u00e5 \u00e5 finne frivillige l\u00f8sninger havarerer, kan vi f\u00e5 flere eksempler p\u00e5 at regjeringen bruker Statskog for alt hva Statskog er verdt.<\/p>\n<p>S\u00e5 er det ikke slik at ministeren slenger d\u00f8ra i fleisen p\u00e5 selv\u00e6rene. Han \u00e5pner for dialog og samarbeid b\u00e5de med Sel kommune og Rondane\u2013Dovre nasjonalparkstyre om oppf\u00f8lging av tiltakene. Det kommunen vil ha minst igjen for, er \u00e5 sette seg p\u00e5 bakbeina. Og det som definitivt er et feilspor, er \u00e5 gj\u00f8re dette til en sak som handler om jaktinteresser og tiltak uten forankring i fag og forskning.<\/p>\n<p>Bunken med publisert forskning er rimelig h\u00f8y, og solid nok til at den blir m\u00f8tt med b\u00e5de politiske og folkelige erkjennelser andre steder.<\/p>\n<p>Kanskje er det grunn til \u00e5 se p\u00e5 jaktut\u00f8velsen, og hvordan denne p\u00e5virker dyra. Men hvordan stopp i jakta og en st\u00f8rre stamme skal gj\u00f8re kvaliteten p\u00e5 leveomr\u00e5det bedre og dyra mindre skr\u00f8pelige, er det vanskelig \u00e5 begripe.<\/p>\n<p>S\u00e5 kan man si at Sel med avvikling av Spranget rammes hardt, og hardere enn andre. Kanskje kunne man ha bedt om et grundig arbeid ogs\u00e5 n\u00e5r det gjelder konsekvenser av det som n\u00e5 skjer, blant annet for lokalt n\u00e6ringsliv og folk som har dette som sitt n\u00e6re paradis. Det er legitimt \u00e5 mene at omkostningene blir for store, og det er forst\u00e5elig at folk som f\u00f8ler at de n\u00e5 mister noe f\u00f8ler seg overkj\u00f8rt.<\/p>\n<p>Det g\u00e5r det kanskje an \u00e5 snakke med statsr\u00e5den om, n\u00e5r han inviterer til samarbeid og samtaler om stedsutvikling av Mysus\u00e6ter.<\/p>\n","protected":false},"excerpt":{"rendered":"Klima- og milj\u00f8minister Andreas Bjelland Eriksen (Ap) skrur til. Mens andre tiltak skal gjennomf\u00f8res med lokal forankring og&hellip;\n","protected":false},"author":2,"featured_media":41044,"comment_status":"","ping_status":"","sticky":false,"template":"","format":"standard","meta":{"footnotes":""},"categories":[10],"tags":[36,20,21,37,24,25,15,6485,22,23,1744,13,30,28,29,14,1533,16,6243,1430,26,27,6242],"class_list":{"0":"post-41043","1":"post","2":"type-post","3":"status-publish","4":"format-standard","5":"has-post-thumbnail","7":"category-norge","8":"tag-art","9":"tag-breaking-news","10":"tag-breakingnews","11":"tag-debatt","12":"tag-featured-news","13":"tag-featurednews","14":"tag-headlines","15":"tag-jostein-hernaes","16":"tag-latest-news","17":"tag-latestnews","18":"tag-natur-og-miljo","19":"tag-news","20":"tag-no","21":"tag-norge","22":"tag-norway","23":"tag-nyheter","24":"tag-opinion","25":"tag-overskrifter","26":"tag-rondane","27":"tag-sel","28":"tag-top-stories","29":"tag-topstories","30":"tag-villrein"},"share_on_mastodon":{"url":"","error":""},"_links":{"self":[{"href":"https:\/\/www.europesays.com\/no\/wp-json\/wp\/v2\/posts\/41043","targetHints":{"allow":["GET"]}}],"collection":[{"href":"https:\/\/www.europesays.com\/no\/wp-json\/wp\/v2\/posts"}],"about":[{"href":"https:\/\/www.europesays.com\/no\/wp-json\/wp\/v2\/types\/post"}],"author":[{"embeddable":true,"href":"https:\/\/www.europesays.com\/no\/wp-json\/wp\/v2\/users\/2"}],"replies":[{"embeddable":true,"href":"https:\/\/www.europesays.com\/no\/wp-json\/wp\/v2\/comments?post=41043"}],"version-history":[{"count":0,"href":"https:\/\/www.europesays.com\/no\/wp-json\/wp\/v2\/posts\/41043\/revisions"}],"wp:featuredmedia":[{"embeddable":true,"href":"https:\/\/www.europesays.com\/no\/wp-json\/wp\/v2\/media\/41044"}],"wp:attachment":[{"href":"https:\/\/www.europesays.com\/no\/wp-json\/wp\/v2\/media?parent=41043"}],"wp:term":[{"taxonomy":"category","embeddable":true,"href":"https:\/\/www.europesays.com\/no\/wp-json\/wp\/v2\/categories?post=41043"},{"taxonomy":"post_tag","embeddable":true,"href":"https:\/\/www.europesays.com\/no\/wp-json\/wp\/v2\/tags?post=41043"}],"curies":[{"name":"wp","href":"https:\/\/api.w.org\/{rel}","templated":true}]}}