{"id":41045,"date":"2025-09-21T08:32:09","date_gmt":"2025-09-21T08:32:09","guid":{"rendered":"https:\/\/www.europesays.com\/no\/41045\/"},"modified":"2025-09-21T08:32:09","modified_gmt":"2025-09-21T08:32:09","slug":"stenshorne-krasjet-i-hovedlopet-i-baku-nedtur-i-formel-2-debuten","status":"publish","type":"post","link":"https:\/\/www.europesays.com\/no\/41045\/","title":{"rendered":"Stenshorne krasjet i hovedl\u00f8pet i Baku \u2013 nedtur i Formel 2-debuten"},"content":{"rendered":"\n<p class=\"_lead_ew2ao_2 _lead_xtcu6_50 layout-component text-serif-m layout-normal text-serif-l layout-component layout-wide layout-padded _wide_17hqh_1 layout-padded\">Martinius Stenshorne (19) fikk en lovende start p\u00e5 hovedl\u00f8pet i Formel 2 i Aserbajdsjan, men krasjet i reklameveggen og m\u00e5tte bryte l\u00f8pet. <\/p>\n<p> <img class=\"_image_qp4xg_65 layout-component layout-wide\" data-fullscreen- data-track-element-type=\"Article image fullscreen\" data-track-name=\"ImageFullscreen\" fetchpriority=\"high\" decoding=\"sync\" loading=\"eager\" height=\"102\" itemprop=\"image\"  src=\"https:\/\/www.europesays.com\/no\/wp-content\/uploads\/2025\/09\/e9ea5c79b0d4a747babe7c5d5e04ba65.jpg\"  style=\"object-position:50% 50%;aspect-ratio:1.75;height:auto;object-fit:cover;width:100%\" width=\"102\"\/>  <\/p>\n<ul aria-hidden=\"true\" class=\"_images_1y6fe_106\">\n<li><a class=\"_link_1y6fe_111\" href=\"https:\/\/www.vg.no\/forfatter\/ntb\" style=\"z-index:1\" title=\"NTB\" rel=\"nofollow noopener\" target=\"_blank\"><img alt=\"Bilde av NTB\" class=\"_image_1y6fe_88\" fetchpriority=\"low\" loading=\"lazy\" decoding=\"async\" itemprop=\"image\"  src=\"https:\/\/www.europesays.com\/no\/wp-content\/uploads\/2025\/09\/1758443529_416_c33980b0-5d07-4027-84a1-813f90a7c8d6\"  width=\"480\"\/><\/a><\/li>\n<\/ul>\n<p> Oppdatert s\u00f8ndag 21. september kl. 09:48     <\/p>\n<p class=\"_paragraph_ew2ao_4 _paragraph_xtcu6_10 layout-component text-serif-m layout-normal text-serif-m layout-padded\">Stenshorne debuterte i <a href=\"https:\/\/www.vg.no\/tag\/formel-2?utm_source=vg-article&amp;utm_medium=auto-tagger&amp;utm_campaign=wgw8J5\" class=\"_link_ew2ao_39\" rel=\"nofollow noopener\" target=\"_blank\">Formel 2<\/a> denne helgen og har imponert mange, til tross for b\u00e5de biltr\u00f8bbel og krasj. Det startet allerede under fredagens kvalifisering da han seg sikret seg det sjuende beste startsporet i hovedl\u00f8pet. <\/p>\n<p class=\"_paragraph_ew2ao_4 _paragraph_xtcu6_10 layout-component text-serif-m layout-normal text-serif-m layout-padded\">Stenshorne startet solid og klatret to plasser i l\u00f8pet av de f\u00f8rste svingene i s\u00f8ndagens l\u00f8p p\u00e5 den spektakul\u00e6re gatebanen i Baku. Kort tid etterp\u00e5 tok Stenshorne seg opp p\u00e5 4.-plass med enda en forbikj\u00f8ring. <\/p>\n<p class=\"_paragraph_ew2ao_4 _paragraph_xtcu6_10 layout-component text-serif-m layout-normal text-serif-m layout-padded\">\u2013 Det er str\u00e5lende kj\u00f8rt. Det var en god start, utbr\u00f8t Viaplay-kommentator Atle Gulbrandsen. <\/p>\n<p class=\"_paragraph_ew2ao_4 _paragraph_xtcu6_10 layout-component text-serif-m layout-normal text-serif-m layout-padded\">Senere feilberegnet Stenshorne en sving og kolliderte. Dermed m\u00e5tte han stoppe l\u00f8pet etter bare noen runder. <\/p>\n<p class=\"_paragraph_ew2ao_4 _paragraph_xtcu6_10 layout-component text-serif-m layout-normal text-serif-m layout-padded\">\u2013 Jeg har det fint, sa nordmannen over teamradioen kort tid etter sammenst\u00f8tet med veggen. <\/p>\n<p><img alt=\"Martinius Stenshorne i Trident-bilen under Formel 2.   Foto: Darko Bandic \/ AP \/ NTB\" class=\"_image_qp4xg_65 layout-component layout-normal\" data-fullscreen- data-track-element-type=\"Article image fullscreen\" data-track-name=\"ImageFullscreen\" decoding=\"async\" loading=\"lazy\" height=\"2910\" itemprop=\"image\"  src=\"https:\/\/www.europesays.com\/no\/wp-content\/uploads\/2025\/09\/b9aea5d1-98a5-4bab-b98e-b4ad15ce858f\"  style=\"object-position:0% 0%\" width=\"4366\"\/>Martinius Stenshorne i Trident-bilen under Formel 2.   Foto: Darko Bandic \/ AP \/ NTB<\/p>\n<p class=\"_paragraph_ew2ao_4 _paragraph_xtcu6_10 layout-component text-serif-m layout-normal text-serif-m layout-padded\">L\u00f8rdag fikk 19-\u00e5ringen ogs\u00e5 en god start p\u00e5 sprintl\u00f8pet og l\u00e5 i toppsjiktet p\u00e5 de f\u00f8rste rundene, men grunnet problemer med bilen m\u00e5tte han bryte l\u00f8pet. <\/p>\n<p class=\"_paragraph_ew2ao_4 _paragraph_xtcu6_10 layout-component text-serif-m layout-normal text-serif-m layout-padded\">Hokksund-mannen er allerede klar for Formel 2-kj\u00f8ring neste sesong og fikk en forsmak p\u00e5 niv\u00e5et for Trident-teamet denne helgen. Det er ikke kjent hvilket lag Stenshorne skal kj\u00f8re for i Formel 2 neste sesong, men det er snakk om et nytt lag som enn\u00e5 ikke har f\u00e5tt navn.<\/p>\n<p class=\"_paragraph_ew2ao_4 _paragraph_xtcu6_10 layout-component text-serif-m layout-normal text-serif-m layout-padded\">Det gjenst\u00e5r to runder av Formel 2-sesongen etter Baku. Det er ikke kjent om Stenshorne f\u00e5r sjansen for Trident ogs\u00e5 der.<\/p>\n","protected":false},"excerpt":{"rendered":"Martinius Stenshorne (19) fikk en lovende start p\u00e5 hovedl\u00f8pet i Formel 2 i Aserbajdsjan, men krasjet i reklameveggen&hellip;\n","protected":false},"author":2,"featured_media":41046,"comment_status":"","ping_status":"","sticky":false,"template":"","format":"standard","meta":{"footnotes":""},"categories":[59],"tags":[3940,3939,30,28,29,83,82],"class_list":{"0":"post-41045","1":"post","2":"type-post","3":"status-publish","4":"format-standard","5":"has-post-thumbnail","7":"category-sport","8":"tag-formel-2","9":"tag-martinius-stenshorne","10":"tag-no","11":"tag-norge","12":"tag-norway","13":"tag-sport","14":"tag-sports"},"share_on_mastodon":{"url":"","error":""},"_links":{"self":[{"href":"https:\/\/www.europesays.com\/no\/wp-json\/wp\/v2\/posts\/41045","targetHints":{"allow":["GET"]}}],"collection":[{"href":"https:\/\/www.europesays.com\/no\/wp-json\/wp\/v2\/posts"}],"about":[{"href":"https:\/\/www.europesays.com\/no\/wp-json\/wp\/v2\/types\/post"}],"author":[{"embeddable":true,"href":"https:\/\/www.europesays.com\/no\/wp-json\/wp\/v2\/users\/2"}],"replies":[{"embeddable":true,"href":"https:\/\/www.europesays.com\/no\/wp-json\/wp\/v2\/comments?post=41045"}],"version-history":[{"count":0,"href":"https:\/\/www.europesays.com\/no\/wp-json\/wp\/v2\/posts\/41045\/revisions"}],"wp:featuredmedia":[{"embeddable":true,"href":"https:\/\/www.europesays.com\/no\/wp-json\/wp\/v2\/media\/41046"}],"wp:attachment":[{"href":"https:\/\/www.europesays.com\/no\/wp-json\/wp\/v2\/media?parent=41045"}],"wp:term":[{"taxonomy":"category","embeddable":true,"href":"https:\/\/www.europesays.com\/no\/wp-json\/wp\/v2\/categories?post=41045"},{"taxonomy":"post_tag","embeddable":true,"href":"https:\/\/www.europesays.com\/no\/wp-json\/wp\/v2\/tags?post=41045"}],"curies":[{"name":"wp","href":"https:\/\/api.w.org\/{rel}","templated":true}]}}