{"id":41049,"date":"2025-09-21T08:37:17","date_gmt":"2025-09-21T08:37:17","guid":{"rendered":"https:\/\/www.europesays.com\/no\/41049\/"},"modified":"2025-09-21T08:37:17","modified_gmt":"2025-09-21T08:37:17","slug":"oivind-74-overlevde-det-utrolige","status":"publish","type":"post","link":"https:\/\/www.europesays.com\/no\/41049\/","title":{"rendered":"\u00d8ivind (74) overlevde det utrolige:"},"content":{"rendered":"<p>STATHELLE, TELEMARK (Dagbladet): &#8211; Fy fader, s\u00e5 glad jeg er i livet. Jeg forst\u00e5r ikke at jeg overlevde.<\/p>\n<p>\u00d8ivind Fjeldvik (74) sitter i stua si p\u00e5 D\u00f8rdal i Bamble, i en gr\u00e5, nuppete og litt sliten lenestol.<\/p>\n<p>&#8211; Den fikk jeg av hjelpemiddelsentralen, sier han.\u00a0<\/p>\n<p>Vi er p\u00e5 bes\u00f8k hos \u00d8ivind fordi han dagen i forveien sendte oss en e-post. Han skriver:<\/p>\n<p>\u00abJeg vil fortelle min historie for \u00e5 vise hvor viktig det er \u00e5 forlange hjelp n\u00e5r det trengs, og at man m\u00e5 ta vare p\u00e5 hverandre. Det kan fort bli for seint.\u00bb<\/p>\n<p>Det har \u00d8ivind erfart.<\/p>\n<p>Historien hans starter 6. januar i \u00e5r. Den f\u00f8rste mandagen i \u00e5ret. Det er et enormt sn\u00f8v\u00e6r ute.<\/p>\n<p>\u00d8ivind er alene hjemme. S\u00f8nnen John \u00d8ivind (26), som tidvis bor hjemme hos ham, er p\u00e5 bes\u00f8k hos moren sin.<\/p>\n<p>&#8211; Jeg var p\u00e5 vei inn i stua da jeg merket at noe var galt, forteller pensjonisten.<\/p>\n<p>          <img loading=\"lazy\" decoding=\"async\" src=\"https:\/\/www.europesays.com\/no\/wp-content\/uploads\/2025\/09\/83593915.webp\" width=\"686\" height=\"460\" title=\"SKJEDDE PLUTSELIG: Helt ut av det bl\u00e5 merket \u00d8ivind at noe var riv ruskende galt. Foto: J\u00f8rn H. Moen \/ Dagbladet\" alt=\"\" class=\"\" style=\"--aspect-ratio-image: 1.49; \"\/><\/p>\n<p>\n          SKJEDDE PLUTSELIG: Helt ut av det bl\u00e5 merket \u00d8ivind at noe var riv ruskende galt. Foto: J\u00f8rn H. Moen \/ Dagbladet\n      <\/p>\n<p>Han opplever problemer med \u00e5 puste og har veldig vondt i brystet.<\/p>\n<p>Klokka 20.15 ringer \u00d8ivind legevakta i Bamble, beskriver smertene og den tunge pusten, gjenforteller han til Dagbladet.<\/p>\n<p>If\u00f8lge telefonloggen varer samtalen i rundt fire minutter, sier han.<\/p>\n<p class=\"font-weight-bold m-font-weight-bold\" data-lab-font_weight=\"font-weight-bold\">&#8211; Jeg fikk beskjed om \u00e5 ta en paracet og legge meg, opplever \u00d8ivind at han ble fortalt.<\/p>\n<p>Han velger \u00e5 bli hjemme og snart legge seg.<\/p>\n<p>Bamble kommune, og vedkommende p\u00e5 legevakta som tok telefonen, er forelagt kritikken som framkommer i denne saken.<\/p>\n<p>I en e-post til Dagbladet skriver kommuneoverlege Anders M\u00f8lmen at de er veldig glade for at det har g\u00e5tt bra med \u00d8ivind Fjeldvik.<\/p>\n<p class=\"font-weight-bold m-font-weight-bold\" data-lab-font_weight=\"font-weight-bold\">Samtidig sier han at de, etter \u00e5 ha h\u00f8rt gjennom lydloggene, ikke kjenner seg igjen i beskrivelsen som er gitt i artikkelen.<\/p>\n<p class=\"font-weight-bold m-font-weight-bold\" data-lab-font_weight=\"font-weight-bold\">\u00a0Historien som f\u00f8lger, er slik \u00d8ivind selv opplever det.<\/p>\n<p>          <img loading=\"lazy\" decoding=\"async\" src=\"https:\/\/www.europesays.com\/no\/wp-content\/uploads\/2025\/09\/83593919.webp\" width=\"686\" height=\"460\" title=\"EN LANG VEI: \u00d8ivind sier at han fortsatt sliter litt med pusten og psyken. Foto: J\u00f8rn H. Moen \/ Dagbladet\" alt=\"\" class=\"\" style=\"--aspect-ratio-image: 1.49; \"\/><\/p>\n<p>\n          EN LANG VEI: \u00d8ivind sier at han fortsatt sliter litt med pusten og psyken. Foto: J\u00f8rn H. Moen \/ Dagbladet\n      <\/p>\n<p>74-\u00e5ringen rekker heldigvis ikke\u00a0\u00e5 komme seg inn p\u00e5 soverommet. Han blir avbrutt av s\u00f8nnen som uanmeldt kommer hjem.<\/p>\n<p>Rein flaks, if\u00f8lge far og s\u00f8nn.\u00a0<\/p>\n<p>&#8211; Hadde jeg kommet inn d\u00f8ra bare noen minutter seinere, s\u00e5 hadde nok pappa allerede lagt seg, sier 26-\u00e5ringen.<\/p>\n<p class=\"font-weight-bold m-font-weight-bold\" data-lab-font_weight=\"font-weight-bold\">&#8211; Da hadde jeg trolig aldri v\u00e5knet igjen, fortsetter \u00d8ivind.<\/p>\n<p>S\u00f8nnen har ingen anelse om at faren f\u00f8ler seg d\u00e5rlig, men ser raskt at han er veldig syk.<\/p>\n<p>\u00d8ivind er bleik, enormt oppbl\u00e5st i buken og svetter.<\/p>\n<p>S\u00f8nnen John \u00d8ivind ringer legevakta, han ogs\u00e5, klokka 21.15.<\/p>\n<p>&#8211; Han tagg og ba om \u00e5 f\u00e5 en lege hit, for det var et voldsomt sn\u00f8v\u00e6r ute, husker pappaen.<\/p>\n<p>          <img loading=\"lazy\" decoding=\"async\" src=\"https:\/\/www.europesays.com\/no\/wp-content\/uploads\/2025\/09\/83593921.webp\" width=\"686\" height=\"460\" title=\"NY GIV: \u00d8ivind f\u00f8ler han har f\u00e5tt livet i gave. Og n\u00e5 vil han leve det. Foto: J\u00f8rn H. Moen \/ Dagbladet\" alt=\"\" class=\"\" style=\"--aspect-ratio-image: 1.49; \"\/><\/p>\n<p>\n          NY GIV: \u00d8ivind f\u00f8ler han har f\u00e5tt livet i gave. Og n\u00e5 vil han leve det. Foto: J\u00f8rn H. Moen \/ Dagbladet\n      <\/p>\n<p>Men far og s\u00f8nn opplever at det er uaktuelt for legevakta \u00e5 rekvirere ut en ambulanse.<\/p>\n<p>De sier de f\u00e5r beskjed om \u00e5 ta seg dit ved egen hjelp, og at de blir bedt om \u00e5 komme innen en time.<\/p>\n<p> &#8211; Dersom pasienten har misforst\u00e5tt noe i kommunikasjonen med legevakten s\u00e5 beklager vi det sterkt, og vil ta opp med alle ansatte at det er viktig at kommunikasjonen er presis og at man forvisser seg om at innringer har forst\u00e5tt riktig det man pr\u00f8ver \u00e5 formidle, skriver kommuneoverlege Anders M\u00f8lmen i en e-post til Dagbladet.<\/p>\n<p>Bilen som John \u00d8ivind parkerte for en time siden har allerede rukket \u00e5 sn\u00f8 ned.<\/p>\n<p>\u00d8ivind stabber seg ut i v\u00e6ret, henger i tak-h\u00e5ndtaket mens s\u00f8nnen fors\u00f8ker \u00e5 holde bilen p\u00e5 veien.<\/p>\n<p>John \u00d8ivind kj\u00f8rer seg fast i sn\u00f8f\u00f8yka utenfor legevakta,<\/p>\n<p>74-\u00e5ringen g\u00e5r de siste 20 meterne.<\/p>\n<p>Inne p\u00e5 legevakta f\u00f8ler \u00d8ivind at han m\u00e5 vente lenge. Han g\u00e5r p\u00e5 do, spyr opp blod.<\/p>\n<p>&#8211; Det tok s\u00e5 lang tid. Jeg vurderte \u00e5 skrike \u00abhjelp\u00bb av full hals, minnes \u00d8ivind.<\/p>\n<p>          <img loading=\"lazy\" decoding=\"async\" src=\"https:\/\/www.europesays.com\/no\/wp-content\/uploads\/2025\/09\/83593913.webp\" width=\"686\" height=\"460\" title=\"TAKKNEMLIG: - Jeg er veldig glad jeg har en s\u00f8nn som har bodd hjemme, sier \u00d8ivind. Foto: J\u00f8rn H. Moen \/ Dagbladet\" alt=\"\" class=\"\" style=\"--aspect-ratio-image: 1.49; \"\/><\/p>\n<p>\n          TAKKNEMLIG: &#8211; Jeg er veldig glad jeg har en s\u00f8nn som har bodd hjemme, sier \u00d8ivind. Foto: J\u00f8rn H. Moen \/ Dagbladet\n      <\/p>\n<p>Han blir tatt med inn til en lege, hvor han opplever \u00e5 bli tatt p\u00e5 alvor. N\u00e5 blir det br\u00e5hast.<\/p>\n<p>If\u00f8lge 74-\u00e5ringen tar det ikke lang tid f\u00f8r han ligger p\u00e5 en b\u00e5re i en ambulanse. Full fart p\u00e5 vei til sykehuset Telemark i Skien.<\/p>\n<p>Derfra blir \u00d8ivind sendt videre til T\u00f8nsberg sykehus.<\/p>\n<p>&#8211; Jeg visste ikke hvor g\u00e6rent det var f\u00f8r jeg kom til T\u00f8nsberg, sier \u00d8ivind.<\/p>\n<p>Han beskriver hvordan narkosemaska nesten var p\u00e5 f\u00f8r han hadde rukket \u00e5 bli b\u00e5ret inn p\u00e5 sykehuset.<\/p>\n<p>\u00abD\u00f8r jeg, s\u00e5 d\u00f8r jeg\u00bb, husker \u00d8ivind at han tenkte.<\/p>\n<p>S\u00f8nnen John \u00d8ivind, som har fulgt etter ambulansen i egen bil, forbereder seg p\u00e5 at pappaen hans kanskje ikke overlever.<\/p>\n<p class=\"font-weight-bold m-font-weight-bold\" data-lab-font_weight=\"font-weight-bold\">74-\u00e5ringens tilstand er kritisk. Hovedpuls\u00e5ra har sprukket, og det har g\u00e5tt mange timer.<\/p>\n<p>          <img loading=\"lazy\" decoding=\"async\" src=\"https:\/\/www.europesays.com\/no\/wp-content\/uploads\/2025\/09\/83593922.webp\" width=\"686\" height=\"460\" title=\"MERKET: Det tok tid f\u00f8r \u00d8ivind orket \u00e5 se arret i speilet, sier han. Foto: J\u00f8rn H. Moen \/ Dagbladet\" alt=\"\" class=\"\" style=\"--aspect-ratio-image: 1.49; \"\/><\/p>\n<p>\n          MERKET: Det tok tid f\u00f8r \u00d8ivind orket \u00e5 se arret i speilet, sier han. Foto: J\u00f8rn H. Moen \/ Dagbladet\n      <\/p>\n<p>&#8211; I ni- ti-tida p\u00e5 morgenen var han fortsatt i operasjon, sier s\u00f8nnen, som fikk en oppdatering fra sykehuset.<\/p>\n<p>\u00d8ivind tilbringer de neste \u00e5tte\u00a0ukene p\u00e5 sykehuset og rehabilitering. Han har blitt fortalt at hjertet hans stoppet et par ganger under operasjonen.\u00a0<\/p>\n<p>Han mottok ogs\u00e5 blodoverf\u00f8ring, forteller han.<\/p>\n<p>&#8211; Jeg fikk inntrykk av at legene ikke hadde opplevd noen som har overlevd i s\u00e5 mange timer med sprukket hovedpuls\u00e5re, sier s\u00f8nnen.<\/p>\n<p>    Sprukket hovedpuls\u00e5re<br \/>(aortadisseksjon)<\/p>\n<p class=\"font-weight-bold m-font-weight-bold\" data-lab-font_weight=\"font-weight-bold\"> To typer:<\/p>\n<ul>\n<li>Type A:\u00a0Oppst\u00e5r i den delen av hovedpuls\u00e5ren som g\u00e5r ut fra hjertet (mest alvorlig).<\/li>\n<li>Type B:\u00a0Oppst\u00e5r lengre ned i bryst-\/bukpuls\u00e5ren.<\/li>\n<\/ul>\n<p class=\"font-weight-bold m-font-weight-bold\" data-lab-font_weight=\"font-weight-bold\">Symptomer:<\/p>\n<ul>\n<li>Plutselige, ekstreme brystsmerter, ofte med str\u00e5ling til rygg eller mage.<\/li>\n<li>Kan gi besvimelse, ulik puls\/blodtrykk i armene eller nevrologiske symptomer.<\/li>\n<\/ul>\n<p class=\"font-weight-bold m-font-weight-bold\" data-lab-font_weight=\"font-weight-bold\">D\u00f8delighet:<\/p>\n<ul>\n<li>Type A:\u00a0Uten rask operasjon d\u00f8r de fleste i l\u00f8pet av\u00a0timer til f\u00e5 d\u00f8gn. Med kirurgi er d\u00f8deligheten fortsatt h\u00f8y (7\u201336 %).<\/li>\n<li>Type B:\u00a0Lavere akutt d\u00f8delighet, rundt\u00a011 % f\u00f8rste m\u00e5ned\u00a0ved medisinsk behandling.<\/li>\n<\/ul>\n<p class=\"font-weight-bold m-font-weight-bold\" data-lab-font_weight=\"font-weight-bold\">Kort fortalt:\u00a0<\/p>\n<p class=\"font-weight-normal m-font-weight-normal\" data-lab-font_weight=\"font-weight-normal\">Type A-disseksjon er en akutt livstruende tilstand der pasienten m\u00e5 opereres umiddelbart for \u00e5 ha sjanse til \u00e5 overleve.<\/p>\n<p class=\"font-weight-normal m-font-weight-normal\" data-lab-font_weight=\"font-weight-normal\">Kilde:\u00a0<a href=\"http:\/\/metodebok.nohttps\/\/metodebok.no\/index.php?action=topic&amp;item=WqtDc87n\" target=\"_blank\" rel=\"nofollow noopener\">metodebok.no<\/a><\/p>\n<p>      Vis mer<br \/>\n      Vis mindre<\/p>\n<p>74-\u00e5ringen forteller at hovedpuls\u00e5ra sprakk i ryggen. Det er trolig grunnen til at han overlevde.<\/p>\n<p>&#8211; I ryggen blir den liggende som en kompress mot ryggmargen, forklarer \u00d8ivind.<\/p>\n<p>Blodlekkasjen ble begrenset.<\/p>\n<p class=\"font-weight-bold m-font-weight-bold\" data-lab-font_weight=\"font-weight-bold\">&#8211; Hadde den sprukket i magen s\u00e5 hadde jeg nok v\u00e6rt ferdig, tror han.<\/p>\n<p>I ettertid har han s\u00f8kt opp p\u00e5 internett hvor d\u00f8delig tilstanden er, og han ble sjokkert da han fant ut at de fleste med den mest alvorlige formen for sprukket hovedpuls\u00e5re kan d\u00f8 i l\u00f8pet av timer &#8211; eller f\u00e5 d\u00f8gn.<\/p>\n<p>Etter operasjonen forteller \u00d8ivind han ble overv\u00e5ket kontinuerlig.<\/p>\n<p> &#8211; Sannsynligheten for at det skulle g\u00e5 bra, var vel p\u00e5 linje med en lottogevinst, sier han. <\/p>\n<p>Til alt hell lever \u00d8ivind i dag. Men veien har v\u00e6rt lang og hard.<\/p>\n<p>&#8211; Det tok tid f\u00f8r jeg turte \u00e5 se meg selv i speilet. Arret er i dag et bevis p\u00e5 hva jeg har overlevd, sier han.<\/p>\n<p class=\"font-weight-normal m-font-weight-normal\" data-lab-font_weight=\"font-weight-normal\">Daglig tar han \u00e5tte ulike medisiner. Han har ogs\u00e5\u00a0f\u00e5tt operert inn et kateter.<\/p>\n<p>          <img loading=\"lazy\" decoding=\"async\" src=\"https:\/\/www.europesays.com\/no\/wp-content\/uploads\/2025\/09\/83593920.webp\" width=\"686\" height=\"494\" title=\"SYSTEM: \u00d8ivind sier han daglig tar \u00e5tte ulike piller. Foto: J\u00f8rn H. Moen \/ Dagbladet\" alt=\"\" class=\"\" style=\"--aspect-ratio-image: 1.39; \"\/><\/p>\n<p>\n          SYSTEM: \u00d8ivind sier han daglig tar \u00e5tte ulike piller. Foto: J\u00f8rn H. Moen \/ Dagbladet\n      <\/p>\n<p>74-\u00e5ringen hyller helsevesenet\u00a0som reddet ham, tross det han opplevde i forkant av innleggelsen. \u00d8ivind mener det lett kunne endt med d\u00f8den.<\/p>\n<p>Det er derfor han \u00f8nsker \u00e5 fortelle sin historie.<\/p>\n<p>&#8211; Man m\u00e5 st\u00e5 p\u00e5 og forlange hjelp. Jeg var nok litt for beskjeden og litt for snill. Da var det godt \u00e5 f\u00e5 hjelp av s\u00f8nnen min.<\/p>\n<p class=\"font-weight-bold m-font-weight-bold\" data-lab-font_weight=\"font-weight-bold\">&#8211; Hvis jeg hadde v\u00e6rt alene s\u00e5 hadde jeg ikke sittet her i dag.<\/p>\n<p>Han mener menn er d\u00e5rlige p\u00e5 \u00e5 ta ting p\u00e5 alvor.<\/p>\n<p>&#8211; Vi skal liksom ikke v\u00e6re til bry. Jeg burde jo ha ringt 113 med en gang.<\/p>\n<p>Kommuneoverlege Anders M\u00f8lmen sier til Dagbladet at han gjerne tar imot \u00d8ivind for en prat og gjennomgang av hendelsen, dersom han \u00f8nsker det. <\/p>\n<p>Pensjonisten blir bedre for hver dag som g\u00e5r. Men han sliter med svimmelhet og har en del mareritt.<\/p>\n<p>&#8211; Jeg dr\u00f8mmer veldig ofte at jeg d\u00f8r.<\/p>\n<p>Det tror han er fordi han opplever d\u00e5rlig samvittighet for \u00e5 v\u00e6re i live.<\/p>\n<p>&#8211; Jeg har blitt fortalt at det er vanlig blant folk som har v\u00e6rt d\u00f8den n\u00e6r. Det \u00e5 ha d\u00e5rlig samvittighet for \u00e5 ha overlevd. Det er jo s\u00e5 mange som ikke klarer seg.<\/p>\n<p>S\u00f8nnen John \u00d8ivind synes det er rart.<\/p>\n<p>&#8211; Det er vanskelig for oss \u00e5 forst\u00e5. Men det tok veldig lang tid for ham \u00e5 skj\u00f8nne hvor alvorlig det var. Det var f\u00f8rst i forrige uke at det begynte \u00e5 g\u00e5 opp for ham, sier 26-\u00e5ringen.<\/p>\n<p>          <img loading=\"lazy\" decoding=\"async\" src=\"https:\/\/www.europesays.com\/no\/wp-content\/uploads\/2025\/09\/83593918.webp\" width=\"686\" height=\"460\" title=\"VIL SELGE: Tre m\u00e5neder etter operasjonen falt \u00d8ivind i trappa og slo bakhodet. Han \u00f8nsker n\u00e5 \u00e5 selge huset. Foto: J\u00f8rn H. Moen \/ Dagbladet\" alt=\"\" class=\"\" style=\"--aspect-ratio-image: 1.49; \"\/><\/p>\n<p>\n          VIL SELGE: Tre m\u00e5neder etter operasjonen falt \u00d8ivind i trappa og slo bakhodet. Han \u00f8nsker n\u00e5 \u00e5 selge huset. Foto: J\u00f8rn H. Moen \/ Dagbladet\n      <\/p>\n<p class=\"italic m-italic\" data-lab-italic=\"italic\">&#8211; Ser du annerledes p\u00e5 livet i dag?<\/p>\n<p>&#8211; Ja, n\u00e5 vet jeg hvor br\u00e5tt livet kan snu. Jeg var frisk, gikk inn i stua og ble br\u00e5tt d\u00e5rlig. Bare det \u00e5 ta de signalene, det er s\u00e5 viktig. Og det er det nok ikke alle som gj\u00f8r.<\/p>\n<p>I dag har \u00d8ivind en trygghetsalarm. Den fikk han testet skikkelig da han n\u00f8yaktig tre m\u00e5neder etter operasjonen falt i trappa og slo hodet i betongen.<\/p>\n<p>Han er str\u00e5lende forn\u00f8yd med hjelpemiddelet.<\/p>\n<p>&#8211; Og det er bedre \u00e5 trykke p\u00e5 den en gang for mye, enn for lite, p\u00e5peker s\u00f8nnen.<\/p>\n<p>          <img loading=\"lazy\" decoding=\"async\" src=\"https:\/\/www.europesays.com\/no\/wp-content\/uploads\/2025\/09\/83593912.webp\" width=\"686\" height=\"460\" title=\"DR\u00d8MMER: \u00d8ivind \u00f8nsker \u00e5 oppleve verden, f\u00f8r det er for seint, sier han. Foto: J\u00f8rn H. Moen \/ Dagbladet\" alt=\"\" class=\"\" style=\"--aspect-ratio-image: 1.49; \"\/><\/p>\n<p>\n          DR\u00d8MMER: \u00d8ivind \u00f8nsker \u00e5 oppleve verden, f\u00f8r det er for seint, sier han. Foto: J\u00f8rn H. Moen \/ Dagbladet\n      <\/p>\n<p>74-\u00e5ringen, som fikk p\u00e5vist kols for noen \u00e5r siden, tok uvitende sitt siste trekk den skjebnesvangre dagen i januar.<\/p>\n<p>&#8211; Jeg har r\u00f8yket i over 60 \u00e5r, men den dagen var det stopp. Jeg er stolt av meg selv.<\/p>\n<p>Han dr\u00f8mmer om \u00e5 selge huset og kj\u00f8pe seg en bobil. Kj\u00f8re rundt og oppleve verden.<\/p>\n<p class=\"font-weight-bold m-font-weight-bold\" data-lab-font_weight=\"font-weight-bold\">&#8211; Plutselig er det for seint, minner \u00d8ivind oss p\u00e5.<\/p>\n<p>    Les hele svaret fra Bamble kommune<\/p>\n<p>&#8211; F\u00f8rst og fremst m\u00e5 jeg p\u00e5 vegne av alle p\u00e5 legevakten si at vi er veldig glade for at det har g\u00e5tt bra med pasienten, skriver kommuneoverlege Anders M\u00f8lmen i en e-post til Dagbladet.<\/p>\n<p>&#8211; Etter \u00e5 ha gjennomg\u00e5tt lydloggen av begge samtalene med legevakten s\u00e5 samsvarer ikke dette med opplysningene som er angitt i artikkelen.<\/p>\n<p>&#8211; Vi kjenner oss ikke igjen i den beskrivelsen som er gitt i artikkelen. Grunnet taushetsplikten kan vi dessverre ikke g\u00e5 n\u00e6rmere inn p\u00e5 detaljene i dette.<\/p>\n<p>&#8211; Dersom pasienten har misforst\u00e5tt noe i kommunikasjon med legevakten s\u00e5 beklager vi det sterkt, og vil ta opp med alle ansatte at det er viktig at kommunikasjonen er presis og at man forvisser seg om at innringer har forst\u00e5tt riktig det man pr\u00f8ver \u00e5 formidle. Kommunikasjon er noe vi alltid pr\u00f8ver \u00e5 bli bedre p\u00e5.<\/p>\n<p>&#8211; Jeg tar gjerne imot pasienten til en prat og gjennomgang av hendelsen dersom han \u00f8nsker det.\u00a0<\/p>\n<p>      Vis mer<br \/>\n      Vis mindre<\/p>\n","protected":false},"excerpt":{"rendered":"STATHELLE, TELEMARK (Dagbladet): &#8211; Fy fader, s\u00e5 glad jeg er i livet. Jeg forst\u00e5r ikke at jeg overlevde.&hellip;\n","protected":false},"author":2,"featured_media":41050,"comment_status":"","ping_status":"","sticky":false,"template":"","format":"standard","meta":{"footnotes":""},"categories":[10],"tags":[1696,20,21,24,25,15,2539,22,23,13,30,28,29,14,16,4005,26,27],"class_list":{"0":"post-41049","1":"post","2":"type-post","3":"status-publish","4":"format-standard","5":"has-post-thumbnail","7":"category-norge","8":"tag-bamble","9":"tag-breaking-news","10":"tag-breakingnews","11":"tag-featured-news","12":"tag-featurednews","13":"tag-headlines","14":"tag-innenriks","15":"tag-latest-news","16":"tag-latestnews","17":"tag-news","18":"tag-no","19":"tag-norge","20":"tag-norway","21":"tag-nyheter","22":"tag-overskrifter","23":"tag-some","24":"tag-top-stories","25":"tag-topstories"},"share_on_mastodon":{"url":"","error":""},"_links":{"self":[{"href":"https:\/\/www.europesays.com\/no\/wp-json\/wp\/v2\/posts\/41049","targetHints":{"allow":["GET"]}}],"collection":[{"href":"https:\/\/www.europesays.com\/no\/wp-json\/wp\/v2\/posts"}],"about":[{"href":"https:\/\/www.europesays.com\/no\/wp-json\/wp\/v2\/types\/post"}],"author":[{"embeddable":true,"href":"https:\/\/www.europesays.com\/no\/wp-json\/wp\/v2\/users\/2"}],"replies":[{"embeddable":true,"href":"https:\/\/www.europesays.com\/no\/wp-json\/wp\/v2\/comments?post=41049"}],"version-history":[{"count":0,"href":"https:\/\/www.europesays.com\/no\/wp-json\/wp\/v2\/posts\/41049\/revisions"}],"wp:featuredmedia":[{"embeddable":true,"href":"https:\/\/www.europesays.com\/no\/wp-json\/wp\/v2\/media\/41050"}],"wp:attachment":[{"href":"https:\/\/www.europesays.com\/no\/wp-json\/wp\/v2\/media?parent=41049"}],"wp:term":[{"taxonomy":"category","embeddable":true,"href":"https:\/\/www.europesays.com\/no\/wp-json\/wp\/v2\/categories?post=41049"},{"taxonomy":"post_tag","embeddable":true,"href":"https:\/\/www.europesays.com\/no\/wp-json\/wp\/v2\/tags?post=41049"}],"curies":[{"name":"wp","href":"https:\/\/api.w.org\/{rel}","templated":true}]}}